{"id":104764,"date":"2024-09-30T11:20:30","date_gmt":"2024-09-30T17:20:30","guid":{"rendered":"https:\/\/ovelanalista.com\/?p=104764"},"modified":"2024-09-30T11:00:56","modified_gmt":"2024-09-30T17:00:56","slug":"amlo-priorizo-visitar-sinaloa-en-su-sexenio-que-reunirse-con-los-damnificados-de-acapulco","status":"publish","type":"post","link":"https:\/\/ovelanalista.com\/?p=104764","title":{"rendered":"AMLO prioriz\u00f3 visitar Sinaloa en su sexenio que reunirse con los damnificados de Acapulco"},"content":{"rendered":"<header class=\"main-article--header\">\n<p class=\"bajada\">El puerto tur\u00edstico fue golpeado el a\u00f1o pasado por el hurac\u00e1n &#8220;Otis&#8221; y en este mes por &#8220;John&#8221;, pero el mandatario se rehus\u00f3 a reunirse con los afectados con el pretexto de que era &#8220;temporada de buitres&#8221;.<\/p>\n<p>Mientras que Guerrero, Oaxaca y Michoac\u00e1n\u00a0se sum\u00edan en un<strong>\u00a0estado de alerta<\/strong>\u00a0por el paso del hurac\u00e1n &#8220;John&#8221;, el presidente<strong>\u00a0Andr\u00e9s Manuel L\u00f3pez Obrador\u00a0<\/strong>prefiri\u00f3 viajar a Sinaloa la tarde del viernes y volver a ignorar a los damnificados, en particular a los de Acapulco, como lo hizo con los afectados por &#8220;Otis&#8221; en octubre del a\u00f1o pasado.<\/p>\n<p>El sexenio de L\u00f3pez Obrador estuvo marcado por su<strong>\u00a0favoritismo hacia Sinaloa,<\/strong>\u00a0entidad que visit\u00f3 alrededor de 15 veces. En el \u00faltimo mes, fue al menos en tres\u00a0ocasiones.<\/p>\n<p>La \u00faltima visita del mandatario al estado fue el pasad<strong>o 27 de septiembre<\/strong>\u00a0para inaugurar\u00a0la\u00a0zona de riego de la presa Santa Mar\u00eda\u00a0en el municipio de El Rosario. Sin embargo, su visita estuvo opacada por el hallazgo posterior de una camioneta en la capital de Sinaloa con\u00a0la leyenda &#8220;Bienvenidos a Culiac\u00e1n&#8221;, en cuyo interior hab\u00eda varios cuerpos.<\/p>\n<p>En estas semanas, L\u00f3pez Obrador ha dedicado buena parte de sus conferencias matutinas a\u00a0<strong>desestimar la violencia\u00a0<\/strong>que azota en Sinaloa desde el pasado 9 de septiembre.<\/p>\n<p>Incluso, en una de sus\u00a0conferencias matutinas pidi\u00f3\u00a0a los criminales atender las recomendaciones que emiti\u00f3\u00a0<strong>Ismael &#8220;El Mayo&#8221; Zambada\u00a0<\/strong>sobre la\u00a0no violencia, en la carta que su abogado envi\u00f3 a los medios tras su detenci\u00f3n en julio pasado.<\/p>\n<p>Diez d\u00edas despu\u00e9s de que empezara la violencia, el mandatario\u00a0se\u00f1al\u00f3 a<strong>\u00a0Estados Unidos\u00a0<\/strong>como responsable de la violencia en Sinaloa por haber realizado un operativo para la detenci\u00f3n de &#8220;El Mayo&#8221;, la\u00a0cual, seg\u00fan la carta publicada por el narcotraficante, se realiz\u00f3 tras un secuestro por parte de\u00a0<strong>Joaqu\u00edn Guzm\u00e1n L\u00f3pez<\/strong>\u00a0para ser llevado a ese pa\u00eds y ser entregado a la justicia.<\/p>\n<p>Estas acusaciones las volvi\u00f3 a hacer en su \u00faltima visita a Sinaloa, donde asegur\u00f3 que &#8220;durante todo el gobierno,\u00a0no tuvimos ning\u00fan\u00a0problema. Fue en estos \u00faltimos d\u00edas, estos \u00faltimos meses, por una\u00a0decisi\u00f3n\u00a0que tomaron que no fue correcta y que se fragu\u00f3 en el extranjero,\u00a0por eso no aceptamos nosotros el injerencismo,\u00a0no somos colonia, somos un\u00a0pa\u00eds\u00a0libre e independiente, soberano&#8221;.<\/p>\n<p>Previamente, el mandatario, junto con la presidenta electa\u00a0<strong>Claudia Sheinbaum<\/strong>,\u00a0hab\u00eda visitado Sinaloa el 10 de agosto, d\u00eda en que fue publicada la carta,\u00a0y tambi\u00e9n lo hicieron el d\u00eda 25\u00a0del mismo mes.<\/p>\n<p>En contraste, el presidente nunca quiso reunirse con los damnificados de Acapulco por el hurac\u00e1n &#8220;Otis&#8221; y se limitaba a encontrarse a puerta cerrada con diversas autoridades. Interrogado en su momento al respecto, respondi\u00f3 que &#8220;era temporada de zopilotes&#8221; y, en alusi\u00f3n a los medios de comunicaci\u00f3n, que estaban &#8220;como buitres&#8221;.<\/p>\n<p>Lo mismo dijo en relaci\u00f3n con las inundaciones en\u00a0<strong>Chalco<\/strong>, Estado de M\u00e9xico, y justific\u00f3:&#8221;Tengo que cuidar la investidura presidencial, o sea, no Andr\u00e9s Manuel, \u00bfno? Ya una vez que yo entregue la banda presidencial, pues ya voy a ser Andr\u00e9s Manuel, de Tepetit\u00e1n, ya&#8221;.<\/p>\n<p>Por su parte, Sheinbaum anunci\u00f3 este domingo que uno de sus primeros actos como presidenta ser\u00e1\u00a0<strong>visitar Acapulco<\/strong>\u00a0la tarde del mi\u00e9rcoles para hacer una evaluaci\u00f3n de los da\u00f1os y formular planes para continuar con la ayuda a los damnificados.<\/p>\n<\/header>\n<p>&nbsp;<\/p>\n<p>Con informaci\u00f3n de Latinus<\/p>\n","protected":false},"excerpt":{"rendered":"<p>El puerto tur\u00edstico fue golpeado el a\u00f1o pasado por el hurac\u00e1n &#8220;Otis&#8221; y en este mes por &#8220;John&#8221;, pero el mandatario se rehus\u00f3 a reunirse con los afectados con el pretexto de que era &#8220;temporada de buitres&#8221;. Mientras que Guerrero, Oaxaca y Michoac\u00e1n\u00a0se sum\u00edan en un\u00a0estado de alerta\u00a0por el paso del hurac\u00e1n &#8220;John&#8221;, el presidente\u00a0Andr\u00e9s Manuel L\u00f3pez Obrador\u00a0prefiri\u00f3 viajar a Sinaloa la tarde del viernes y volver a ignorar a los damnificados, en particular a los de Acapulco, como lo hizo con los afectados por &#8220;Otis&#8221; en octubre del a\u00f1o pasado. El sexenio de L\u00f3pez Obrador estuvo marcado por su\u00a0favoritismo [&hellip;]<\/p>\n","protected":false},"author":3,"featured_media":104772,"comment_status":"open","ping_status":"open","sticky":false,"template":"","format":"standard","meta":{"_jetpack_newsletter_access":"","_jetpack_dont_email_post_to_subs":false,"_jetpack_newsletter_tier_id":0,"_jetpack_memberships_contains_paywalled_content":false,"_jetpack_feature_clip_id":0,"_jetpack_memberships_contains_paid_content":false,"footnotes":"","jetpack_publicize_message":"","jetpack_publicize_feature_enabled":true,"jetpack_social_post_already_shared":true,"jetpack_social_options":{"image_generator_settings":{"template":"highway","default_image_id":0,"font":"","enabled":false},"version":2},"jetpack_post_was_ever_published":false},"categories":[90,75,72],"tags":[],"class_list":["post-104764","post","type-post","status-publish","format-standard","has-post-thumbnail","hentry","category-estatal","category-nacional","category-portada","post--single"],"jetpack_publicize_connections":[],"jetpack_featured_media_url":"https:\/\/ovelanalista.com\/wp-content\/uploads\/2024\/09\/amlo-1.webp","jetpack_sharing_enabled":true,"_links":{"self":[{"href":"https:\/\/ovelanalista.com\/index.php?rest_route=\/wp\/v2\/posts\/104764","targetHints":{"allow":["GET"]}}],"collection":[{"href":"https:\/\/ovelanalista.com\/index.php?rest_route=\/wp\/v2\/posts"}],"about":[{"href":"https:\/\/ovelanalista.com\/index.php?rest_route=\/wp\/v2\/types\/post"}],"author":[{"embeddable":true,"href":"https:\/\/ovelanalista.com\/index.php?rest_route=\/wp\/v2\/users\/3"}],"replies":[{"embeddable":true,"href":"https:\/\/ovelanalista.com\/index.php?rest_route=%2Fwp%2Fv2%2Fcomments&post=104764"}],"version-history":[{"count":1,"href":"https:\/\/ovelanalista.com\/index.php?rest_route=\/wp\/v2\/posts\/104764\/revisions"}],"predecessor-version":[{"id":104774,"href":"https:\/\/ovelanalista.com\/index.php?rest_route=\/wp\/v2\/posts\/104764\/revisions\/104774"}],"wp:featuredmedia":[{"embeddable":true,"href":"https:\/\/ovelanalista.com\/index.php?rest_route=\/wp\/v2\/media\/104772"}],"wp:attachment":[{"href":"https:\/\/ovelanalista.com\/index.php?rest_route=%2Fwp%2Fv2%2Fmedia&parent=104764"}],"wp:term":[{"taxonomy":"category","embeddable":true,"href":"https:\/\/ovelanalista.com\/index.php?rest_route=%2Fwp%2Fv2%2Fcategories&post=104764"},{"taxonomy":"post_tag","embeddable":true,"href":"https:\/\/ovelanalista.com\/index.php?rest_route=%2Fwp%2Fv2%2Ftags&post=104764"}],"curies":[{"name":"wp","href":"https:\/\/api.w.org\/{rel}","templated":true}]}}