{"id":104783,"date":"2024-09-30T12:00:34","date_gmt":"2024-09-30T18:00:34","guid":{"rendered":"https:\/\/ovelanalista.com\/?p=104783"},"modified":"2024-09-30T11:11:41","modified_gmt":"2024-09-30T17:11:41","slug":"culiacan-enfrenta-la-cuarta-semana-de-violencia-con-nuevos-asesinatos-y-saqueos-de-comercios","status":"publish","type":"post","link":"https:\/\/ovelanalista.com\/?p=104783","title":{"rendered":"Culiac\u00e1n enfrenta la cuarta semana de violencia con nuevos asesinatos y saqueos de comercios"},"content":{"rendered":"<div class=\"sc__header mx-auto  lg:max-w-screen-lg \">\n<p class=\"subTitle text-2xl mb-5\">Dos asesinatos y robos en 25 negocios marcan el incremento de la inseguridad, mientras la polic\u00eda enfrenta revisi\u00f3n de armamento por parte de la SEDENA.<\/p>\n<div id=\"fusion-app\" role=\"application\">\n<div class=\"w-full \">\n<div class=\"mx-auto w-full md:max-w-screen-md lg:max-w-screen-lg story-content\">\n<div class=\" w-full md:p-2.5 flex\">\n<div class=\"content-story \" role=\"main\">\n<div class=\"content md:flex \">\n<div class=\"columm2\" data-mrf-recirculation=\"Nota - Enlaces P\u00e1rrafos\">\n<div class=\"sc pl-3\">\n<section>\n<p class=\"sc__font-paragraph\"><b>Culiac\u00e1n, Sin<\/b>. a 30 de Sep.- Inicio la cuarta semana de\u00a0<a href=\"https:\/\/www.eluniversal.com.mx\/opinion\/observatorio-nacional-ciudadano\/sinaloa-la-indiferencia-ante-la-tragedia\/\" target=\"_blank\" rel=\"noopener\" data-mrf-link=\"https:\/\/www.eluniversal.com.mx\/opinion\/observatorio-nacional-ciudadano\/sinaloa-la-indiferencia-ante-la-tragedia\/\"><b>violencia<\/b><\/a>\u00a0con el hallazgo de dos personas m\u00e1s asesinadas en diversos puntos del estado y nuevos\u00a0<b>saqueos<\/b>\u00a0de comercios, una de ellas una tienda deportiva, ubicada en la calle Rafael Buelna, esquina con Domingo Rub\u00ed en pleno centro de la capital del estado.<\/p>\n<p class=\"sc__font-paragraph\">En el campo pesquero de las Arenitas, del nuevo municipio de Eldorado fue localizado el cuerpo de una persona del sexo masculino con\u00a0<b>impactos de bala<\/b>, en esa zona durante la noche del domingo pasado se report\u00f3 un<b>\u00a0enfrentamiento<\/b>\u00a0entre civiles, sin embargo, las autoridades expusieron que no encontraron evidencias del hecho.<\/p>\n<p class=\"sc__font-paragraph\">Las autoridades judiciales fueron notificados que en el fraccionamiento Infonavit las Flores, en la parte poniente de Culiac\u00e1n fue abandonado el cuerpo de un hombre, de apariencia joven, al que le colocaron una cobija para cubrirlo.<\/p>\n<p class=\"sc__font-paragraph\">Un reporte a las l\u00edneas de emergencia durante las primeras horas de este lunes, ubic\u00f3 a la victima, muy cerca de las v\u00edas del tren, sin que se le encontrara identificaci\u00f3n entre sus ropas.<\/p>\n<p class=\"sc__font-paragraph\">El pasado fin de semana, el alcalde de Culiac\u00e1n, Juan de Dios G\u00e1mez Mend\u00edvil acept\u00f3 que un total de 25 negocios comerciales y tiendas departamentales han sido objeto de saqueos por personas desconocidas.<\/p>\n<p class=\"sc__font-paragraph\">Los robos y saqueos se multiplicaron a ra\u00edz de que los elementos de la Polic\u00eda y elementos de tr\u00e1nsito municipal son objeto de revisi\u00f3n de las armas que portan por parte de personal de la Secretaria de la Defensa Nacional por lo que estos no est\u00e1n trabajando.<\/p>\n<\/section>\n<\/div>\n<\/div>\n<\/div>\n<\/div>\n<\/div>\n<\/div>\n<\/div>\n<\/div>\n<\/div>\n<p>&nbsp;<\/p>\n<p>Con informaci\u00f3n de El Universal<\/p>\n<div class=\"story-image mx-auto  lg:max-w-screen-lg\"><picture class=\"story__pic block w-full justify-center flex\"><source class=\" lazyloading\" srcset=\"https:\/\/www.eluniversal.com.mx\/resizer\/v2\/QMAESJPQEREA3IYNUKFQMRM66Y.jpeg?auth=5607e0e7863c9461ff358c4740312a4dab2a2d30758de337a7375bc9ac418436&amp;smart=true&amp;width=300&amp;height=165\" media=\"(max-width: 360px)\" data-srcset=\"https:\/\/www.eluniversal.com.mx\/resizer\/v2\/QMAESJPQEREA3IYNUKFQMRM66Y.jpeg?auth=5607e0e7863c9461ff358c4740312a4dab2a2d30758de337a7375bc9ac418436&amp;smart=true&amp;width=300&amp;height=165\" \/><\/picture><\/div>\n","protected":false},"excerpt":{"rendered":"<p>Dos asesinatos y robos en 25 negocios marcan el incremento de la inseguridad, mientras la polic\u00eda enfrenta revisi\u00f3n de armamento por parte de la SEDENA. Culiac\u00e1n, Sin. a 30 de Sep.- Inicio la cuarta semana de\u00a0violencia\u00a0con el hallazgo de dos personas m\u00e1s asesinadas en diversos puntos del estado y nuevos\u00a0saqueos\u00a0de comercios, una de ellas una tienda deportiva, ubicada en la calle Rafael Buelna, esquina con Domingo Rub\u00ed en pleno centro de la capital del estado. En el campo pesquero de las Arenitas, del nuevo municipio de Eldorado fue localizado el cuerpo de una persona del sexo masculino con\u00a0impactos de bala, [&hellip;]<\/p>\n","protected":false},"author":3,"featured_media":104789,"comment_status":"open","ping_status":"open","sticky":false,"template":"","format":"standard","meta":{"_jetpack_newsletter_access":"","_jetpack_dont_email_post_to_subs":false,"_jetpack_newsletter_tier_id":0,"_jetpack_memberships_contains_paywalled_content":false,"_jetpack_feature_clip_id":0,"_jetpack_memberships_contains_paid_content":false,"footnotes":"","jetpack_publicize_message":"","jetpack_publicize_feature_enabled":true,"jetpack_social_post_already_shared":true,"jetpack_social_options":{"image_generator_settings":{"template":"highway","default_image_id":0,"font":"","enabled":false},"version":2},"jetpack_post_was_ever_published":false},"categories":[90,72],"tags":[],"class_list":["post-104783","post","type-post","status-publish","format-standard","has-post-thumbnail","hentry","category-estatal","category-portada","post--single"],"jetpack_publicize_connections":[],"jetpack_featured_media_url":"https:\/\/ovelanalista.com\/wp-content\/uploads\/2024\/09\/Captura-de-Pantalla-2024-09-30-a-las-10.09.58.png","jetpack_sharing_enabled":true,"_links":{"self":[{"href":"https:\/\/ovelanalista.com\/index.php?rest_route=\/wp\/v2\/posts\/104783","targetHints":{"allow":["GET"]}}],"collection":[{"href":"https:\/\/ovelanalista.com\/index.php?rest_route=\/wp\/v2\/posts"}],"about":[{"href":"https:\/\/ovelanalista.com\/index.php?rest_route=\/wp\/v2\/types\/post"}],"author":[{"embeddable":true,"href":"https:\/\/ovelanalista.com\/index.php?rest_route=\/wp\/v2\/users\/3"}],"replies":[{"embeddable":true,"href":"https:\/\/ovelanalista.com\/index.php?rest_route=%2Fwp%2Fv2%2Fcomments&post=104783"}],"version-history":[{"count":1,"href":"https:\/\/ovelanalista.com\/index.php?rest_route=\/wp\/v2\/posts\/104783\/revisions"}],"predecessor-version":[{"id":104790,"href":"https:\/\/ovelanalista.com\/index.php?rest_route=\/wp\/v2\/posts\/104783\/revisions\/104790"}],"wp:featuredmedia":[{"embeddable":true,"href":"https:\/\/ovelanalista.com\/index.php?rest_route=\/wp\/v2\/media\/104789"}],"wp:attachment":[{"href":"https:\/\/ovelanalista.com\/index.php?rest_route=%2Fwp%2Fv2%2Fmedia&parent=104783"}],"wp:term":[{"taxonomy":"category","embeddable":true,"href":"https:\/\/ovelanalista.com\/index.php?rest_route=%2Fwp%2Fv2%2Fcategories&post=104783"},{"taxonomy":"post_tag","embeddable":true,"href":"https:\/\/ovelanalista.com\/index.php?rest_route=%2Fwp%2Fv2%2Ftags&post=104783"}],"curies":[{"name":"wp","href":"https:\/\/api.w.org\/{rel}","templated":true}]}}