{"id":104788,"date":"2024-09-30T12:10:07","date_gmt":"2024-09-30T18:10:07","guid":{"rendered":"https:\/\/ovelanalista.com\/?p=104788"},"modified":"2024-09-30T11:13:17","modified_gmt":"2024-09-30T17:13:17","slug":"amanece-culiacan-con-un-hombre-asesinado-sobre-el-bulevar-pedro-infante","status":"publish","type":"post","link":"https:\/\/ovelanalista.com\/?p=104788","title":{"rendered":"Amanece Culiac\u00e1n con un hombre asesinado sobre el bulevar Pedro Infante"},"content":{"rendered":"<div class=\"lead font-1 fs18\">El reporte se dio en el sector Del Valle, la v\u00edctima es un masculino de entre 25 y 30 a\u00f1os.<\/div>\n<div><\/div>\n<div>\n<p>En las primeras horas de este lunes encontraron a un hombre asesinado sobre el bulevar Pedro Infante, en el sector Del Valle, al poniente de Culiac\u00e1n.<\/p>\n<p>El reporte se dio alrededor de las 6:00 horas, sobre el cad\u00e1ver ubicado cerca de las v\u00edas del tren.<\/p>\n<\/div>\n<div class=\"paragraph\">\n<p>La v\u00edctima es un masculino de entre 25 y 30 a\u00f1os, a quien encontraron boca arriba, con las extremidades extendidas y \u00fanicamente vest\u00eda un pantal\u00f3n color caqui y tenis color rojos.<\/p>\n<\/div>\n<div class=\"multimediaMacroWrapper\">\n<div class=\"contentMedia art-img\">\n<figure class=\"cutlineShow\">\n<div><img loading=\"lazy\" decoding=\"async\" title=\"Amanece Culiac\u00e1n con un hombre asesinado sobre el bulevar Pedro Infante\" src=\"https:\/\/www.noroeste.com.mx\/binrepository\/1599x899\/0c0\/0d0\/none\/12707\/CYRH\/muerto-02-1_1-8258116_20240930080623.jpg\" sizes=\"auto, 1000\" srcset=\"\/\/www.noroeste.com.mx\/binrepository\/1599x899\/0c0\/0d0\/none\/12707\/CYRH\/muerto-02-1_1-8258116_20240930080623.jpg 1599w,\/\/www.noroeste.com.mx\/binrepository\/1333x749\/0c0\/0d0\/none\/12707\/CYRD\/muerto-02-1_1-8258116_20240930080623.jpg 1333w,\/\/www.noroeste.com.mx\/binrepository\/1066x599\/0c0\/0d0\/none\/12707\/CYRP\/muerto-02-1_1-8258116_20240930080623.jpg 1066w,\/\/www.noroeste.com.mx\/binrepository\/800x450\/0c0\/0d0\/none\/12707\/CYRX\/muerto-02-1_1-8258116_20240930080623.jpg 800w,\/\/www.noroeste.com.mx\/binrepository\/533x300\/0c0\/0d0\/none\/12707\/CYRQ\/muerto-02-1_1-8258116_20240930080623.jpg 533w,\/\/www.noroeste.com.mx\/binrepository\/300x169\/0c0\/0d0\/none\/12707\/CYRC\/muerto-02-1_1-8258116_20240930080623.jpg 300w\" alt=\"$!Amanece Culiac\u00e1n con un hombre asesinado sobre el bulevar Pedro Infante\" width=\"1599\" height=\"899\" \/><\/div>\n<\/figure>\n<\/div>\n<\/div>\n<div class=\"paragraph\">\n<p>El occiso ten\u00eda una manta colocada a la altura de la cadera.<\/p>\n<p>El cuerpo presenta herida de bala del lado derecho del t\u00f3rax, as\u00ed como heridas y sangre en la cara.<\/p>\n<p>Sus manos se encontraban sujetadas por un cincho, y cerca del cad\u00e1ver hab\u00eda un trozo de cuerda naranja.<\/p>\n<div data-google-query-id=\"CJiZxPmO64gDFbLt9QIdxPk2YQ\">Autoridades de la Polic\u00eda Estatal llegaron para acordonar el \u00e1rea, previo al arribo del Servicio M\u00e9dico Forense.<\/div>\n<\/div>\n<div data-google-query-id=\"CJiZxPmO64gDFbLt9QIdxPk2YQ\"><\/div>\n<div data-google-query-id=\"CJiZxPmO64gDFbLt9QIdxPk2YQ\">Con informaci\u00f3n de Noroeste<\/div>\n","protected":false},"excerpt":{"rendered":"<p>El reporte se dio en el sector Del Valle, la v\u00edctima es un masculino de entre 25 y 30 a\u00f1os. En las primeras horas de este lunes encontraron a un hombre asesinado sobre el bulevar Pedro Infante, en el sector Del Valle, al poniente de Culiac\u00e1n. El reporte se dio alrededor de las 6:00 horas, sobre el cad\u00e1ver ubicado cerca de las v\u00edas del tren. La v\u00edctima es un masculino de entre 25 y 30 a\u00f1os, a quien encontraron boca arriba, con las extremidades extendidas y \u00fanicamente vest\u00eda un pantal\u00f3n color caqui y tenis color rojos. El occiso ten\u00eda una [&hellip;]<\/p>\n","protected":false},"author":3,"featured_media":104792,"comment_status":"open","ping_status":"open","sticky":false,"template":"","format":"standard","meta":{"_jetpack_newsletter_access":"","_jetpack_dont_email_post_to_subs":false,"_jetpack_newsletter_tier_id":0,"_jetpack_memberships_contains_paywalled_content":false,"_jetpack_feature_clip_id":0,"_jetpack_memberships_contains_paid_content":false,"footnotes":"","jetpack_publicize_message":"","jetpack_publicize_feature_enabled":true,"jetpack_social_post_already_shared":true,"jetpack_social_options":{"image_generator_settings":{"template":"highway","default_image_id":0,"font":"","enabled":false},"version":2},"jetpack_post_was_ever_published":false},"categories":[90,72],"tags":[],"class_list":["post-104788","post","type-post","status-publish","format-standard","has-post-thumbnail","hentry","category-estatal","category-portada","post--single"],"jetpack_publicize_connections":[],"jetpack_featured_media_url":"https:\/\/ovelanalista.com\/wp-content\/uploads\/2024\/09\/muerto-01-1_1-8258009_20240930080623.jpg","jetpack_sharing_enabled":true,"_links":{"self":[{"href":"https:\/\/ovelanalista.com\/index.php?rest_route=\/wp\/v2\/posts\/104788","targetHints":{"allow":["GET"]}}],"collection":[{"href":"https:\/\/ovelanalista.com\/index.php?rest_route=\/wp\/v2\/posts"}],"about":[{"href":"https:\/\/ovelanalista.com\/index.php?rest_route=\/wp\/v2\/types\/post"}],"author":[{"embeddable":true,"href":"https:\/\/ovelanalista.com\/index.php?rest_route=\/wp\/v2\/users\/3"}],"replies":[{"embeddable":true,"href":"https:\/\/ovelanalista.com\/index.php?rest_route=%2Fwp%2Fv2%2Fcomments&post=104788"}],"version-history":[{"count":1,"href":"https:\/\/ovelanalista.com\/index.php?rest_route=\/wp\/v2\/posts\/104788\/revisions"}],"predecessor-version":[{"id":104793,"href":"https:\/\/ovelanalista.com\/index.php?rest_route=\/wp\/v2\/posts\/104788\/revisions\/104793"}],"wp:featuredmedia":[{"embeddable":true,"href":"https:\/\/ovelanalista.com\/index.php?rest_route=\/wp\/v2\/media\/104792"}],"wp:attachment":[{"href":"https:\/\/ovelanalista.com\/index.php?rest_route=%2Fwp%2Fv2%2Fmedia&parent=104788"}],"wp:term":[{"taxonomy":"category","embeddable":true,"href":"https:\/\/ovelanalista.com\/index.php?rest_route=%2Fwp%2Fv2%2Fcategories&post=104788"},{"taxonomy":"post_tag","embeddable":true,"href":"https:\/\/ovelanalista.com\/index.php?rest_route=%2Fwp%2Fv2%2Ftags&post=104788"}],"curies":[{"name":"wp","href":"https:\/\/api.w.org\/{rel}","templated":true}]}}