{"id":104791,"date":"2024-09-30T12:20:17","date_gmt":"2024-09-30T18:20:17","guid":{"rendered":"https:\/\/ovelanalista.com\/?p=104791"},"modified":"2024-09-30T11:16:10","modified_gmt":"2024-09-30T17:16:10","slug":"nueva-estrategia-del-crimen-en-culiacan-clonan-patrullas-para-infiltrar-corporaciones-policiales","status":"publish","type":"post","link":"https:\/\/ovelanalista.com\/?p=104791","title":{"rendered":"Nueva estrategia del crimen en Culiac\u00e1n: clonan patrullas para infiltrar corporaciones policiales"},"content":{"rendered":"<p class=\"subtitle\">Los veh\u00edculos ap\u00f3crifos son utilizados por grupos de la delincuencia organizada para realizar labores de vigilancia en las ciudades.<\/p>\n<p>Culiac\u00e1n, Sin.- En medio del conflicto interno de\u00a0<b>La Mayiza y Los Chapitos<\/b>, los<b>\u00a0grupos criminales<\/b>\u00a0han<b>\u00a0clonado patrullas\u00a0<\/b>de las\u00a0<b>corporaciones policiales locales<\/b>\u00a0para realizar\u00a0<b>vigilancias en Culiac\u00e1n<\/b>\u00a0y pasar como<b>\u00a0elementos de polic\u00eda.<\/b><\/p>\n<p>Para el coordinador general del\u00a0<b>Consejo Estatal de Seguridad P\u00fablica,<\/b>\u00a0estas acciones est\u00e1n vinculadas con los altos \u00edndices de desconfianza que los pobladores tienen hacia las corporaciones locales; solo el\u00a0<b>10% de los sinaloenses<\/b>\u00a0<b>conf\u00edan\u00a0<\/b>plenamente en la\u00a0<b>polic\u00eda municipal,\u00a0<\/b>y en\u00a0<b>el caso de la Fiscal\u00eda General del Estado<\/b>, la estad\u00edstica aumenta solo\u00a0<b>cinco puntos porcentuales.<\/b><\/p>\n<p><b>Las patrullas clonadas\u00a0<\/b>no son algo nuevo.\u00a0<b><a href=\"https:\/\/www.elsoldesinaloa.com.mx\/\" target=\"_self\" rel=\"Follow noopener\">El Sol de Sinaloa\u00a0<\/a><\/b>realiz\u00f3 un recorrido por el\u00a0<b>recinto donde la Fiscal\u00eda General de la Rep\u00fablica<\/b>\u00a0resguarda los\u00a0<b>veh\u00edculos asegurados.<\/b>\u00a0All\u00ed se encuentran autom\u00f3viles que participaron en recientes enfrentamientos, como el registrado en\u00a0<b>Costa Rica el 9 de septiembre,\u00a0<\/b>cuando deton\u00f3 el conflicto entre los\u00a0<b>grupos criminales.<\/b><\/p>\n<p>Entre ellos, destacan\u00a0<b>dos patrullas ap\u00f3crifas del Ej\u00e9rcito\u00a0<\/b>y otra de la\u00a0<b>Polic\u00eda Municipal,<\/b>\u00a0las cuales carecen de placas que las identifiquen.<\/p>\n<p>n septiembre, la\u00a0<b>Fiscal\u00eda General de la Rep\u00fablica\u00a0<\/b>asegur\u00f3 dos domicilios en Culiac\u00e1n que eran utilizados como\u00a0<b>bodegas con arsenal,<\/b>\u00a0donde tambi\u00e9n se<b>\u00a0localizaron patrullas clonadas.<\/b><\/p>\n<div class=\"local\nmedia \"><\/p>\n<div class=\"teaser \">\n<div class=\"img-container picture\"><img decoding=\"async\" class=\"media-object adaptive lazy \" title=\"patrullas-fgr.JPG\" src=\"https:\/\/www.elsoldesinaloa.com.mx\/local\/trybj2-patrullas-fgr.jpg\/alternates\/FREE_480\/patrullas-fgr.JPG\" alt=\"\" data-variant=\"FREE\" data-src-template=\"https:\/\/www.elsoldesinaloa.com.mx\/local\/trybj2-patrullas-fgr.jpg\/BINARY\/thumbnail\/patrullas-fgr.JPG\" data-proxy-image=\"\" data-proxy-width=\"\" data-original=\"https:\/\/www.elsoldesinaloa.com.mx\/local\/trybj2-patrullas-fgr.jpg\/alternates\/FREE_480\/patrullas-fgr.JPG\" data-selected-width=\"480\" \/><\/p>\n<div class=\"picture-caption\n\"><\/p>\n<h4>Foto: Iv\u00e1n Medina \/ El Sol de Sinaloa<\/h4>\n<\/div>\n<\/div>\n<\/div>\n<\/div>\n<p><b>\u00a0<\/b><\/p>\n<p>Los operativos se realizaron en d\u00edas consecutivos. El\u00a0<b>16 de septiembre<\/b>, elementos del\u00a0<b>Ej\u00e9rcito aseguraron un domicilio en la colonia Ignacio Allende<\/b>. All\u00ed se<b>\u00a0aseguraron tres veh\u00edculos: dos de ellos blindados y otro, una patrulla clonada de la Fiscal\u00eda General del Estado.<\/b><\/p>\n<p>Tambi\u00e9n se incautaron\u00a0<b>15 cartuchos \u00fatiles, seis casquillos percutidos, fragmentos lofosc\u00f3picos, un casco bal\u00edstico y otros objetos del delito.<\/b><\/p>\n<p>El\u00a0<b>otro operativo t<\/b>uvo lugar en la colonia Guadalupe el\u00a0<b>17 de septiembre,<\/b>\u00a0donde se aseguraron 14 veh\u00edculos,<b>\u00a0ocho motocicletas aparentemente clonadas,<\/b>\u00a0aproximadamente 160 cartuchos, 12 cargadores, 12 ponchallantas y 11 chalecos.<\/p>\n<h2>Clones a la vista<\/h2>\n<p>La circulaci\u00f3n de estos veh\u00edculos ha sido captada por<b>\u00a0residentes de Culiac\u00e1n. Cuando<\/b>\u00a0<b>estall\u00f3 el conflicto armado,<\/b>\u00a0se documentaron\u00a0<b>dos patrullas interactuando con civiles armados,<\/b>\u00a0las cuales a\u00fan siguen en circulaci\u00f3n.<\/p>\n<p>El\u00a0<b>primer avistamiento despu\u00e9s del conflicto,<\/b>\u00a0ocurrido el\u00a0<b>9 de septiembre,<\/b>\u00a0fue el<b>\u00a0d\u00eda<\/b>\u00a0<b>12. Se videograbaron dos patrullas clonadas en el sector La Conquista<\/b>\u00a0a altas horas de la noche.\u00a0<b>&#8220;Uno de por s\u00ed no conf\u00eda mucho en la polic\u00eda y con esto menos&#8221;,\u00a0<\/b>coment\u00f3 Enrique L\u00f3pez, residente de la capital sinaloense.<\/p>\n<p>El\u00a0<b>alcalde Juan de Dios G\u00e1mez Mend\u00edvil<\/b>\u00a0inform\u00f3 que se<b>\u00a0tienen ubicadas dos patrullas<\/b>\u00a0de la\u00a0<b>Polic\u00eda Municipal circulando en la ciudad<\/b>, pero a\u00fan no se ha informado sobre su aseguramiento.<\/p>\n<div class=\"local\nmedia \"><\/p>\n<div class=\"teaser \">\n<div class=\"img-container picture\">\n<div id=\"standard_6\" class=\"st-placement standard_6 inImageRestricted\">\n<div class=\"st-adunit st-adunit-tagged st-reset st-show\">\n<div class=\"st-adunit-ad st-reset\"><\/div>\n<\/div>\n<\/div>\n<p><img decoding=\"async\" class=\"media-object adaptive lazy \" title=\"fgr.JPG\" src=\"https:\/\/www.elsoldesinaloa.com.mx\/local\/v0i0cx-fgr.jpg\/alternates\/FREE_720\/fgr.JPG\" alt=\"\" data-variant=\"FREE\" data-src-template=\"https:\/\/www.elsoldesinaloa.com.mx\/local\/v0i0cx-fgr.jpg\/BINARY\/thumbnail\/fgr.JPG\" data-proxy-image=\"\" data-proxy-width=\"\" data-original=\"https:\/\/www.elsoldesinaloa.com.mx\/local\/v0i0cx-fgr.jpg\/alternates\/FREE_720\/fgr.JPG\" data-selected-width=\"720\" \/><\/p>\n<div class=\"picture-caption\n\"><\/p>\n<h4>Foto: Iv\u00e1n Medina \/ El Sol de Sinaloa<\/h4>\n<\/div>\n<\/div>\n<\/div>\n<\/div>\n<h2>Estrategia de guerra<\/h2>\n<p>Para el\u00a0<b>coordinador general del Consejo Estatal de Seguridad P\u00fablica<\/b>, la detecci\u00f3n de estos veh\u00edculos ap\u00f3crifos es una estrategia que ha cobrado fuerza desde que estall\u00f3 el\u00a0<b>conflicto entre Los Chapitos y La Mayiza el 9 de septiembre.<\/b><\/p>\n<p><b>Miguel Calder\u00f3n explica<\/b>\u00a0que estas\u00a0<b>patrullas clonadas\u00a0<\/b>permiten a los\u00a0<b>grupos criminales<\/b>\u00a0movilizarse por la ciudad en sus\u00a0<b>operaciones con bajo perfil,\u00a0<\/b>en medio del operativo implementado ante la\u00a0<b>ola de violencia.<\/b><\/p>\n<p>Adem\u00e1s, se\u00f1al\u00f3 que la\u00a0<b>circulaci\u00f3n de estos veh\u00edculos\u00a0<\/b>impactar\u00e1 negativamente en la percepci\u00f3n de confianza de los ciudadanos hacia las<b>\u00a0autoridades locales.<\/b><\/p>\n<p><i>&#8220;<b>Las polic\u00edas municipales<\/b>\u00a0han tenido problemas en las encuestas de percepci\u00f3n de seguridad y honestidad&#8221;<\/i><b><i>,\u00a0<\/i>se\u00f1ala Calder\u00f3n.<\/b><\/p>\n<div class=\"local\nmedia \"><\/p>\n<div class=\"teaser \">\n<div class=\"img-container picture\"><img decoding=\"async\" class=\"media-object adaptive lazy \" title=\"patrullas- clonadas.JPG\" src=\"https:\/\/www.elsoldesinaloa.com.mx\/local\/twkufx-patrullas-clonadas.jpg\/alternates\/FREE_720\/patrullas-%20clonadas.JPG\" alt=\"\" data-variant=\"FREE\" data-src-template=\"https:\/\/www.elsoldesinaloa.com.mx\/local\/twkufx-patrullas-clonadas.jpg\/BINARY\/thumbnail\/patrullas-%20clonadas.JPG\" data-proxy-image=\"\" data-proxy-width=\"\" data-original=\"https:\/\/www.elsoldesinaloa.com.mx\/local\/twkufx-patrullas-clonadas.jpg\/alternates\/FREE_720\/patrullas-%20clonadas.JPG\" data-selected-width=\"720\" \/><\/p>\n<div class=\"picture-caption\n\"><\/p>\n<h4>Foto: Iv\u00e1n Medina \/ El Sol de Sinaloa<\/h4>\n<\/div>\n<\/div>\n<\/div>\n<\/div>\n<p><b>\u00a0<\/b><\/p>\n<p>Seg\u00fan el\u00a0<b>Instituto Nacional de Estad\u00edstica y Geograf\u00eda (Inegi<\/b>), solo el 10 por ciento de\u00a0<b>los sinaloense<\/b>s conf\u00edan plenamente en las\u00a0<b>polic\u00edas municipales.<\/b><\/p>\n<p>Esto significa que, de<b>\u00a0los m\u00e1s de 2.2 millones de habitantes,<\/b>\u00a0menos de un mill\u00f3n tienen\u00a0<b>plena confianza<\/b>\u00a0en las\u00a0<b>autoridades de su municipio.<\/b><\/p>\n<p>Dicha estad\u00edstica contrasta con la percepci\u00f3n de la\u00a0<b>Marina,\u00a0<\/b>en la cual el 48.1 por ciento de la poblaci\u00f3n expresa mucha\u00a0<b>confianza en sus elementos.<\/b><\/p>\n<h2>\u00bfC\u00f3mo identificarlas?<\/h2>\n<p><b>Calderon Quevedo<\/b>\u00a0coment\u00f3 que la manera m\u00e1s efectiva de reconocer una\u00a0<b>patrulla clonada es en su placa,<\/b>\u00a0ya que las originales son de fondo blanco con signos en color rojo.<\/p>\n<p>Las\u00a0<b>autoridades municipales<\/b>\u00a0tambi\u00e9n recomiendan a la poblaci\u00f3n<b>\u00a0prestar atenci\u00f3n<\/b>\u00a0al\u00a0<b>polarizado<\/b>\u00a0que tienen, ya que<b>\u00a0las falsas no permiten ver al interior.<\/b><\/p>\n<p>&nbsp;<\/p>\n<p>Con informaci\u00f3n de El Sol de M\u00e9xico<\/p>\n","protected":false},"excerpt":{"rendered":"<p>Los veh\u00edculos ap\u00f3crifos son utilizados por grupos de la delincuencia organizada para realizar labores de vigilancia en las ciudades. Culiac\u00e1n, Sin.- En medio del conflicto interno de\u00a0La Mayiza y Los Chapitos, los\u00a0grupos criminales\u00a0han\u00a0clonado patrullas\u00a0de las\u00a0corporaciones policiales locales\u00a0para realizar\u00a0vigilancias en Culiac\u00e1n\u00a0y pasar como\u00a0elementos de polic\u00eda. Para el coordinador general del\u00a0Consejo Estatal de Seguridad P\u00fablica,\u00a0estas acciones est\u00e1n vinculadas con los altos \u00edndices de desconfianza que los pobladores tienen hacia las corporaciones locales; solo el\u00a010% de los sinaloenses\u00a0conf\u00edan\u00a0plenamente en la\u00a0polic\u00eda municipal,\u00a0y en\u00a0el caso de la Fiscal\u00eda General del Estado, la estad\u00edstica aumenta solo\u00a0cinco puntos porcentuales. Las patrullas clonadas\u00a0no son algo nuevo.\u00a0El Sol de [&hellip;]<\/p>\n","protected":false},"author":3,"featured_media":104794,"comment_status":"open","ping_status":"open","sticky":false,"template":"","format":"standard","meta":{"_jetpack_newsletter_access":"","_jetpack_dont_email_post_to_subs":false,"_jetpack_newsletter_tier_id":0,"_jetpack_memberships_contains_paywalled_content":false,"_jetpack_feature_clip_id":0,"_jetpack_memberships_contains_paid_content":false,"footnotes":"","jetpack_publicize_message":"","jetpack_publicize_feature_enabled":true,"jetpack_social_post_already_shared":true,"jetpack_social_options":{"image_generator_settings":{"template":"highway","default_image_id":0,"font":"","enabled":false},"version":2},"jetpack_post_was_ever_published":false},"categories":[90,72],"tags":[],"class_list":["post-104791","post","type-post","status-publish","format-standard","has-post-thumbnail","hentry","category-estatal","category-portada","post--single"],"jetpack_publicize_connections":[],"jetpack_featured_media_url":"https:\/\/ovelanalista.com\/wp-content\/uploads\/2024\/09\/policia-1.jpeg","jetpack_sharing_enabled":true,"_links":{"self":[{"href":"https:\/\/ovelanalista.com\/index.php?rest_route=\/wp\/v2\/posts\/104791","targetHints":{"allow":["GET"]}}],"collection":[{"href":"https:\/\/ovelanalista.com\/index.php?rest_route=\/wp\/v2\/posts"}],"about":[{"href":"https:\/\/ovelanalista.com\/index.php?rest_route=\/wp\/v2\/types\/post"}],"author":[{"embeddable":true,"href":"https:\/\/ovelanalista.com\/index.php?rest_route=\/wp\/v2\/users\/3"}],"replies":[{"embeddable":true,"href":"https:\/\/ovelanalista.com\/index.php?rest_route=%2Fwp%2Fv2%2Fcomments&post=104791"}],"version-history":[{"count":1,"href":"https:\/\/ovelanalista.com\/index.php?rest_route=\/wp\/v2\/posts\/104791\/revisions"}],"predecessor-version":[{"id":104795,"href":"https:\/\/ovelanalista.com\/index.php?rest_route=\/wp\/v2\/posts\/104791\/revisions\/104795"}],"wp:featuredmedia":[{"embeddable":true,"href":"https:\/\/ovelanalista.com\/index.php?rest_route=\/wp\/v2\/media\/104794"}],"wp:attachment":[{"href":"https:\/\/ovelanalista.com\/index.php?rest_route=%2Fwp%2Fv2%2Fmedia&parent=104791"}],"wp:term":[{"taxonomy":"category","embeddable":true,"href":"https:\/\/ovelanalista.com\/index.php?rest_route=%2Fwp%2Fv2%2Fcategories&post=104791"},{"taxonomy":"post_tag","embeddable":true,"href":"https:\/\/ovelanalista.com\/index.php?rest_route=%2Fwp%2Fv2%2Ftags&post=104791"}],"curies":[{"name":"wp","href":"https:\/\/api.w.org\/{rel}","templated":true}]}}