{"id":104796,"date":"2024-09-30T12:30:13","date_gmt":"2024-09-30T18:30:13","guid":{"rendered":"https:\/\/ovelanalista.com\/?p=104796"},"modified":"2024-09-30T11:17:54","modified_gmt":"2024-09-30T17:17:54","slug":"gobierno-ataca-a-los-chapitos-y-mayitos-sin-distingo-afirmo-rocha","status":"publish","type":"post","link":"https:\/\/ovelanalista.com\/?p=104796","title":{"rendered":"Gobierno ataca a los Chapitos y Mayitos, sin distingo, afirm\u00f3 Rocha"},"content":{"rendered":"<p>El gobierno del estado est\u00e1 atacando a los\u00a0<em>Chapitos\u00a0<\/em>y\u00a0<em>Mayitos\u00a0<\/em>sin distingos y tomando medidas como la instalaci\u00f3n de puntos antibloqueos en las carreteras a partir de hoy, inform\u00f3 el gobernador Rub\u00e9n Rocha Moya.<\/p>\n<p>El mandatario mencion\u00f3 que en estos d\u00edas aciagos se ha demostrado que los grupos identificados como Chapitos y Los Mayos son los que est\u00e1n confrontados entre ellos y con la autoridad.<\/p>\n<p>\u201cLa autoridad est\u00e1 para confrontarlos en igualdad de circunstancias a todos los generadores de violencia. Nuestra obligaci\u00f3n como gobierno, mi obligaci\u00f3n como gobernador, es estar atento al opeativo que est\u00e1 atento a d\u00f3nde sale una confrontaci\u00f3n entre ellos\u201d, indic\u00f3.<\/p>\n<p>Asegur\u00f3 que atacan al grupo que sea indistintamente.<\/p>\n<p>Mencion\u00f3 que a partir de hoy establecer\u00e1n cinco puntos antibloqueos, de los cuales cuatro estar\u00e1n en la maxipistas Mazatl\u00e1n-Culiac\u00e1n y uno en el t\u00fanel El Sinaloense, en la autopista Mazatl\u00e1n-Durango.<\/p>\n<p>En esos puntos estar\u00e1n elementos del Ej\u00e9rcito, la Guardia Nacional y habr\u00e1 gr\u00faas y camiones cisternas.<\/p>\n<p>\u201cVamos a defender y como lo venimos haciendo hasta ahora la seguridad de los ciudadanos\u201d, expres\u00f3.<\/p>\n<p>&nbsp;<\/p>\n<p>Con informaci\u00f3n de R\u00edo Doce<\/p>\n","protected":false},"excerpt":{"rendered":"<p>El gobierno del estado est\u00e1 atacando a los\u00a0Chapitos\u00a0y\u00a0Mayitos\u00a0sin distingos y tomando medidas como la instalaci\u00f3n de puntos antibloqueos en las carreteras a partir de hoy, inform\u00f3 el gobernador Rub\u00e9n Rocha Moya. El mandatario mencion\u00f3 que en estos d\u00edas aciagos se ha demostrado que los grupos identificados como Chapitos y Los Mayos son los que est\u00e1n confrontados entre ellos y con la autoridad. \u201cLa autoridad est\u00e1 para confrontarlos en igualdad de circunstancias a todos los generadores de violencia. Nuestra obligaci\u00f3n como gobierno, mi obligaci\u00f3n como gobernador, es estar atento al opeativo que est\u00e1 atento a d\u00f3nde sale una confrontaci\u00f3n entre ellos\u201d, [&hellip;]<\/p>\n","protected":false},"author":3,"featured_media":104798,"comment_status":"open","ping_status":"open","sticky":false,"template":"","format":"standard","meta":{"_jetpack_newsletter_access":"","_jetpack_dont_email_post_to_subs":false,"_jetpack_newsletter_tier_id":0,"_jetpack_memberships_contains_paywalled_content":false,"_jetpack_feature_clip_id":0,"_jetpack_memberships_contains_paid_content":false,"footnotes":"","jetpack_publicize_message":"","jetpack_publicize_feature_enabled":true,"jetpack_social_post_already_shared":true,"jetpack_social_options":{"image_generator_settings":{"template":"highway","default_image_id":0,"font":"","enabled":false},"version":2},"jetpack_post_was_ever_published":false},"categories":[90,72],"tags":[],"class_list":["post-104796","post","type-post","status-publish","format-standard","has-post-thumbnail","hentry","category-estatal","category-portada","post--single"],"jetpack_publicize_connections":[],"jetpack_featured_media_url":"https:\/\/ovelanalista.com\/wp-content\/uploads\/2024\/09\/rocha-moya.png","jetpack_sharing_enabled":true,"_links":{"self":[{"href":"https:\/\/ovelanalista.com\/index.php?rest_route=\/wp\/v2\/posts\/104796","targetHints":{"allow":["GET"]}}],"collection":[{"href":"https:\/\/ovelanalista.com\/index.php?rest_route=\/wp\/v2\/posts"}],"about":[{"href":"https:\/\/ovelanalista.com\/index.php?rest_route=\/wp\/v2\/types\/post"}],"author":[{"embeddable":true,"href":"https:\/\/ovelanalista.com\/index.php?rest_route=\/wp\/v2\/users\/3"}],"replies":[{"embeddable":true,"href":"https:\/\/ovelanalista.com\/index.php?rest_route=%2Fwp%2Fv2%2Fcomments&post=104796"}],"version-history":[{"count":1,"href":"https:\/\/ovelanalista.com\/index.php?rest_route=\/wp\/v2\/posts\/104796\/revisions"}],"predecessor-version":[{"id":104799,"href":"https:\/\/ovelanalista.com\/index.php?rest_route=\/wp\/v2\/posts\/104796\/revisions\/104799"}],"wp:featuredmedia":[{"embeddable":true,"href":"https:\/\/ovelanalista.com\/index.php?rest_route=\/wp\/v2\/media\/104798"}],"wp:attachment":[{"href":"https:\/\/ovelanalista.com\/index.php?rest_route=%2Fwp%2Fv2%2Fmedia&parent=104796"}],"wp:term":[{"taxonomy":"category","embeddable":true,"href":"https:\/\/ovelanalista.com\/index.php?rest_route=%2Fwp%2Fv2%2Fcategories&post=104796"},{"taxonomy":"post_tag","embeddable":true,"href":"https:\/\/ovelanalista.com\/index.php?rest_route=%2Fwp%2Fv2%2Ftags&post=104796"}],"curies":[{"name":"wp","href":"https:\/\/api.w.org\/{rel}","templated":true}]}}