{"id":104801,"date":"2024-09-30T13:00:02","date_gmt":"2024-09-30T19:00:02","guid":{"rendered":"https:\/\/ovelanalista.com\/?p=104801"},"modified":"2024-09-30T11:28:07","modified_gmt":"2024-09-30T17:28:07","slug":"asesinan-en-sonora-a-hija-de-funcionaria-municipal","status":"publish","type":"post","link":"https:\/\/ovelanalista.com\/?p=104801","title":{"rendered":"Asesinan en Sonora a hija de funcionaria municipal"},"content":{"rendered":"<p>La hija de 18 a\u00f1os de una funcionaria de San Luis R\u00edo Colorado, Sonora, fue asesinada durante el ataque a su acompa\u00f1ante, quien sobrevivi\u00f3.<\/p>\n<p>La\u00a0<strong>hija<\/strong>\u00a0de una\u00a0<strong>funcionaria<\/strong>\u00a0<strong>municipal<\/strong>\u00a0de\u00a0<strong>Sonora<\/strong>\u00a0fue\u00a0<strong>asesinada<\/strong>\u00a0durante un\u00a0<strong>ataque<\/strong>\u00a0<strong>armado<\/strong>.<\/p>\n<p>Los hechos ocurrieron la tarde del domingo, en la colonia Bur\u00f3crata de\u00a0<strong>San Luis R\u00edo Colorado<\/strong>.<\/p>\n<p>La Fiscal\u00eda General de Justicia del Estado (FGJE) identific\u00f3 a la v\u00edctima como\u00a0<strong>Ana Brenda N.<\/strong>, quien se supo despu\u00e9s, es\u00a0<strong>hija<\/strong>\u00a0de Tania Castillo,\u00a0<strong>directora de Turismo<\/strong>\u00a0del Ayuntamiento de San Luis R\u00edo Colorado.<\/p>\n<p>La\u00a0<strong>joven<\/strong>\u00a0de 18 a\u00f1os viajaba a bordo de una camioneta GMC Terrain, en compa\u00f1\u00eda de un\u00a0<strong>hombre<\/strong>, cuando ambos fueron\u00a0<strong>atacados<\/strong>\u00a0a\u00a0<strong>disparos<\/strong>\u00a0al llegar a un domicilio.<\/p>\n<p>https:\/\/x.com\/michelleriveraa\/status\/1840620076057215170?ref_src=twsrc%5Etfw%7Ctwcamp%5Etweetembed%7Ctwterm%5E1840620076057215170%7Ctwgr%5Ecba788f8cd2e455107de9c1c4d5a0892db399387%7Ctwcon%5Es1_c10&#038;ref_url=https%3A%2F%2Flopezdoriga.com%2Fnacional%2Fsonora-asesinan-hija-funcionaria-municipal%2F<\/p>\n<p>Primeras indagatorias establecen que la agresi\u00f3n estaba dirigida al acompa\u00f1ante de Ana Brenda N., quien ten\u00eda pocos d\u00edas de estancia en la ciudad y rent\u00f3 un domicilio.<\/p>\n<blockquote><p>Por testimoniales se ha establecido que habr\u00eda sido el objetivo de los agresores debido a pugnas entre grupos criminales en la regi\u00f3n\u201d, se\u00f1al\u00f3 la Fiscal\u00eda de Sonora en un\u00a0<a href=\"https:\/\/www.facebook.com\/FiscaliaGeneralSonora\/posts\/pfbid02ZHd6SgHnu5vjC89UweZXYZgy1Fo2mKpsGVssHJJbDqXdyBUHkBrHwmySrvpV5xh9l\" target=\"_blank\" rel=\"noopener noreferrer\">comunicado<\/a>.<\/p><\/blockquote>\n<p>Dentro de la vivienda que rentaba el presunto objetivo del ataque se hallaron presunta mariguana, dos veh\u00edculos y otros indicios.<\/p>\n<p>El asesinato de la hija de la funcionaria de San Luis R\u00edo Colorado ocurri\u00f3 dos d\u00edas despu\u00e9s del homicidio del hermano de la subdirectora de Obras P\u00fablicas municipal, Jaira Gast\u00e9lum.<\/p>\n<p>Con informaci\u00f3n de Michelle Rivera y Antonio L\u00f3pez<\/p>\n<p>&nbsp;<\/p>\n","protected":false},"excerpt":{"rendered":"<p>La hija de 18 a\u00f1os de una funcionaria de San Luis R\u00edo Colorado, Sonora, fue asesinada durante el ataque a su acompa\u00f1ante, quien sobrevivi\u00f3. La\u00a0hija\u00a0de una\u00a0funcionaria\u00a0municipal\u00a0de\u00a0Sonora\u00a0fue\u00a0asesinada\u00a0durante un\u00a0ataque\u00a0armado. Los hechos ocurrieron la tarde del domingo, en la colonia Bur\u00f3crata de\u00a0San Luis R\u00edo Colorado. La Fiscal\u00eda General de Justicia del Estado (FGJE) identific\u00f3 a la v\u00edctima como\u00a0Ana Brenda N., quien se supo despu\u00e9s, es\u00a0hija\u00a0de Tania Castillo,\u00a0directora de Turismo\u00a0del Ayuntamiento de San Luis R\u00edo Colorado. La\u00a0joven\u00a0de 18 a\u00f1os viajaba a bordo de una camioneta GMC Terrain, en compa\u00f1\u00eda de un\u00a0hombre, cuando ambos fueron\u00a0atacados\u00a0a\u00a0disparos\u00a0al llegar a un domicilio. https:\/\/x.com\/michelleriveraa\/status\/1840620076057215170?ref_src=twsrc%5Etfw%7Ctwcamp%5Etweetembed%7Ctwterm%5E1840620076057215170%7Ctwgr%5Ecba788f8cd2e455107de9c1c4d5a0892db399387%7Ctwcon%5Es1_c10&#038;ref_url=https%3A%2F%2Flopezdoriga.com%2Fnacional%2Fsonora-asesinan-hija-funcionaria-municipal%2F Primeras indagatorias establecen que la [&hellip;]<\/p>\n","protected":false},"author":3,"featured_media":104804,"comment_status":"open","ping_status":"open","sticky":false,"template":"","format":"standard","meta":{"_jetpack_newsletter_access":"","_jetpack_dont_email_post_to_subs":false,"_jetpack_newsletter_tier_id":0,"_jetpack_memberships_contains_paywalled_content":false,"_jetpack_feature_clip_id":0,"_jetpack_memberships_contains_paid_content":false,"footnotes":"","jetpack_publicize_message":"","jetpack_publicize_feature_enabled":true,"jetpack_social_post_already_shared":true,"jetpack_social_options":{"image_generator_settings":{"template":"highway","default_image_id":0,"font":"","enabled":false},"version":2},"jetpack_post_was_ever_published":false},"categories":[75,72],"tags":[],"class_list":["post-104801","post","type-post","status-publish","format-standard","has-post-thumbnail","hentry","category-nacional","category-portada","post--single"],"jetpack_publicize_connections":[],"jetpack_featured_media_url":"https:\/\/ovelanalista.com\/wp-content\/uploads\/2024\/09\/area-acordonada-en-sonora-por-asesinato.webp","jetpack_sharing_enabled":true,"_links":{"self":[{"href":"https:\/\/ovelanalista.com\/index.php?rest_route=\/wp\/v2\/posts\/104801","targetHints":{"allow":["GET"]}}],"collection":[{"href":"https:\/\/ovelanalista.com\/index.php?rest_route=\/wp\/v2\/posts"}],"about":[{"href":"https:\/\/ovelanalista.com\/index.php?rest_route=\/wp\/v2\/types\/post"}],"author":[{"embeddable":true,"href":"https:\/\/ovelanalista.com\/index.php?rest_route=\/wp\/v2\/users\/3"}],"replies":[{"embeddable":true,"href":"https:\/\/ovelanalista.com\/index.php?rest_route=%2Fwp%2Fv2%2Fcomments&post=104801"}],"version-history":[{"count":1,"href":"https:\/\/ovelanalista.com\/index.php?rest_route=\/wp\/v2\/posts\/104801\/revisions"}],"predecessor-version":[{"id":104806,"href":"https:\/\/ovelanalista.com\/index.php?rest_route=\/wp\/v2\/posts\/104801\/revisions\/104806"}],"wp:featuredmedia":[{"embeddable":true,"href":"https:\/\/ovelanalista.com\/index.php?rest_route=\/wp\/v2\/media\/104804"}],"wp:attachment":[{"href":"https:\/\/ovelanalista.com\/index.php?rest_route=%2Fwp%2Fv2%2Fmedia&parent=104801"}],"wp:term":[{"taxonomy":"category","embeddable":true,"href":"https:\/\/ovelanalista.com\/index.php?rest_route=%2Fwp%2Fv2%2Fcategories&post=104801"},{"taxonomy":"post_tag","embeddable":true,"href":"https:\/\/ovelanalista.com\/index.php?rest_route=%2Fwp%2Fv2%2Ftags&post=104801"}],"curies":[{"name":"wp","href":"https:\/\/api.w.org\/{rel}","templated":true}]}}