{"id":104807,"date":"2024-09-30T14:00:11","date_gmt":"2024-09-30T20:00:11","guid":{"rendered":"https:\/\/ovelanalista.com\/?p=104807"},"modified":"2024-09-30T11:34:17","modified_gmt":"2024-09-30T17:34:17","slug":"el-presidente-de-chile-gabriel-boric-llega-a-mexico-para-la-investidura-de-sheinbaum","status":"publish","type":"post","link":"https:\/\/ovelanalista.com\/?p=104807","title":{"rendered":"El presidente de Chile, Gabriel Boric, llega a M\u00e9xico para la investidura de Sheinbaum"},"content":{"rendered":"<p>El presidente Gabriel Boric destac\u00f3 la amistad entre Chile y M\u00e9xico, a su llegada al pa\u00eds para la investidura de Claudia Sheinbaum.<\/p>\n<p>El presidente de Chile,\u00a0<strong>Gabriel<\/strong>\u00a0<strong>Boric<\/strong>, lleg\u00f3 a Ciudad de M\u00e9xico para asistir a la\u00a0<strong>investidura<\/strong>\u00a0de la presidenta electa,\u00a0<strong>Claudia<\/strong>\u00a0<strong>Sheinbaum<\/strong>, que se celebrar\u00e1 este martes 1 de octubre.<\/p>\n<p>\u201cYa en Ciudad de M\u00e9xico para participar del cambio de mando, donde @Claudiashein asumir\u00e1 como la primera mujer presidenta de su pa\u00eds\u201d, expres\u00f3 el mandatario chileno este lunes en su cuenta oficial de X.<\/p>\n<p>https:\/\/x.com\/GabrielBoric\/status\/1840736288141390270?ref_src=twsrc%5Etfw%7Ctwcamp%5Etweetembed%7Ctwterm%5E1840736288141390270%7Ctwgr%5E65fd0ffc0a5f0e9dfcadeb6e7d0f8ff52953da50%7Ctwcon%5Es1_c10&#038;ref_url=https%3A%2F%2Flopezdoriga.com%2Fnacional%2Fpresidente-chile-gabriel-boric-llega-mexico-investidura-sheinbaum%2F<\/p>\n<p>Boric, quien mantiene una estrecha relaci\u00f3n con el presidente saliente, Andr\u00e9s Manuel L\u00f3pez Obrador, aterriz\u00f3 en el Aeropuerto Internacional Felipe \u00c1ngeles (AIFA), donde lo recibi\u00f3 la embajadora de Chile en M\u00e9xico, Beatriz S\u00e1nchez.<\/p>\n<p>\u201cConstruir relaciones internacionales s\u00f3lidas es vital en tiempos en que nuestras naciones requieren mayor coordinaci\u00f3n para enfrentar juntos desaf\u00edos como el control migratorio, la seguridad, la defensa de la democracia y los derechos humanos\u201d, puntualiz\u00f3 el gobernante chileno.<\/p>\n<p>Asimismo, Boric dijo que M\u00e9xico no es solo un socio estrat\u00e9gico, \u201csino un pa\u00eds amigo\u201d.<\/p>\n<p>El presidente chileno, quien presenciar\u00e1 la ceremonia en la que Sheinbaum se convertir\u00e1 en la primera mujer presidenta de M\u00e9xico, expres\u00f3 que es un \u201chonor\u201d representar a su pa\u00eds en un momento tan importante en la historia de M\u00e9xico.<\/p>\n<p>Hasta ahora, para la ceremonia de investidura de Sheinbaum han llegado a M\u00e9xico los presidentes de Cuba,\u00a0<a href=\"https:\/\/lopezdoriga.com\/nacional\/presidente-cubano-miguel-diaz-canel-llega-mexico-investidura-claudia-sheinbaum\/\" target=\"_blank\" rel=\"noopener\">Miguel D\u00edaz-Canel<\/a>; de Brasil,\u00a0<a href=\"https:\/\/lopezdoriga.com\/internacional\/presidente-de-brasil-luiz-inacio-lula-llega-a-mexico-para-asistir-a-la-investidura-de-sheinbaum\/\" target=\"_blank\" rel=\"noopener\">Luiz In\u00e1cio Lula da Silva<\/a>; de Paraguay, Santiago Pe\u00f1a, y la presidenta de Honduras, Xiomara Castro.<\/p>\n<p>Se espera este lunes la llegada a M\u00e9xico del presidente de Colombia, Gustavo Petro, quien retras\u00f3 su arribo por un accidente de helic\u00f3ptero ocurrido\u00a0<a href=\"https:\/\/lopezdoriga.com\/internacional\/colombia-mueren-ocho-miltares-accidente-aereo-gustavo-petro-aplaza-viaje-mexico\/\" target=\"_blank\" rel=\"noopener\">el domingo<\/a>\u00a0en su pa\u00eds, en el que murieron ocho militares.<\/p>\n<p>Hasta el momento son 16 los dirigentes internacionales que han confirmado su participaci\u00f3n en el acto, la mayor\u00eda de ellos latinoamericanos, tal y como comunic\u00f3 Sheinbaum hace dos semanas.<\/p>\n<p>Este listado incluye, adem\u00e1s de Boric, Pe\u00f1a, Castro, Lula y Petro, a los presidentes de Bolivia, Luis Arce; de Rep\u00fablica Dominicana, Luis Abinader; y de Guatemala, Bernardo Ar\u00e9valo.<\/p>\n<p>De la regi\u00f3n caribe\u00f1a asistir\u00e1n adem\u00e1s los mandatarios de Belice, Santa Luc\u00eda, Dominica y Hait\u00ed, mientras que desde \u00c1frica los presidentes de Ghana y Libia tambi\u00e9n han anunciado su presencia.<\/p>\n<div data-ad-type=\"inreadbox\" data-slot=\"inread-multiple\" data-ad-loaded=\"1\" data-ad-setup=\"{&quot;postID&quot;:1655127,&quot;canRefresh&quot;:false,&quot;infinitescroll&quot;:false}\" data-google-query-id=\"CI3ChM6Z64gDFZPu9QIdzuwofQ\">\n<p>Estos l\u00edderes tendr\u00e1n una comida con L\u00f3pez Obrador en el Palacio Nacional este lunes y una cena con Sheinbaum en el Museo de Ciudad de M\u00e9xico.<\/p>\n<p>Adem\u00e1s, acudir\u00e1n representantes de hasta 105 pa\u00edses y 22 organismos internacionales, entre los que destacan la primera dama estadounidense, Jill Biden, quien encabezar\u00e1 la comitiva del pa\u00eds norteamericano.<\/p>\n<p>Tambi\u00e9n caus\u00f3 controversia la semana pasada la decisi\u00f3n de Sheinbaum de no invitar al rey Felipe VI de Espa\u00f1a porque el monarca no respondi\u00f3 a un carta que le envi\u00f3 L\u00f3pez Obrador en marzo de 2019 para solicitarle que reconociera los abusos cometidos por los espa\u00f1oles contra los pueblos ind\u00edgenas de M\u00e9xico en la conquista.<\/p>\n<p>Con informaci\u00f3n de EFE<\/p>\n<\/div>\n","protected":false},"excerpt":{"rendered":"<p>El presidente Gabriel Boric destac\u00f3 la amistad entre Chile y M\u00e9xico, a su llegada al pa\u00eds para la investidura de Claudia Sheinbaum. El presidente de Chile,\u00a0Gabriel\u00a0Boric, lleg\u00f3 a Ciudad de M\u00e9xico para asistir a la\u00a0investidura\u00a0de la presidenta electa,\u00a0Claudia\u00a0Sheinbaum, que se celebrar\u00e1 este martes 1 de octubre. \u201cYa en Ciudad de M\u00e9xico para participar del cambio de mando, donde @Claudiashein asumir\u00e1 como la primera mujer presidenta de su pa\u00eds\u201d, expres\u00f3 el mandatario chileno este lunes en su cuenta oficial de X. https:\/\/x.com\/GabrielBoric\/status\/1840736288141390270?ref_src=twsrc%5Etfw%7Ctwcamp%5Etweetembed%7Ctwterm%5E1840736288141390270%7Ctwgr%5E65fd0ffc0a5f0e9dfcadeb6e7d0f8ff52953da50%7Ctwcon%5Es1_c10&#038;ref_url=https%3A%2F%2Flopezdoriga.com%2Fnacional%2Fpresidente-chile-gabriel-boric-llega-mexico-investidura-sheinbaum%2F Boric, quien mantiene una estrecha relaci\u00f3n con el presidente saliente, Andr\u00e9s Manuel L\u00f3pez Obrador, aterriz\u00f3 en el Aeropuerto Internacional [&hellip;]<\/p>\n","protected":false},"author":3,"featured_media":104815,"comment_status":"open","ping_status":"open","sticky":false,"template":"","format":"standard","meta":{"_jetpack_newsletter_access":"","_jetpack_dont_email_post_to_subs":false,"_jetpack_newsletter_tier_id":0,"_jetpack_memberships_contains_paywalled_content":false,"_jetpack_feature_clip_id":0,"_jetpack_memberships_contains_paid_content":false,"footnotes":"","jetpack_publicize_message":"","jetpack_publicize_feature_enabled":true,"jetpack_social_post_already_shared":true,"jetpack_social_options":{"image_generator_settings":{"template":"highway","default_image_id":0,"font":"","enabled":false},"version":2},"jetpack_post_was_ever_published":false},"categories":[75,72],"tags":[],"class_list":["post-104807","post","type-post","status-publish","format-standard","has-post-thumbnail","hentry","category-nacional","category-portada","post--single"],"jetpack_publicize_connections":[],"jetpack_featured_media_url":"https:\/\/ovelanalista.com\/wp-content\/uploads\/2024\/09\/llegada-a-mexico-del-presidente-chileno-gabriel-boric.webp","jetpack_sharing_enabled":true,"_links":{"self":[{"href":"https:\/\/ovelanalista.com\/index.php?rest_route=\/wp\/v2\/posts\/104807","targetHints":{"allow":["GET"]}}],"collection":[{"href":"https:\/\/ovelanalista.com\/index.php?rest_route=\/wp\/v2\/posts"}],"about":[{"href":"https:\/\/ovelanalista.com\/index.php?rest_route=\/wp\/v2\/types\/post"}],"author":[{"embeddable":true,"href":"https:\/\/ovelanalista.com\/index.php?rest_route=\/wp\/v2\/users\/3"}],"replies":[{"embeddable":true,"href":"https:\/\/ovelanalista.com\/index.php?rest_route=%2Fwp%2Fv2%2Fcomments&post=104807"}],"version-history":[{"count":1,"href":"https:\/\/ovelanalista.com\/index.php?rest_route=\/wp\/v2\/posts\/104807\/revisions"}],"predecessor-version":[{"id":104817,"href":"https:\/\/ovelanalista.com\/index.php?rest_route=\/wp\/v2\/posts\/104807\/revisions\/104817"}],"wp:featuredmedia":[{"embeddable":true,"href":"https:\/\/ovelanalista.com\/index.php?rest_route=\/wp\/v2\/media\/104815"}],"wp:attachment":[{"href":"https:\/\/ovelanalista.com\/index.php?rest_route=%2Fwp%2Fv2%2Fmedia&parent=104807"}],"wp:term":[{"taxonomy":"category","embeddable":true,"href":"https:\/\/ovelanalista.com\/index.php?rest_route=%2Fwp%2Fv2%2Fcategories&post=104807"},{"taxonomy":"post_tag","embeddable":true,"href":"https:\/\/ovelanalista.com\/index.php?rest_route=%2Fwp%2Fv2%2Ftags&post=104807"}],"curies":[{"name":"wp","href":"https:\/\/api.w.org\/{rel}","templated":true}]}}