{"id":104809,"date":"2024-09-30T13:30:58","date_gmt":"2024-09-30T19:30:58","guid":{"rendered":"https:\/\/ovelanalista.com\/?p=104809"},"modified":"2024-09-30T11:32:22","modified_gmt":"2024-09-30T17:32:22","slug":"los-diez-momentos-clave-que-definieron-el-sexenio-de-lopez-obrador","status":"publish","type":"post","link":"https:\/\/ovelanalista.com\/?p=104809","title":{"rendered":"Los diez momentos clave que definieron el sexenio de L\u00f3pez Obrador"},"content":{"rendered":"<p>Estos son, de forma cronol\u00f3gica, los diez momentos que definieron el sexenio del presidente Andr\u00e9s Manuel L\u00f3pez Obrador.<\/p>\n<p><strong>Andr\u00e9s Manuel L\u00f3pez Obrador<\/strong>\u00a0asumi\u00f3 la\u00a0<strong>Presidencia<\/strong>\u00a0de M\u00e9xico el 1 de diciembre de 2018 y seis a\u00f1os despu\u00e9s el pa\u00eds se prepara para que su sucesora, la presidenta electa Claudia Sheinbaum, tome el relevo como la primera mujer en dirigir el Gobierno mexicano.<\/p>\n<p>Durante el sexenio de L\u00f3pez Obrador en el poder han ocurrido profundas transformaciones pol\u00edticas y sociales, a continuaci\u00f3n presentamos de forma cronol\u00f3gica los\u00a0<strong>diez momentos<\/strong>\u00a0que\u00a0<strong>definieron<\/strong>\u00a0su\u00a0<strong>Gobierno<\/strong>.<\/p>\n<h3>\u00a0Tragedia en Hidalgo<\/h3>\n<p>Calificado por el propio L\u00f3pez Obrador como su \u201c<a href=\"https:\/\/lopezdoriga.com\/nacional\/explosion-en-tlahuelilpan-lo-mas-triste-que-hemos-padecido-en-este-gobierno-amlo\/\" target=\"_blank\" rel=\"noopener\">momento m\u00e1s dif\u00edcil<\/a>\u201c, ocurri\u00f3 en los primeros d\u00edas de su mandato, en 2019, cuando\u00a0<strong>explot\u00f3<\/strong>\u00a0un\u00a0<strong>ducto<\/strong>\u00a0de Petr\u00f3leos Mexicanos (<strong>Pemex<\/strong>) en\u00a0<strong>Tlahuelilpan<\/strong>, Hidalgo, lo que provoc\u00f3 la muerte a 137 personas de la localidad.<\/p>\n<p>Tras la explosi\u00f3n, L\u00f3pez Obrador dise\u00f1\u00f3 un programa de ayudas sociales para \u201cdesincentivar\u201d el robo de combustible. Su objetivo fue desarrollar econ\u00f3micamente las zonas atravesadas por oleoductos de Pemex a fin de que la gente no tenga que robar gasolina y revenderla para poder sobrevivir.<\/p>\n<h3>\u00a0Firma del T-MEC<\/h3>\n<p>Este acuerdo comercial entre M\u00e9xico, Estados Unidos y Canad\u00e1, firmado en diciembre de 2019, sustituy\u00f3 al antiguo TLCAN y fue de vital importancia ya que el 80 por ciento de las exportaciones mexicanas tienen como destino a su vecino del norte.<\/p>\n<p>Durante el sexenio de L\u00f3pez Obrador, M\u00e9xico super\u00f3 a China para convertirse en el\u00a0<a href=\"https:\/\/lopezdoriga.com\/economia-y-finanzas\/mexico-se-consolida-como-primer-socio-comercial-de-ee-uu-pese-a-pandemia\/\" target=\"_blank\" rel=\"noopener\">primer socio comercial<\/a>\u00a0de Estados Unidos, algo de lo que el presidente ha presumido en diversas ocasiones.<\/p>\n<h3>\u00a0\u201cCuliacanazo\u201d<\/h3>\n<div id=\"ros-inread-multiple-9fqhgu\" class=\"ad-container dfp-ad-unit ad-inread ad-slot\" data-ad-type=\"inreadbox\" data-slot=\"inread-multiple\" data-ad-loaded=\"1\" data-ad-setup=\"{&quot;postID&quot;:1655137,&quot;canRefresh&quot;:false,&quot;infinitescroll&quot;:false}\" data-google-query-id=\"CJLP8IWZ64gDFWympgQd7641-w\"><\/div>\n<div data-ad-type=\"inreadbox\" data-slot=\"inread-multiple\" data-ad-loaded=\"1\" data-ad-setup=\"{&quot;postID&quot;:1655137,&quot;canRefresh&quot;:false,&quot;infinitescroll&quot;:false}\" data-google-query-id=\"CJLP8IWZ64gDFWympgQd7641-w\">\n<p>Los hechos popularmente conocidos como \u201c<strong>Culiacanazo<\/strong>\u201d se remontan a\u00a0<a href=\"https:\/\/lopezdoriga.com\/nacional\/detienen-y-liberan-a-ovidio-guzman-lopez-hijo-de-el-chapo\/\" target=\"_blank\" rel=\"noopener\">octubre de 2019<\/a>, cuando las autoridades mexicanas capturaron al hijo del narcotraficante Joaqu\u00edn Guzm\u00e1n Loera (\u2018El Chapo\u2019),\u00a0<strong>Ovidio Guzm\u00e1n<\/strong>, lo que provoc\u00f3 una insurrecci\u00f3n armada en Culiac\u00e1n, Sinaloa, donde el cartel dirigido por Guzm\u00e1n gener\u00f3 el caos, lo que llev\u00f3 a L\u00f3pez Obrador a ordenar la liberaci\u00f3n del capturado.<\/p>\n<p>Ovidio Guzm\u00e1n volvi\u00f3 a ser aprehendido en enero de 2023 y esta vez fue extraditado a Estados Unidos, donde permanece hasta el momento.<\/p>\n<h3>\u00a0La carta al rey de Espa\u00f1a<\/h3>\n<p>En\u00a0<a href=\"https:\/\/lopezdoriga.com\/nacional\/lopez-obrador-confirma-envio-de-carta-al-rey-de-espana-y-al-papa\/\" target=\"_blank\" rel=\"noopener\">marzo de 2019<\/a>, L\u00f3pez Obrador envi\u00f3 una larga\u00a0<strong>carta<\/strong>\u00a0al rey de Espa\u00f1a,\u00a0<strong>Felipe VI<\/strong>, en la cual le propon\u00eda al monarca una ceremonia conjunta para que Espa\u00f1a pidiera\u00a0<strong>disculpas<\/strong>\u00a0por los \u201cagravios causados\u201d durante la\u00a0<strong>Conquista<\/strong>\u00a0y\u00a0<strong>colonizaci\u00f3n<\/strong>\u00a0de M\u00e9xico.<\/p>\n<p>Las consecuencias de esta carta duran hasta la actualidad, ya que la no respuesta de la misma ha sido el pretexto usado por la presidenta electa, Claudia Sheinbaum, para no invitar al rey Felipe VI a su investidura este martes, lo que ha causado un conflicto diplom\u00e1tico entre ambos pa\u00edses.<\/p>\n<h3>\u00a0La pandemia<\/h3>\n<p>Como el resto del mundo, M\u00e9xico no escap\u00f3 a la pandemia por\u00a0<strong>COVID-19<\/strong>\u00a0iniciada en marzo de 2020, que ocasion\u00f3 m\u00e1s de 334 mil muertos, el quinto pa\u00eds con m\u00e1s decesos del mundo, en una crisis marcada por el pol\u00e9mico manejo de\u00a0<strong>L\u00f3pez Obrador<\/strong>, que por momentos\u00a0<strong>minimiz\u00f3<\/strong>\u00a0el\u00a0<strong>problema<\/strong>.<\/p>\n<h3>\u00a0Reuni\u00f3n con Trump<\/h3>\n<p>El primer viaje internacional del presidente mexicano fue a Estados Unidos, cuando en\u00a0<a href=\"https:\/\/lopezdoriga.com\/internacional\/amlo-y-trump-resaltan-relacion-bilateral-y-respeto-mutuo-entre-ee-uu-y-mexico\/\" target=\"_blank\" rel=\"noopener\">julio de 2020<\/a>\u00a0se reuni\u00f3 con el entonces presidente Donald Trump (2017-2021), con quien te\u00f3ricamente tendr\u00eda grandes diferencias ideol\u00f3gicas por las diatribas anti mexicanas del norteamericano, pero que no obstante transcurri\u00f3 de forma sorprendentemente amistosa.<\/p>\n<h3>\u00a0Ayotzinapa, la causa pendiente<\/h3>\n<p>Uno de los mayores pendientes de esta Administraci\u00f3n ha sido no conseguir resolver el\u00a0<strong>caso Ayotzinapa<\/strong>, la desaparici\u00f3n de 43 estudiantes de la escuela normal ubicada en ese poblado de Guerrero, en septiembre de 2014, una causa que el presidente enarbol\u00f3 como propia durante las elecciones que le auparon al poder.<\/p>\n<p>Tras un comienzo prometedor con la creaci\u00f3n de la Comisi\u00f3n de la Verdad, las investigaciones se detuvieron abruptamente en 2022 cuando apuntaron a la responsabilidad del Ej\u00e9rcito y del Estado en los hechos, lo que ha provocado el desencuentro con los familiares de los desaparecidos, quienes a hoy d\u00eda, en medio de los actos por el\u00a0<a href=\"https:\/\/lopezdoriga.com\/nacional\/marchan-en-la-cdmx-tras-una-decada-de-impunidad-en-el-caso-ayotzinapa\/\" target=\"_blank\" rel=\"noopener\">d\u00e9cimo aniversario<\/a>\u00a0de la tragedia, siguen reclamando al presidente saliente la falta de resultados.<\/p>\n<h3>\u00a0Los megaproyectos<\/h3>\n<p>Sin duda una de las grandes apuestas del Gobierno de L\u00f3pez Obrador ha sido la puesta en marcha de enormes proyectos de infraestructuras como el pol\u00e9mico\u00a0<strong>Tren Maya<\/strong>, inaugurado parcialmente en diciembre de 2023, el\u00a0<strong>Aeropuerto Internacional Felipe \u00c1ngeles<\/strong>\u00a0y el proyecto del\u00a0<strong>Corredor Interoce\u00e1nico del Istmo de Tehuantepec<\/strong>.<\/p>\n<h3>\u00a0La gran crisis migratoria<\/h3>\n<p>Las\u00a0<strong>oleadas de migrantes<\/strong>\u00a0llegados a M\u00e9xico para alcanzar Estados Unidos desde Centroam\u00e9rica y Venezuela, principalmente, tuvo n\u00fameros de r\u00e9cord en 2023 cuando fueron detenidos 783 mil personas en situaci\u00f3n irregular que trataban de cruzar la frontera con EE.UU.<\/p>\n<p>Reflejo de esta crisis fue la tragedia ocurrida en\u00a0<a href=\"https:\/\/lopezdoriga.com\/nacional\/amlo-lopez-obrador-promete-no-impunidad-incendio-mato-39-migrantes\/\" target=\"_blank\" rel=\"noopener\">marzo de 2023<\/a>\u00a0cuando un\u00a0<strong>incendio<\/strong>\u00a0en la estancia para\u00a0<strong>migrantes<\/strong>\u00a0de\u00a0<strong>Ciudad<\/strong>\u00a0<strong>Ju\u00e1rez<\/strong>, Chihuahua, provoc\u00f3 la muerte de 39 personas.<\/p>\n<h3>\u00a0Pol\u00e9micas reformas<\/h3>\n<p>La\u00a0<strong>reforma al Poder Judicial<\/strong>, aprobada por el Senado en\u00a0<a href=\"https:\/\/lopezdoriga.com\/nacional\/firma-amlo-decreto-de-la-reforma-judicial-se-publica-en-el-dof\/\" target=\"_blank\" rel=\"noopener\">septiembre de este a\u00f1o<\/a>, es una iniciativa de L\u00f3pez Obrador que propone la elecci\u00f3n popular de jueces y magistrados, algo que ha generado desconfianza econ\u00f3mica y dudas entre la comunidad internacional; y la inclusi\u00f3n de la\u00a0<strong>Guardia<\/strong>\u00a0<strong>Nacional<\/strong>, un cuerpo de seguridad inicialmente aut\u00f3nomo, como parte de la Secretar\u00eda de Defensa Nacional.<\/p>\n<p>Con informaci\u00f3n de EFE<\/p>\n<\/div>\n","protected":false},"excerpt":{"rendered":"<p>Estos son, de forma cronol\u00f3gica, los diez momentos que definieron el sexenio del presidente Andr\u00e9s Manuel L\u00f3pez Obrador. Andr\u00e9s Manuel L\u00f3pez Obrador\u00a0asumi\u00f3 la\u00a0Presidencia\u00a0de M\u00e9xico el 1 de diciembre de 2018 y seis a\u00f1os despu\u00e9s el pa\u00eds se prepara para que su sucesora, la presidenta electa Claudia Sheinbaum, tome el relevo como la primera mujer en dirigir el Gobierno mexicano. Durante el sexenio de L\u00f3pez Obrador en el poder han ocurrido profundas transformaciones pol\u00edticas y sociales, a continuaci\u00f3n presentamos de forma cronol\u00f3gica los\u00a0diez momentos\u00a0que\u00a0definieron\u00a0su\u00a0Gobierno. \u00a0Tragedia en Hidalgo Calificado por el propio L\u00f3pez Obrador como su \u201cmomento m\u00e1s dif\u00edcil\u201c, ocurri\u00f3 en los [&hellip;]<\/p>\n","protected":false},"author":3,"featured_media":104812,"comment_status":"open","ping_status":"open","sticky":false,"template":"","format":"standard","meta":{"_jetpack_newsletter_access":"","_jetpack_dont_email_post_to_subs":false,"_jetpack_newsletter_tier_id":0,"_jetpack_memberships_contains_paywalled_content":false,"_jetpack_feature_clip_id":0,"_jetpack_memberships_contains_paid_content":false,"footnotes":"","jetpack_publicize_message":"","jetpack_publicize_feature_enabled":true,"jetpack_social_post_already_shared":true,"jetpack_social_options":{"image_generator_settings":{"template":"highway","default_image_id":0,"font":"","enabled":false},"version":2},"jetpack_post_was_ever_published":false},"categories":[75,72],"tags":[],"class_list":["post-104809","post","type-post","status-publish","format-standard","has-post-thumbnail","hentry","category-nacional","category-portada","post--single"],"jetpack_publicize_connections":[],"jetpack_featured_media_url":"https:\/\/ovelanalista.com\/wp-content\/uploads\/2024\/09\/amlo-lopez-obrador-testamento-politico.webp","jetpack_sharing_enabled":true,"_links":{"self":[{"href":"https:\/\/ovelanalista.com\/index.php?rest_route=\/wp\/v2\/posts\/104809","targetHints":{"allow":["GET"]}}],"collection":[{"href":"https:\/\/ovelanalista.com\/index.php?rest_route=\/wp\/v2\/posts"}],"about":[{"href":"https:\/\/ovelanalista.com\/index.php?rest_route=\/wp\/v2\/types\/post"}],"author":[{"embeddable":true,"href":"https:\/\/ovelanalista.com\/index.php?rest_route=\/wp\/v2\/users\/3"}],"replies":[{"embeddable":true,"href":"https:\/\/ovelanalista.com\/index.php?rest_route=%2Fwp%2Fv2%2Fcomments&post=104809"}],"version-history":[{"count":1,"href":"https:\/\/ovelanalista.com\/index.php?rest_route=\/wp\/v2\/posts\/104809\/revisions"}],"predecessor-version":[{"id":104813,"href":"https:\/\/ovelanalista.com\/index.php?rest_route=\/wp\/v2\/posts\/104809\/revisions\/104813"}],"wp:featuredmedia":[{"embeddable":true,"href":"https:\/\/ovelanalista.com\/index.php?rest_route=\/wp\/v2\/media\/104812"}],"wp:attachment":[{"href":"https:\/\/ovelanalista.com\/index.php?rest_route=%2Fwp%2Fv2%2Fmedia&parent=104809"}],"wp:term":[{"taxonomy":"category","embeddable":true,"href":"https:\/\/ovelanalista.com\/index.php?rest_route=%2Fwp%2Fv2%2Fcategories&post=104809"},{"taxonomy":"post_tag","embeddable":true,"href":"https:\/\/ovelanalista.com\/index.php?rest_route=%2Fwp%2Fv2%2Ftags&post=104809"}],"curies":[{"name":"wp","href":"https:\/\/api.w.org\/{rel}","templated":true}]}}