{"id":104811,"date":"2024-09-30T13:45:05","date_gmt":"2024-09-30T19:45:05","guid":{"rendered":"https:\/\/ovelanalista.com\/?p=104811"},"modified":"2024-09-30T11:34:02","modified_gmt":"2024-09-30T17:34:02","slug":"amlo-rifa-un-reloj-entre-reporteros-que-acudieron-a-la-mananera","status":"publish","type":"post","link":"https:\/\/ovelanalista.com\/?p=104811","title":{"rendered":"AMLO rifa un reloj entre reporteros que acudieron a la \u2018ma\u00f1anera\u2019"},"content":{"rendered":"<p>Como lo prometi\u00f3 el 6 de septiembre, L\u00f3pez Obrador rif\u00f3 un reloj entre los reporteros durante la \u00faltima conferencia matutina del sexenio.<\/p>\n<p>Tal y como lo prometi\u00f3 el\u00a0<a href=\"https:\/\/lopezdoriga.com\/nacional\/lopez-obrador-rifara-reloj-ultima-mananera\/\" target=\"_blank\" rel=\"noopener\">6 de septiembre<\/a>, el presidente\u00a0<a href=\"https:\/\/twitter.com\/lopezobrador_\" target=\"_blank\" rel=\"noreferrer noopener\"><span class=\"s1\"><b>Andr\u00e9s Manuel<\/b><\/span><\/a><b>\u00a0L\u00f3pez Obrador<\/b>\u00a0rif\u00f3 un\u00a0<strong>reloj<\/strong>\u00a0entre los\u00a0<strong>periodistas<\/strong>\u00a0que acudieron habitualmente a las\u00a0<em><strong>ma\u00f1aneras<\/strong><\/em>.<\/p>\n<p>Este acto, realizado en la \u00faltima conferencia matutina en Palacio nacional, tuvo el objetivo de agradecerles a los reporteros por estar presentes a lo largo de su sexenio.<\/p>\n<p>\u201cMe da mucho gusto que esta sea la conferencia de prensa, no vamos a tener tiempo para preguntas y respuestas, pero s\u00ed vamos a tener tiempo para lo que les ofrec\u00ed\u201d, dijo.<\/p>\n<p>\u201cSe van a rayar porque vamos a rifar el reloj\u201d\u201d, puntualiz\u00f3 el mandatario mexicano<\/p>\n<p>El ganador de dicho art\u00edculo del presidente L\u00f3pez Obrador fue\u00a0<strong>Julio Omar G\u00f3mez<\/strong>\u00a0del medio Sin punto ni Comas, de Baja California.<\/p>\n<p>Con informaci\u00f3n de L\u00f3pez-D\u00f3riga Digital<\/p>\n<p>&nbsp;<\/p>\n<p>&nbsp;<\/p>\n","protected":false},"excerpt":{"rendered":"<p>Como lo prometi\u00f3 el 6 de septiembre, L\u00f3pez Obrador rif\u00f3 un reloj entre los reporteros durante la \u00faltima conferencia matutina del sexenio. Tal y como lo prometi\u00f3 el\u00a06 de septiembre, el presidente\u00a0Andr\u00e9s Manuel\u00a0L\u00f3pez Obrador\u00a0rif\u00f3 un\u00a0reloj\u00a0entre los\u00a0periodistas\u00a0que acudieron habitualmente a las\u00a0ma\u00f1aneras. Este acto, realizado en la \u00faltima conferencia matutina en Palacio nacional, tuvo el objetivo de agradecerles a los reporteros por estar presentes a lo largo de su sexenio. \u201cMe da mucho gusto que esta sea la conferencia de prensa, no vamos a tener tiempo para preguntas y respuestas, pero s\u00ed vamos a tener tiempo para lo que les ofrec\u00ed\u201d, dijo. [&hellip;]<\/p>\n","protected":false},"author":3,"featured_media":104814,"comment_status":"open","ping_status":"open","sticky":false,"template":"","format":"standard","meta":{"_jetpack_newsletter_access":"","_jetpack_dont_email_post_to_subs":false,"_jetpack_newsletter_tier_id":0,"_jetpack_memberships_contains_paywalled_content":false,"_jetpack_feature_clip_id":0,"_jetpack_memberships_contains_paid_content":false,"footnotes":"","jetpack_publicize_message":"","jetpack_publicize_feature_enabled":true,"jetpack_social_post_already_shared":true,"jetpack_social_options":{"image_generator_settings":{"template":"highway","default_image_id":0,"font":"","enabled":false},"version":2},"jetpack_post_was_ever_published":false},"categories":[75,72],"tags":[],"class_list":["post-104811","post","type-post","status-publish","format-standard","has-post-thumbnail","hentry","category-nacional","category-portada","post--single"],"jetpack_publicize_connections":[],"jetpack_featured_media_url":"https:\/\/ovelanalista.com\/wp-content\/uploads\/2024\/09\/amlo-lopez-obrador-reloj-rifa.webp","jetpack_sharing_enabled":true,"_links":{"self":[{"href":"https:\/\/ovelanalista.com\/index.php?rest_route=\/wp\/v2\/posts\/104811","targetHints":{"allow":["GET"]}}],"collection":[{"href":"https:\/\/ovelanalista.com\/index.php?rest_route=\/wp\/v2\/posts"}],"about":[{"href":"https:\/\/ovelanalista.com\/index.php?rest_route=\/wp\/v2\/types\/post"}],"author":[{"embeddable":true,"href":"https:\/\/ovelanalista.com\/index.php?rest_route=\/wp\/v2\/users\/3"}],"replies":[{"embeddable":true,"href":"https:\/\/ovelanalista.com\/index.php?rest_route=%2Fwp%2Fv2%2Fcomments&post=104811"}],"version-history":[{"count":1,"href":"https:\/\/ovelanalista.com\/index.php?rest_route=\/wp\/v2\/posts\/104811\/revisions"}],"predecessor-version":[{"id":104816,"href":"https:\/\/ovelanalista.com\/index.php?rest_route=\/wp\/v2\/posts\/104811\/revisions\/104816"}],"wp:featuredmedia":[{"embeddable":true,"href":"https:\/\/ovelanalista.com\/index.php?rest_route=\/wp\/v2\/media\/104814"}],"wp:attachment":[{"href":"https:\/\/ovelanalista.com\/index.php?rest_route=%2Fwp%2Fv2%2Fmedia&parent=104811"}],"wp:term":[{"taxonomy":"category","embeddable":true,"href":"https:\/\/ovelanalista.com\/index.php?rest_route=%2Fwp%2Fv2%2Fcategories&post=104811"},{"taxonomy":"post_tag","embeddable":true,"href":"https:\/\/ovelanalista.com\/index.php?rest_route=%2Fwp%2Fv2%2Ftags&post=104811"}],"curies":[{"name":"wp","href":"https:\/\/api.w.org\/{rel}","templated":true}]}}