{"id":104819,"date":"2024-09-30T14:30:20","date_gmt":"2024-09-30T20:30:20","guid":{"rendered":"https:\/\/ovelanalista.com\/?p=104819"},"modified":"2024-09-30T13:52:48","modified_gmt":"2024-09-30T19:52:48","slug":"sheinbaum-fue-respetuosa-hasta-el-final-otro-me-hubiera-negado-amlo","status":"publish","type":"post","link":"https:\/\/ovelanalista.com\/?p=104819","title":{"rendered":"Sheinbaum fue respetuosa hasta el final, otro me hubiera negado: AMLO"},"content":{"rendered":"<p>L\u00f3pez Obrador asever\u00f3 que Claudia Sheinbaum no pint\u00f3 su raya ni lo neg\u00f3, como lo hubiera hecho otra persona.<\/p>\n<p><span class=\"s1\"><a href=\"https:\/\/twitter.com\/lopezobrador_\" target=\"_blank\" rel=\"noreferrer noopener\"><b>Andr\u00e9s Manuel<\/b><\/a><\/span><b>\u00a0L\u00f3pez Obrador<\/b>, presidente de M\u00e9xico, dijo estar\u00a0<strong>satisfecho<\/strong>\u00a0por el\u00a0<strong>trato<\/strong>\u00a0que le dio su sucesora,\u00a0<strong>Claudia Sheinbaum<\/strong>, en el proceso de\u00a0<strong>transici\u00f3n<\/strong>.<\/p>\n<p class=\"p1\">En su\u00a0<a href=\"https:\/\/lopezdoriga.com\/nacional\/me-voy-satisfecho-me-dedique-servir-pueblo-lopez-obrador\/\" target=\"_blank\" rel=\"noopener\">\u00faltima conferencia matutina<\/a>\u00a0en Palacio Nacional, L\u00f3pez Obrador asever\u00f3 que Sheinbaum Pardo no pint\u00f3 su raya ni lo neg\u00f3, como lo hubiera hecho otra persona.<\/p>\n<div id=\"ros-inread-jdap6b\" class=\"ad-container dfp-ad-unit ad-inread ad-main-inread ad-slot\" data-ad-type=\"inread\" data-slot=\"inread\" data-ad-loaded=\"1\" data-ad-setup=\"{&quot;postID&quot;:1655108,&quot;canRefresh&quot;:false,&quot;infinitescroll&quot;:false}\" data-google-query-id=\"CLCJ2JG464gDFVeFpgQdB6MgHA\"><\/div>\n<div data-ad-type=\"inread\" data-slot=\"inread\" data-ad-loaded=\"1\" data-ad-setup=\"{&quot;postID&quot;:1655108,&quot;canRefresh&quot;:false,&quot;infinitescroll&quot;:false}\" data-google-query-id=\"CLCJ2JG464gDFVeFpgQdB6MgHA\">\n<p>\u201cMe voy muy contento tambi\u00e9n porque voy a entregar la banda presidencial a una mujer excepcional, a una humanista, a una mujer llena de amor, de humildad, de buenos sentimientos. Es dif\u00edcil que se encuentre en la historia una transici\u00f3n como la que estamos viviendo\u201d, declar\u00f3.<\/p>\n<blockquote><p>En lo personal les digo que me siento muy satisfecho por el trato de la presidenta hacia mi, respetuoso hasta el final, lo que demuestra su gran condici\u00f3n humana\u201d, sostuvo.<\/p><\/blockquote>\n<p>\u201cCualquier otro acomplejado, hombre o mujer, lo primero que hubiese hecho hubiese sido negarme o empezar con indirectas a cuestionar lo que hemos conseguido entre todos para diferenciarse, pintar su raya, o con golpes espectaculares, si se acuerdan de la historia de las sucesiones para que la gente diga ahora s\u00ed viene el cambio\u201d, asegur\u00f3.<\/p>\n<p>El mandatario mexicano recalc\u00f3 que a M\u00e9xico le va a ir muy bien con Claudia Sheinbaum en la presidencia de la Rep\u00fablica<\/p>\n<p>\u201cPor eso estoy seguro que le va a ir muy bien, como lo merece nuestro pa\u00eds, y muy bien a nuestro pueblo con la pr\u00f3xima presidenta\u201d, se\u00f1al\u00f3.<\/p>\n<div class=\"entry-content entry-grid mx-auto col-12 col-lg-12 col-xl-10\">\n<div class=\"entry-grid__content-area2 entry-main-text\">\n<div class=\"row\">\n<div class=\"col-12 col-lg-8\">\n<div class=\"article-content\">\n<p>L\u00f3pez Obrador vio como algo positivo el hecho de que contin\u00faen las conferencias ma\u00f1aneras en la pr\u00f3xima Administraci\u00f3n federal.<\/p>\n<p>\u201cMe da much\u00edsimo gusto que contin\u00fae este ejercicio de aut\u00e9ntica comunicaci\u00f3n, de mensajes de ida y vuelta, como lo ofreci\u00f3 la presidenta electa Claudia Sheinbaum\u201d, destac\u00f3.<\/p>\n<p class=\"p1\">Con informaci\u00f3n de L\u00f3pez-D\u00f3riga Digital<\/p>\n<\/div>\n<\/div>\n<\/div>\n<\/div>\n<\/div>\n<\/div>\n","protected":false},"excerpt":{"rendered":"<p>L\u00f3pez Obrador asever\u00f3 que Claudia Sheinbaum no pint\u00f3 su raya ni lo neg\u00f3, como lo hubiera hecho otra persona. Andr\u00e9s Manuel\u00a0L\u00f3pez Obrador, presidente de M\u00e9xico, dijo estar\u00a0satisfecho\u00a0por el\u00a0trato\u00a0que le dio su sucesora,\u00a0Claudia Sheinbaum, en el proceso de\u00a0transici\u00f3n. En su\u00a0\u00faltima conferencia matutina\u00a0en Palacio Nacional, L\u00f3pez Obrador asever\u00f3 que Sheinbaum Pardo no pint\u00f3 su raya ni lo neg\u00f3, como lo hubiera hecho otra persona. \u201cMe voy muy contento tambi\u00e9n porque voy a entregar la banda presidencial a una mujer excepcional, a una humanista, a una mujer llena de amor, de humildad, de buenos sentimientos. Es dif\u00edcil que se encuentre en la historia [&hellip;]<\/p>\n","protected":false},"author":3,"featured_media":104826,"comment_status":"open","ping_status":"open","sticky":false,"template":"","format":"standard","meta":{"_jetpack_newsletter_access":"","_jetpack_dont_email_post_to_subs":false,"_jetpack_newsletter_tier_id":0,"_jetpack_memberships_contains_paywalled_content":false,"_jetpack_feature_clip_id":0,"_jetpack_memberships_contains_paid_content":false,"footnotes":"","jetpack_publicize_message":"","jetpack_publicize_feature_enabled":true,"jetpack_social_post_already_shared":true,"jetpack_social_options":{"image_generator_settings":{"template":"highway","default_image_id":0,"font":"","enabled":false},"version":2},"jetpack_post_was_ever_published":false},"categories":[75,72],"tags":[],"class_list":["post-104819","post","type-post","status-publish","format-standard","has-post-thumbnail","hentry","category-nacional","category-portada","post--single"],"jetpack_publicize_connections":[],"jetpack_featured_media_url":"https:\/\/ovelanalista.com\/wp-content\/uploads\/2024\/09\/amlo-lopez-obrador-sheinbaum-1-1.webp","jetpack_sharing_enabled":true,"_links":{"self":[{"href":"https:\/\/ovelanalista.com\/index.php?rest_route=\/wp\/v2\/posts\/104819","targetHints":{"allow":["GET"]}}],"collection":[{"href":"https:\/\/ovelanalista.com\/index.php?rest_route=\/wp\/v2\/posts"}],"about":[{"href":"https:\/\/ovelanalista.com\/index.php?rest_route=\/wp\/v2\/types\/post"}],"author":[{"embeddable":true,"href":"https:\/\/ovelanalista.com\/index.php?rest_route=\/wp\/v2\/users\/3"}],"replies":[{"embeddable":true,"href":"https:\/\/ovelanalista.com\/index.php?rest_route=%2Fwp%2Fv2%2Fcomments&post=104819"}],"version-history":[{"count":1,"href":"https:\/\/ovelanalista.com\/index.php?rest_route=\/wp\/v2\/posts\/104819\/revisions"}],"predecessor-version":[{"id":104827,"href":"https:\/\/ovelanalista.com\/index.php?rest_route=\/wp\/v2\/posts\/104819\/revisions\/104827"}],"wp:featuredmedia":[{"embeddable":true,"href":"https:\/\/ovelanalista.com\/index.php?rest_route=\/wp\/v2\/media\/104826"}],"wp:attachment":[{"href":"https:\/\/ovelanalista.com\/index.php?rest_route=%2Fwp%2Fv2%2Fmedia&parent=104819"}],"wp:term":[{"taxonomy":"category","embeddable":true,"href":"https:\/\/ovelanalista.com\/index.php?rest_route=%2Fwp%2Fv2%2Fcategories&post=104819"},{"taxonomy":"post_tag","embeddable":true,"href":"https:\/\/ovelanalista.com\/index.php?rest_route=%2Fwp%2Fv2%2Ftags&post=104819"}],"curies":[{"name":"wp","href":"https:\/\/api.w.org\/{rel}","templated":true}]}}