{"id":104823,"date":"2024-09-30T14:15:11","date_gmt":"2024-09-30T20:15:11","guid":{"rendered":"https:\/\/ovelanalista.com\/?p=104823"},"modified":"2024-09-30T13:51:17","modified_gmt":"2024-09-30T19:51:17","slug":"gobierno-inicio-el-censo-para-entregar-apoyos-a-afectados-por-el-ciclon-john-en-acapulco","status":"publish","type":"post","link":"https:\/\/ovelanalista.com\/?p=104823","title":{"rendered":"Gobierno inici\u00f3 el censo para entregar apoyos a afectados por el cicl\u00f3n \u201cJohn\u201d en Acapulco"},"content":{"rendered":"<p>L\u00f3pez Obrador inform\u00f3 que Claudia Sheinbaum visitar\u00e1 Acapulco, principal zona afectada por el cicl\u00f3n \u201cJohn\u201d, el mi\u00e9rcoles 2 de octubre.<\/p>\n<p class=\"p1\">El presidente\u00a0<a href=\"https:\/\/twitter.com\/lopezobrador_\" target=\"_blank\" rel=\"noreferrer noopener\"><span class=\"s1\"><b>Andr\u00e9s Manuel<\/b><\/span><\/a><b>\u00a0L\u00f3pez Obrador<\/b>\u00a0inform\u00f3 que ya inici\u00f3 en\u00a0<strong>Acapulco<\/strong>, Guerrero, el\u00a0<strong>censo<\/strong>\u00a0para entregar<strong>\u00a0apoyos directos<\/strong>\u00a0a los\u00a0<strong>afectados<\/strong>\u00a0por el\u00a0<strong><a href=\"https:\/\/lopezdoriga.com\/nacional\/impacto-de-john-y-desfogue-de-presas-provocan-afectaciones-en-comunidad-de-la-union-en-guerrero\/\" target=\"_blank\" rel=\"noopener\">cicl\u00f3n<\/a>\u00a0\u201cJohn\u201d<\/strong>.<\/p>\n<div>En su \u00faltima conferencia matutina en Palacio Nacional, L\u00f3pez Obrador detall\u00f3 que\u00a0<strong>Claudia Sheinbaum<\/strong>, ya como mandataria constitucional, visitar\u00e1 el mi\u00e9rcoles 2 de octubre el puerto de Acapulco luego de las inundaciones ocasionadas por el cicl\u00f3n \u201cJohn\u201d.<\/div>\n<div><\/div>\n<div>\n<blockquote><p>Estamos atendiendo a damnificados de Acapulco, est\u00e1 la Sedena, Marina, Guardia Nacional, Protecci\u00f3n civil, la Secretar\u00eda del Bienestar\u201d, dijo.<\/p><\/blockquote>\n<p>\u201cMe dio mucho gusto enterarme que el mi\u00e9rcoles a va a visitar Acapulco la presidenta constitucional, Claudia Sheinbaum\u201d, puntualiz\u00f3.<\/p>\n<p>El mandatario mexicano apunt\u00f3 que \u201cya baj\u00f3 el agua\u201d en las zonas afectadas en Acapulco por \u201cJohn\u201d, y que la pr\u00f3xima semana iniciar\u00e1 el censo para entregar los apoyos.<\/p>\n<p>\u201cYa baj\u00f3 el agua en las colonias inundadas, estamos entregando comida caliente, estamos distribuyendo despensas, hay servicio m\u00e9dico, ya comenz\u00f3 el censo para entregar en 15 mil viviendas que fueron las afectadas apoyos de manera directa, esto por lo que corresponde al d\u00eda de hoy\u201d, detall\u00f3<\/p>\n<p>\u201cSe est\u00e1 trabajando lo mismo en la Costa Chica, en la Costa Grande, se est\u00e1 atendiendo Michoac\u00e1n, tambi\u00e9n comunidades afectadas en Oaxaca. Mandarles a todas y todos nuestra solidaridad, nuestro apoyo, nunca han estado solos, siempre han contado y van a seguir contando con el apoyo de nuestro Gobierno\u201d, agreg\u00f3.<\/p>\n<p>Autoridades reportaron el domingo que el cicl\u00f3n \u201cJohn\u201d, que toc\u00f3 en dos ocasiones territorio nacional la semana pasada, ha dejado al menos 29 muertos.<\/p>\n<p>De esta cantidad de decesos, 23 de ellos se han registrado en Guerrero, cinco en Oaxaca, y uno m\u00e1s en Michoac\u00e1n.<\/p>\n<p class=\"p1\">Con informaci\u00f3n de L\u00f3pez-D\u00f3riga Digital<\/p>\n<\/div>\n","protected":false},"excerpt":{"rendered":"<p>L\u00f3pez Obrador inform\u00f3 que Claudia Sheinbaum visitar\u00e1 Acapulco, principal zona afectada por el cicl\u00f3n \u201cJohn\u201d, el mi\u00e9rcoles 2 de octubre. El presidente\u00a0Andr\u00e9s Manuel\u00a0L\u00f3pez Obrador\u00a0inform\u00f3 que ya inici\u00f3 en\u00a0Acapulco, Guerrero, el\u00a0censo\u00a0para entregar\u00a0apoyos directos\u00a0a los\u00a0afectados\u00a0por el\u00a0cicl\u00f3n\u00a0\u201cJohn\u201d. En su \u00faltima conferencia matutina en Palacio Nacional, L\u00f3pez Obrador detall\u00f3 que\u00a0Claudia Sheinbaum, ya como mandataria constitucional, visitar\u00e1 el mi\u00e9rcoles 2 de octubre el puerto de Acapulco luego de las inundaciones ocasionadas por el cicl\u00f3n \u201cJohn\u201d. Estamos atendiendo a damnificados de Acapulco, est\u00e1 la Sedena, Marina, Guardia Nacional, Protecci\u00f3n civil, la Secretar\u00eda del Bienestar\u201d, dijo. \u201cMe dio mucho gusto enterarme que el mi\u00e9rcoles a va a [&hellip;]<\/p>\n","protected":false},"author":3,"featured_media":104824,"comment_status":"open","ping_status":"open","sticky":false,"template":"","format":"standard","meta":{"_jetpack_newsletter_access":"","_jetpack_dont_email_post_to_subs":false,"_jetpack_newsletter_tier_id":0,"_jetpack_memberships_contains_paywalled_content":false,"_jetpack_feature_clip_id":0,"_jetpack_memberships_contains_paid_content":false,"footnotes":"","jetpack_publicize_message":"","jetpack_publicize_feature_enabled":true,"jetpack_social_post_already_shared":true,"jetpack_social_options":{"image_generator_settings":{"template":"highway","default_image_id":0,"font":"","enabled":false},"version":2},"jetpack_post_was_ever_published":false},"categories":[75,72],"tags":[],"class_list":["post-104823","post","type-post","status-publish","format-standard","has-post-thumbnail","hentry","category-nacional","category-portada","post--single"],"jetpack_publicize_connections":[],"jetpack_featured_media_url":"https:\/\/ovelanalista.com\/wp-content\/uploads\/2024\/09\/acapulco-guerrero-inundaciones-john.webp","jetpack_sharing_enabled":true,"_links":{"self":[{"href":"https:\/\/ovelanalista.com\/index.php?rest_route=\/wp\/v2\/posts\/104823","targetHints":{"allow":["GET"]}}],"collection":[{"href":"https:\/\/ovelanalista.com\/index.php?rest_route=\/wp\/v2\/posts"}],"about":[{"href":"https:\/\/ovelanalista.com\/index.php?rest_route=\/wp\/v2\/types\/post"}],"author":[{"embeddable":true,"href":"https:\/\/ovelanalista.com\/index.php?rest_route=\/wp\/v2\/users\/3"}],"replies":[{"embeddable":true,"href":"https:\/\/ovelanalista.com\/index.php?rest_route=%2Fwp%2Fv2%2Fcomments&post=104823"}],"version-history":[{"count":1,"href":"https:\/\/ovelanalista.com\/index.php?rest_route=\/wp\/v2\/posts\/104823\/revisions"}],"predecessor-version":[{"id":104825,"href":"https:\/\/ovelanalista.com\/index.php?rest_route=\/wp\/v2\/posts\/104823\/revisions\/104825"}],"wp:featuredmedia":[{"embeddable":true,"href":"https:\/\/ovelanalista.com\/index.php?rest_route=\/wp\/v2\/media\/104824"}],"wp:attachment":[{"href":"https:\/\/ovelanalista.com\/index.php?rest_route=%2Fwp%2Fv2%2Fmedia&parent=104823"}],"wp:term":[{"taxonomy":"category","embeddable":true,"href":"https:\/\/ovelanalista.com\/index.php?rest_route=%2Fwp%2Fv2%2Fcategories&post=104823"},{"taxonomy":"post_tag","embeddable":true,"href":"https:\/\/ovelanalista.com\/index.php?rest_route=%2Fwp%2Fv2%2Ftags&post=104823"}],"curies":[{"name":"wp","href":"https:\/\/api.w.org\/{rel}","templated":true}]}}