{"id":104828,"date":"2024-09-30T16:00:52","date_gmt":"2024-09-30T22:00:52","guid":{"rendered":"https:\/\/ovelanalista.com\/?p=104828"},"modified":"2024-09-30T13:56:58","modified_gmt":"2024-09-30T19:56:58","slug":"me-voy-satisfecho-me-dedique-a-servir-al-pueblo-lopez-obrador","status":"publish","type":"post","link":"https:\/\/ovelanalista.com\/?p=104828","title":{"rendered":"\u201cMe voy satisfecho, me dediqu\u00e9 a servir al pueblo\u201d: L\u00f3pez Obrador"},"content":{"rendered":"<p>En su \u00faltima \u2018ma\u00f1anera\u2019, L\u00f3pez Obrador apunt\u00f3 que a lo largo de su sexenio se dedic\u00f3 a servir a todos los mexicanos.<\/p>\n<div class=\"entry-grid__content-area2 entry-main-text\">\n<div class=\"row\">\n<div class=\"col-12 col-lg-8\">\n<div class=\"article-content\">\n<p class=\"p1\">El presidente\u00a0<a href=\"https:\/\/twitter.com\/lopezobrador_\" target=\"_blank\" rel=\"noreferrer noopener\"><span class=\"s1\"><b>Andr\u00e9s Manuel<\/b><\/span><\/a><b>\u00a0L\u00f3pez Obrador<\/b>\u00a0dej\u00f3 en claro que\u00a0<strong>se va del Gobierno \u201cmuy satisfecho\u201d<\/strong>\u00a0de lo alcanzado en estos casi seis a\u00f1os que dur\u00f3 su Administraci\u00f3n.<\/p>\n<p>En su \u00faltima conferencia matutina de Palacio Nacional, L\u00f3pez Obrador apunt\u00f3 que a lo largo de su sexenio se dedic\u00f3 a servir a todos los mexicanos.<\/p>\n<blockquote><p>No puedo dejar de decir que me voy muy satisfecho, por el cari\u00f1o de muchos mexicanos, mujeres, hombres, cosa que agradezco de todo coraz\u00f3n. Me dediqu\u00e9 a servir al pueblo\u201d, dijo.<\/p><\/blockquote>\n<p>\u201cMe siento muy orgulloso, muy contento de que atendimos a todos, escuchamos a todos respetamos a todos, pero le dimos preferencia a los m\u00e1s necesitados. Llevamos a la pr\u00e1ctica nuestro principio de que por el bien de todos primeros los pobres\u201d, enfatiz\u00f3.<\/p>\n<p>\u201cY no solo fue una proclama, no solo fue un lema. Se convirti\u00f3 en una realidad porque logramos y ese es otro timbre de orgullo, reducir la pobreza y la desigualdad en nuestro pa\u00eds, a pesar de la pandemia que tanto dolor nos caus\u00f3 y nos tumb\u00f3 la econom\u00eda como no suced\u00eda en m\u00e1s de un siglo. Nos levantamos y se logr\u00f3 recuperar el crecimiento econ\u00f3mico a\u00fan limitado por esa crisis econ\u00f3mica\u00a0 externa\u201d, puntualiz\u00f3.<\/p>\n<p>El mandatario mexicano asegur\u00f3 que el presupuesto se distribuy\u00f3 al pueblo y se mejoraron las condiciones de vida de los mexicanos.<\/p>\n<p>\u201cA\u00fan cuando creci\u00f3 poco la econom\u00eda, como hubo una distribuci\u00f3n de la riqueza, del ingreso, del presupuesto, justa, como se distribuy\u00f3 el presupuesto a todos, como se aumentaron los salarios como no suced\u00eda en muchas d\u00e9cadas, como no se permiti\u00f3 la corrupci\u00f3n, como no hubo lujos en el Gobierno, se pudieron mejorar las condiciones de vida y de trabajo de la mayor\u00eda de los mexicanos\u201d, indic\u00f3.<\/p>\n<p>El mandatario mexicano\u00a0<a href=\"https:\/\/lopezdoriga.com\/nacional\/amlo-firma-reformas-constitucionales-guardia-nacional-favor-pueblos-indigenas\/\" target=\"_blank\" rel=\"noopener\">firm\u00f3 esta ma\u00f1ana<\/a>\u00a0las reformas constitucionales de la\u00a0<strong>Guardia Nacional<\/strong>, que pasa a ser administrada por la\u00a0<strong>Secretar\u00eda de la Defensa Nacional<\/strong>\u00a0(<strong>Sedena<\/strong>), y la que garantiza los\u00a0<strong>derechos<\/strong>\u00a0de los<strong>\u00a0pueblos ind\u00edgenas<\/strong>\u00a0en el pa\u00eds.<\/p>\n<p>Con informaci\u00f3n de L\u00f3pez-D\u00f3riga Digital<\/p>\n<\/div>\n<\/div>\n<\/div>\n<\/div>\n","protected":false},"excerpt":{"rendered":"<p>En su \u00faltima \u2018ma\u00f1anera\u2019, L\u00f3pez Obrador apunt\u00f3 que a lo largo de su sexenio se dedic\u00f3 a servir a todos los mexicanos. El presidente\u00a0Andr\u00e9s Manuel\u00a0L\u00f3pez Obrador\u00a0dej\u00f3 en claro que\u00a0se va del Gobierno \u201cmuy satisfecho\u201d\u00a0de lo alcanzado en estos casi seis a\u00f1os que dur\u00f3 su Administraci\u00f3n. En su \u00faltima conferencia matutina de Palacio Nacional, L\u00f3pez Obrador apunt\u00f3 que a lo largo de su sexenio se dedic\u00f3 a servir a todos los mexicanos. No puedo dejar de decir que me voy muy satisfecho, por el cari\u00f1o de muchos mexicanos, mujeres, hombres, cosa que agradezco de todo coraz\u00f3n. Me dediqu\u00e9 a servir al [&hellip;]<\/p>\n","protected":false},"author":3,"featured_media":104833,"comment_status":"open","ping_status":"open","sticky":false,"template":"","format":"standard","meta":{"_jetpack_newsletter_access":"","_jetpack_dont_email_post_to_subs":false,"_jetpack_newsletter_tier_id":0,"_jetpack_memberships_contains_paywalled_content":false,"_jetpack_feature_clip_id":0,"_jetpack_memberships_contains_paid_content":false,"footnotes":"","jetpack_publicize_message":"","jetpack_publicize_feature_enabled":true,"jetpack_social_post_already_shared":true,"jetpack_social_options":{"image_generator_settings":{"template":"highway","default_image_id":0,"font":"","enabled":false},"version":2},"jetpack_post_was_ever_published":false},"categories":[75,72],"tags":[],"class_list":["post-104828","post","type-post","status-publish","format-standard","has-post-thumbnail","hentry","category-nacional","category-portada","post--single"],"jetpack_publicize_connections":[],"jetpack_featured_media_url":"https:\/\/ovelanalista.com\/wp-content\/uploads\/2024\/09\/amlo-lopez-obrador-ultima-mananera.webp","jetpack_sharing_enabled":true,"_links":{"self":[{"href":"https:\/\/ovelanalista.com\/index.php?rest_route=\/wp\/v2\/posts\/104828","targetHints":{"allow":["GET"]}}],"collection":[{"href":"https:\/\/ovelanalista.com\/index.php?rest_route=\/wp\/v2\/posts"}],"about":[{"href":"https:\/\/ovelanalista.com\/index.php?rest_route=\/wp\/v2\/types\/post"}],"author":[{"embeddable":true,"href":"https:\/\/ovelanalista.com\/index.php?rest_route=\/wp\/v2\/users\/3"}],"replies":[{"embeddable":true,"href":"https:\/\/ovelanalista.com\/index.php?rest_route=%2Fwp%2Fv2%2Fcomments&post=104828"}],"version-history":[{"count":1,"href":"https:\/\/ovelanalista.com\/index.php?rest_route=\/wp\/v2\/posts\/104828\/revisions"}],"predecessor-version":[{"id":104834,"href":"https:\/\/ovelanalista.com\/index.php?rest_route=\/wp\/v2\/posts\/104828\/revisions\/104834"}],"wp:featuredmedia":[{"embeddable":true,"href":"https:\/\/ovelanalista.com\/index.php?rest_route=\/wp\/v2\/media\/104833"}],"wp:attachment":[{"href":"https:\/\/ovelanalista.com\/index.php?rest_route=%2Fwp%2Fv2%2Fmedia&parent=104828"}],"wp:term":[{"taxonomy":"category","embeddable":true,"href":"https:\/\/ovelanalista.com\/index.php?rest_route=%2Fwp%2Fv2%2Fcategories&post=104828"},{"taxonomy":"post_tag","embeddable":true,"href":"https:\/\/ovelanalista.com\/index.php?rest_route=%2Fwp%2Fv2%2Ftags&post=104828"}],"curies":[{"name":"wp","href":"https:\/\/api.w.org\/{rel}","templated":true}]}}