{"id":104835,"date":"2024-09-30T16:45:26","date_gmt":"2024-09-30T22:45:26","guid":{"rendered":"https:\/\/ovelanalista.com\/?p=104835"},"modified":"2024-09-30T14:14:42","modified_gmt":"2024-09-30T20:14:42","slug":"estoy-lista-estoy-fuerte-asegura-claudia-sheinbaum-de-cara-a-su-investidura","status":"publish","type":"post","link":"https:\/\/ovelanalista.com\/?p=104835","title":{"rendered":"\u201cEstoy lista, estoy fuerte\u201d, asegura Claudia Sheinbaum de cara a su investidura"},"content":{"rendered":"<p>En su \u00faltima intervenci\u00f3n p\u00fablica previa a su investidura, Sheinbaum elogi\u00f3 al mandatario saliente, con quien comenz\u00f3 el 14 de junio la gira de transici\u00f3n.<\/p>\n<p>La presidenta electa de\u00a0<strong>M\u00e9xico<\/strong>,\u00a0<strong>Claudia Sheinbaum<\/strong>, quien asume el 1 de octubre, afirm\u00f3 este domingo estar \u201clista y fuerte\u201d, al concluir su\u00a0<strong>gira de transici\u00f3n<\/strong>\u00a0con el mandatario saliente,\u00a0<strong>Andr\u00e9s Manuel L\u00f3pez Obrador<\/strong>, con la apertura de la estaci\u00f3n\u00a0<strong>Chetumal del Tren Maya<\/strong>, megaproyecto emblema del Gobierno en el sureste mexicano.<\/p>\n<p>\u201cEstoy lista, estoy fuerte. Est\u00e1 listo el pueblo de\u00a0<strong>M\u00e9xico<\/strong>\u00a0para iniciar la segunda etapa de la \u2018<strong>cuarta transformaci\u00f3n<\/strong>\u2019\u201d, dijo\u00a0<strong>Sheinbaum<\/strong>\u00a0en referencia al t\u00e9rmino con el que se conoce al oficialismo.<\/p>\n<p>En su \u00faltima intervenci\u00f3n p\u00fablica previa a asumir como presidenta este martes,\u00a0<strong>Sheinbaum<\/strong>\u00a0elogi\u00f3 al mandatario saliente, con quien comenz\u00f3 el 14 de junio la gira de transici\u00f3n, que calific\u00f3 como \u201c<strong>hist\u00f3rica<\/strong>\u201d.<\/p>\n<p>https:\/\/x.com\/lopezobrador_\/status\/1840475574558674960?ref_src=twsrc%5Etfw%7Ctwcamp%5Etweetembed%7Ctwterm%5E1840475574558674960%7Ctwgr%5E5f5be452b855e9d46392461fa00a438baa962365%7Ctwcon%5Es1_c10&#038;ref_url=https%3A%2F%2Flopezdoriga.com%2Fnacional%2Festoy-lista-estoy-fuerte-asegura-claudia-sheinbaum-de-cara-a-su-investidura%2F<\/p>\n<p>\u201cEn estos meses, he sido testigo de lo hermoso que es ver a un presidente fundirse con su pueblo, y de lo emocionante que es ver a un pueblo fundirse con su presidente\u201d, resalt\u00f3 Sheinbaum.<\/p>\n<blockquote><p>Como usted dice, yo tampoco tengo por qu\u00e9 hacerle la\u00a0<strong>barba<\/strong>\u00a0(adularlo), pero da orgullo decir que usted est\u00e1 entre los grandes y que para millones de mexicanos y mexicanas es el mejor presidente que ha tenido nuestro pa\u00eds\u201d, continu\u00f3 la exjefa de\u00a0<strong>Gobierno de Ciudad de M\u00e9xico<\/strong>.<\/p><\/blockquote>\n<p><strong>Sheinbaum<\/strong>\u00a0enumer\u00f3 como logros de la\u00a0<strong>Administraci\u00f3n<\/strong>\u00a0saliente que hay en el pa\u00eds \u201cun nuevo modelo econ\u00f3mico, las bases de un nuevo poder judicial, los cimientos de un nuevo pensamiento\u201d y \u201cun pueblo politizado y alegre\u201d, entre otros.<\/p>\n<div id=\"ros-inread-multiple-pape2t\" class=\"ad-container dfp-ad-unit ad-inread ad-slot\" data-ad-type=\"inreadbox\" data-slot=\"inread-multiple\" data-ad-loaded=\"1\" data-ad-setup=\"{&quot;postID&quot;:1655032,&quot;canRefresh&quot;:false,&quot;infinitescroll&quot;:false}\" data-google-query-id=\"CJT_sqe964gDFX_QTwIdCVkaZA\"><\/div>\n<div data-ad-type=\"inreadbox\" data-slot=\"inread-multiple\" data-ad-loaded=\"1\" data-ad-setup=\"{&quot;postID&quot;:1655032,&quot;canRefresh&quot;:false,&quot;infinitescroll&quot;:false}\" data-google-query-id=\"CJT_sqe964gDFX_QTwIdCVkaZA\">\u201cEl\u00a0<strong>Tren Maya<\/strong>\u00a0frente a todas las\u00a0<strong>adversidades<\/strong>\u00a0es una realidad\u201d, celebr\u00f3 Sheinbaum, y dijo que, contrario a las cr\u00edticas, \u201cel tren signific\u00f3 el decreto de la reserva ecol\u00f3gica de selva m\u00e1s grande despu\u00e9s del Amazonas\u201d.<\/div>\n<div data-ad-type=\"inreadbox\" data-slot=\"inread-multiple\" data-ad-loaded=\"1\" data-ad-setup=\"{&quot;postID&quot;:1655032,&quot;canRefresh&quot;:false,&quot;infinitescroll&quot;:false}\" data-google-query-id=\"CJT_sqe964gDFX_QTwIdCVkaZA\"><\/div>\n<div data-ad-type=\"inreadbox\" data-slot=\"inread-multiple\" data-ad-loaded=\"1\" data-ad-setup=\"{&quot;postID&quot;:1655032,&quot;canRefresh&quot;:false,&quot;infinitescroll&quot;:false}\" data-google-query-id=\"CJT_sqe964gDFX_QTwIdCVkaZA\">https:\/\/x.com\/Claudiashein\/status\/1840588161640181966?ref_src=twsrc%5Etfw%7Ctwcamp%5Etweetembed%7Ctwterm%5E1840588161640181966%7Ctwgr%5E5f5be452b855e9d46392461fa00a438baa962365%7Ctwcon%5Es1_c10&amp;ref_url=https%3A%2F%2Flopezdoriga.com%2Fnacional%2Festoy-lista-estoy-fuerte-asegura-claudia-sheinbaum-de-cara-a-su-investidura%2F<\/div>\n<div data-ad-type=\"inreadbox\" data-slot=\"inread-multiple\" data-ad-loaded=\"1\" data-ad-setup=\"{&quot;postID&quot;:1655032,&quot;canRefresh&quot;:false,&quot;infinitescroll&quot;:false}\" data-google-query-id=\"CJT_sqe964gDFX_QTwIdCVkaZA\"><\/div>\n<div data-ad-type=\"inreadbox\" data-slot=\"inread-multiple\" data-ad-loaded=\"1\" data-ad-setup=\"{&quot;postID&quot;:1655032,&quot;canRefresh&quot;:false,&quot;infinitescroll&quot;:false}\" data-google-query-id=\"CJT_sqe964gDFX_QTwIdCVkaZA\">\n<h3>L\u00f3pez Obrador aplaude al Ej\u00e9rcito<\/h3>\n<p>Por su parte,\u00a0<strong>L\u00f3pez Obrador<\/strong>\u00a0resalt\u00f3 que el cierre de la gira \u201cest\u00e1 lleno de simbolismos\u201d y destac\u00f3 el rol de las Fuerzas Armadas en el proyecto del\u00a0<strong>Tren Maya<\/strong>, donde agradeci\u00f3 \u201csu apoyo y su respaldo\u201d.<\/p>\n<p>Adem\u00e1s, mencion\u00f3 que le doli\u00f3 mucho cuando se enter\u00f3 el viernes, en la segunda parada de la gira por Sinaloa, del fallecimiento de tres militares en los enfrentamientos contra la delincuencia organizada, que no han cesado en 20 d\u00edas en el estado.<\/p>\n<p>\u201cMe doli\u00f3 mucho porque est\u00e1n en el cumplimiento de su deber. Eso tiene que ver, tiene relaci\u00f3n con dos de las misiones, de las cinco misiones de las\u00a0<strong>Fuerzas Armadas<\/strong>, garantizar la seguridad interior y garantizar la soberan\u00eda nacional\u201d, se\u00f1al\u00f3 el mandatario.<\/p>\n<p>Finalmente, el presidente ironiz\u00f3 con que la inauguraci\u00f3n del\u00a0<strong>Tren Maya<\/strong>\u00a0probablemente supondr\u00e1 vacaciones para los trabajadores militares.<\/p>\n<p>\u201cNo me crean mucho porque la nueva presidenta es muy trabajadora y seguramente ya tiene pensado que se van a ir a hacer los trenes del norte\u201d, mencion\u00f3.<\/p>\n<p>El proyecto insignia del presidente mexicano contempla mil 554\u00a0<strong>kil\u00f3metros<\/strong>\u00a0con siete tramos que atraviesan cinco estados y 36 municipios y tiene un total de 34 estaciones para detonar el sureste del pa\u00eds.<\/p>\n<p>Sheinbaum anunci\u00f3 en julio la creaci\u00f3n de dos nuevas l\u00edneas de trenes de pasajeros, una partiendo de la Ciudad de M\u00e9xico hacia Guadalajara, y la otra hacia\u00a0<strong>Nuevo Laredo<\/strong>,\u00a0<strong>Tamaulipas<\/strong>, en la frontera con Estados Unidos, lo que describi\u00f3 como un \u201c<strong>Tren Maya<\/strong>\u00a0hacia el norte\u201d.<\/p>\n<p>Con informaci\u00f3n de EFE<\/p>\n<\/div>\n","protected":false},"excerpt":{"rendered":"<p>En su \u00faltima intervenci\u00f3n p\u00fablica previa a su investidura, Sheinbaum elogi\u00f3 al mandatario saliente, con quien comenz\u00f3 el 14 de junio la gira de transici\u00f3n. La presidenta electa de\u00a0M\u00e9xico,\u00a0Claudia Sheinbaum, quien asume el 1 de octubre, afirm\u00f3 este domingo estar \u201clista y fuerte\u201d, al concluir su\u00a0gira de transici\u00f3n\u00a0con el mandatario saliente,\u00a0Andr\u00e9s Manuel L\u00f3pez Obrador, con la apertura de la estaci\u00f3n\u00a0Chetumal del Tren Maya, megaproyecto emblema del Gobierno en el sureste mexicano. \u201cEstoy lista, estoy fuerte. Est\u00e1 listo el pueblo de\u00a0M\u00e9xico\u00a0para iniciar la segunda etapa de la \u2018cuarta transformaci\u00f3n\u2019\u201d, dijo\u00a0Sheinbaum\u00a0en referencia al t\u00e9rmino con el que se conoce al oficialismo. En [&hellip;]<\/p>\n","protected":false},"author":3,"featured_media":104838,"comment_status":"open","ping_status":"open","sticky":false,"template":"","format":"standard","meta":{"_jetpack_newsletter_access":"","_jetpack_dont_email_post_to_subs":false,"_jetpack_newsletter_tier_id":0,"_jetpack_memberships_contains_paywalled_content":false,"_jetpack_feature_clip_id":0,"_jetpack_memberships_contains_paid_content":false,"footnotes":"","jetpack_publicize_message":"","jetpack_publicize_feature_enabled":true,"jetpack_social_post_already_shared":true,"jetpack_social_options":{"image_generator_settings":{"template":"highway","default_image_id":0,"font":"","enabled":false},"version":2},"jetpack_post_was_ever_published":false},"categories":[75,72],"tags":[],"class_list":["post-104835","post","type-post","status-publish","format-standard","has-post-thumbnail","hentry","category-nacional","category-portada","post--single"],"jetpack_publicize_connections":[],"jetpack_featured_media_url":"https:\/\/ovelanalista.com\/wp-content\/uploads\/2024\/09\/claudia-sheinbaum-tren-maya-quintana-roo-23092024.webp","jetpack_sharing_enabled":true,"_links":{"self":[{"href":"https:\/\/ovelanalista.com\/index.php?rest_route=\/wp\/v2\/posts\/104835","targetHints":{"allow":["GET"]}}],"collection":[{"href":"https:\/\/ovelanalista.com\/index.php?rest_route=\/wp\/v2\/posts"}],"about":[{"href":"https:\/\/ovelanalista.com\/index.php?rest_route=\/wp\/v2\/types\/post"}],"author":[{"embeddable":true,"href":"https:\/\/ovelanalista.com\/index.php?rest_route=\/wp\/v2\/users\/3"}],"replies":[{"embeddable":true,"href":"https:\/\/ovelanalista.com\/index.php?rest_route=%2Fwp%2Fv2%2Fcomments&post=104835"}],"version-history":[{"count":1,"href":"https:\/\/ovelanalista.com\/index.php?rest_route=\/wp\/v2\/posts\/104835\/revisions"}],"predecessor-version":[{"id":104840,"href":"https:\/\/ovelanalista.com\/index.php?rest_route=\/wp\/v2\/posts\/104835\/revisions\/104840"}],"wp:featuredmedia":[{"embeddable":true,"href":"https:\/\/ovelanalista.com\/index.php?rest_route=\/wp\/v2\/media\/104838"}],"wp:attachment":[{"href":"https:\/\/ovelanalista.com\/index.php?rest_route=%2Fwp%2Fv2%2Fmedia&parent=104835"}],"wp:term":[{"taxonomy":"category","embeddable":true,"href":"https:\/\/ovelanalista.com\/index.php?rest_route=%2Fwp%2Fv2%2Fcategories&post=104835"},{"taxonomy":"post_tag","embeddable":true,"href":"https:\/\/ovelanalista.com\/index.php?rest_route=%2Fwp%2Fv2%2Ftags&post=104835"}],"curies":[{"name":"wp","href":"https:\/\/api.w.org\/{rel}","templated":true}]}}