{"id":104839,"date":"2024-09-30T17:00:53","date_gmt":"2024-09-30T23:00:53","guid":{"rendered":"https:\/\/ovelanalista.com\/?p=104839"},"modified":"2024-09-30T14:16:13","modified_gmt":"2024-09-30T20:16:13","slug":"diputados-declaran-constitucionales-reformas-a-la-guardia-nacional-y-sobre-pueblos-indigenas-pasan-al-ejecutivo","status":"publish","type":"post","link":"https:\/\/ovelanalista.com\/?p=104839","title":{"rendered":"Diputados declaran constitucionales reformas a la Guardia Nacional y sobre pueblos ind\u00edgenas; pasan al Ejecutivo"},"content":{"rendered":"<p>Las reformas constitucionales se turnaron al Ejecutivo Federal para su publicaci\u00f3n en el Diario Oficial de la Federaci\u00f3n y posterior entrada en vigor.<\/p>\n<div class=\"entry-grid__content-area2 entry-main-text\">\n<div class=\"row\">\n<div class=\"col-12 col-lg-8\">\n<div class=\"article-content\">\n<p>La\u00a0<strong>C\u00e1mara de Diputados<\/strong>\u00a0declar\u00f3 la noche de este domingo la\u00a0<strong>constitucionalidad<\/strong>\u00a0de las\u00a0<strong>reformas a la Guardia Nacional<\/strong>\u00a0y sobre derechos de\u00a0<strong>pueblos ind\u00edgenas y afromexicanos<\/strong>.<\/p>\n<p>La declaratoria de constitucionalidad se hizo en una sesi\u00f3n que apenas dur\u00f3 m\u00e1s de 10 minutos y en ausencia de los diputados de oposici\u00f3n. Horas antes, el Senado realiz\u00f3 la\u00a0<a href=\"https:\/\/lopezdoriga.com\/nacional\/senado-declara-constitucional-la-reforma-a-la-guardia-nacional\/\" target=\"_blank\" rel=\"noopener\">declaratoria de constitucionalidad.<\/a><\/p>\n<\/div>\n<\/div>\n<\/div>\n<\/div>\n<p>Las reformas constitucionales se turnaron al Ejecutivo Federal para su publicaci\u00f3n en el Diario Oficial de la Federaci\u00f3n y posterior entrada en vigor.<\/p>\n<p><em>Noticia en desarrollo\u2026<\/em><\/p>\n<p>&nbsp;<\/p>\n<p>Con informaci\u00f3n de L\u00f3pez D\u00f3riga<\/p>\n","protected":false},"excerpt":{"rendered":"<p>Las reformas constitucionales se turnaron al Ejecutivo Federal para su publicaci\u00f3n en el Diario Oficial de la Federaci\u00f3n y posterior entrada en vigor. La\u00a0C\u00e1mara de Diputados\u00a0declar\u00f3 la noche de este domingo la\u00a0constitucionalidad\u00a0de las\u00a0reformas a la Guardia Nacional\u00a0y sobre derechos de\u00a0pueblos ind\u00edgenas y afromexicanos. La declaratoria de constitucionalidad se hizo en una sesi\u00f3n que apenas dur\u00f3 m\u00e1s de 10 minutos y en ausencia de los diputados de oposici\u00f3n. Horas antes, el Senado realiz\u00f3 la\u00a0declaratoria de constitucionalidad. Las reformas constitucionales se turnaron al Ejecutivo Federal para su publicaci\u00f3n en el Diario Oficial de la Federaci\u00f3n y posterior entrada en vigor. Noticia en [&hellip;]<\/p>\n","protected":false},"author":3,"featured_media":104841,"comment_status":"open","ping_status":"open","sticky":false,"template":"","format":"standard","meta":{"_jetpack_newsletter_access":"","_jetpack_dont_email_post_to_subs":false,"_jetpack_newsletter_tier_id":0,"_jetpack_memberships_contains_paywalled_content":false,"_jetpack_feature_clip_id":0,"_jetpack_memberships_contains_paid_content":false,"footnotes":"","jetpack_publicize_message":"","jetpack_publicize_feature_enabled":true,"jetpack_social_post_already_shared":true,"jetpack_social_options":{"image_generator_settings":{"template":"highway","default_image_id":0,"font":"","enabled":false},"version":2},"jetpack_post_was_ever_published":false},"categories":[75,72],"tags":[],"class_list":["post-104839","post","type-post","status-publish","format-standard","has-post-thumbnail","hentry","category-nacional","category-portada","post--single"],"jetpack_publicize_connections":[],"jetpack_featured_media_url":"https:\/\/ovelanalista.com\/wp-content\/uploads\/2024\/09\/camara-de-diputados-mexico.webp","jetpack_sharing_enabled":true,"_links":{"self":[{"href":"https:\/\/ovelanalista.com\/index.php?rest_route=\/wp\/v2\/posts\/104839","targetHints":{"allow":["GET"]}}],"collection":[{"href":"https:\/\/ovelanalista.com\/index.php?rest_route=\/wp\/v2\/posts"}],"about":[{"href":"https:\/\/ovelanalista.com\/index.php?rest_route=\/wp\/v2\/types\/post"}],"author":[{"embeddable":true,"href":"https:\/\/ovelanalista.com\/index.php?rest_route=\/wp\/v2\/users\/3"}],"replies":[{"embeddable":true,"href":"https:\/\/ovelanalista.com\/index.php?rest_route=%2Fwp%2Fv2%2Fcomments&post=104839"}],"version-history":[{"count":1,"href":"https:\/\/ovelanalista.com\/index.php?rest_route=\/wp\/v2\/posts\/104839\/revisions"}],"predecessor-version":[{"id":104843,"href":"https:\/\/ovelanalista.com\/index.php?rest_route=\/wp\/v2\/posts\/104839\/revisions\/104843"}],"wp:featuredmedia":[{"embeddable":true,"href":"https:\/\/ovelanalista.com\/index.php?rest_route=\/wp\/v2\/media\/104841"}],"wp:attachment":[{"href":"https:\/\/ovelanalista.com\/index.php?rest_route=%2Fwp%2Fv2%2Fmedia&parent=104839"}],"wp:term":[{"taxonomy":"category","embeddable":true,"href":"https:\/\/ovelanalista.com\/index.php?rest_route=%2Fwp%2Fv2%2Fcategories&post=104839"},{"taxonomy":"post_tag","embeddable":true,"href":"https:\/\/ovelanalista.com\/index.php?rest_route=%2Fwp%2Fv2%2Ftags&post=104839"}],"curies":[{"name":"wp","href":"https:\/\/api.w.org\/{rel}","templated":true}]}}