{"id":104842,"date":"2024-09-30T17:30:55","date_gmt":"2024-09-30T23:30:55","guid":{"rendered":"https:\/\/ovelanalista.com\/?p=104842"},"modified":"2024-09-30T14:19:06","modified_gmt":"2024-09-30T20:19:06","slug":"presidente-de-guatemala-viaja-a-mexico-para-la-investidura-de-sheinbaum","status":"publish","type":"post","link":"https:\/\/ovelanalista.com\/?p=104842","title":{"rendered":"Presidente de Guatemala viaja a M\u00e9xico para la investidura de Sheinbaum"},"content":{"rendered":"<p>El presidente de Guatemala, Bernardo Ar\u00e9valo de Le\u00f3n, estar\u00e1 presente en la toma de posesi\u00f3n de Claudia Sheinbaum.<\/p>\n<p>El presidente de\u00a0<strong>Guatemala, Bernardo Ar\u00e9valo de Le\u00f3n<\/strong>, viaj\u00f3 este lunes a\u00a0<strong>M\u00e9xico<\/strong>\u00a0para participar en la toma de posesi\u00f3n de\u00a0<a href=\"https:\/\/x.com\/Claudiashein\" target=\"_blank\" rel=\"noopener noreferrer\"><strong>Claudia Sheinbaum<\/strong><\/a>, programado para este\u00a0<a href=\"https:\/\/lopezdoriga.com\/nacional\/estoy-lista-estoy-fuerte-asegura-claudia-sheinbaum-de-cara-a-su-investidura\/\" target=\"_blank\" rel=\"noopener\"><strong>1 de octubre<\/strong><\/a>.<\/p>\n<p>El secretario de Comunicaci\u00f3n Social de la Presidencia,\u00a0<strong>Santiago Palomo<\/strong>, explic\u00f3 en el marco de una rueda de prensa esta ma\u00f1ana que el jefe de Estado guatemalteco viajar\u00e1 a la ciudad de M\u00e9xico este lunes.<\/p>\n<p>A su llegada, dijo, ser\u00e1 recibido por representantes del Gobierno saliente de<strong>\u00a0Andr\u00e9s Manuel L\u00f3pez Obrador<\/strong>, y luego sostendr\u00e1 un encuentro bilateral con la pr\u00f3xima presidenta de M\u00e9xico.<\/p>\n<blockquote><p>Es un momento hist\u00f3rico para el pueblo mexicano y de la regi\u00f3n, al ganar la Presidencia la primera mujer\u201d, subray\u00f3 Palomo sobre la nueva gobernante del vecino pa\u00eds.<\/p><\/blockquote>\n<p>El funcionario sostuvo que la relaci\u00f3n de Guatemala con M\u00e9xico \u201ces muy buena\u201d y que al tomar posesi\u00f3n Sheinbaum se \u201cabrir\u00e1n nuevas puertas para una colaboraci\u00f3n m\u00e1s estrecha\u201d entre los dos pa\u00edses.<\/p>\n<p>Sobre el encuentro, el mismo Ar\u00e9valo de Le\u00f3n especific\u00f3 en la misma conferencia de prensa que los temas a abordar con M\u00e9xico son principalmente el comercio, la energ\u00eda y la seguridad fronteriza, entre otros.<\/p>\n<p>\u201cCon el Gobierno mexicano anterior ten\u00edamos establecidas una serie de conversaciones\u201d, record\u00f3 Ar\u00e9valo de Le\u00f3n, y \u201cvamos a continuar en estos temas\u201d, replic\u00f3.<\/p>\n<p>El viaje tambi\u00e9n ser\u00e1 aprovechado por el mandatario para reunirse el pr\u00f3ximo mi\u00e9rcoles con inversionistas mexicanos que han \u201cmostrado inter\u00e9s\u201d en abrir empresas en la naci\u00f3n centroamericana, de acuerdo al mismo Gobierno.<\/p>\n<p>Hasta el momento son 16 los dirigentes internacionales que han confirmado su participaci\u00f3n en el acto, incluido Ar\u00e9valo de Le\u00f3n, tal y como comunic\u00f3 Sheinbaum hace dos semanas.<\/p>\n<p>El presidente guatemalteco retorn\u00f3 el pasado fin de semana de Nueva York, en Estados Unidos, donde particip\u00f3 en la Asamblea General de las Naciones Unidas y tambi\u00e9n sostuvo reuniones bilaterales con varios mandatarios, incluido el presidente brasile\u00f1o,\u00a0<strong>Luiz In\u00e1cio Lula da Silva<\/strong>.<\/p>\n<p>Con informaci\u00f3n de EFE<\/p>\n","protected":false},"excerpt":{"rendered":"<p>El presidente de Guatemala, Bernardo Ar\u00e9valo de Le\u00f3n, estar\u00e1 presente en la toma de posesi\u00f3n de Claudia Sheinbaum. El presidente de\u00a0Guatemala, Bernardo Ar\u00e9valo de Le\u00f3n, viaj\u00f3 este lunes a\u00a0M\u00e9xico\u00a0para participar en la toma de posesi\u00f3n de\u00a0Claudia Sheinbaum, programado para este\u00a01 de octubre. El secretario de Comunicaci\u00f3n Social de la Presidencia,\u00a0Santiago Palomo, explic\u00f3 en el marco de una rueda de prensa esta ma\u00f1ana que el jefe de Estado guatemalteco viajar\u00e1 a la ciudad de M\u00e9xico este lunes. A su llegada, dijo, ser\u00e1 recibido por representantes del Gobierno saliente de\u00a0Andr\u00e9s Manuel L\u00f3pez Obrador, y luego sostendr\u00e1 un encuentro bilateral con la pr\u00f3xima [&hellip;]<\/p>\n","protected":false},"author":3,"featured_media":104847,"comment_status":"open","ping_status":"open","sticky":false,"template":"","format":"standard","meta":{"_jetpack_newsletter_access":"","_jetpack_dont_email_post_to_subs":false,"_jetpack_newsletter_tier_id":0,"_jetpack_memberships_contains_paywalled_content":false,"_jetpack_feature_clip_id":0,"_jetpack_memberships_contains_paid_content":false,"footnotes":"","jetpack_publicize_message":"","jetpack_publicize_feature_enabled":true,"jetpack_social_post_already_shared":true,"jetpack_social_options":{"image_generator_settings":{"template":"highway","default_image_id":0,"font":"","enabled":false},"version":2},"jetpack_post_was_ever_published":false},"categories":[75,72],"tags":[],"class_list":["post-104842","post","type-post","status-publish","format-standard","has-post-thumbnail","hentry","category-nacional","category-portada","post--single"],"jetpack_publicize_connections":[],"jetpack_featured_media_url":"https:\/\/ovelanalista.com\/wp-content\/uploads\/2024\/09\/guatemala-bernardo-arevalo.webp","jetpack_sharing_enabled":true,"_links":{"self":[{"href":"https:\/\/ovelanalista.com\/index.php?rest_route=\/wp\/v2\/posts\/104842","targetHints":{"allow":["GET"]}}],"collection":[{"href":"https:\/\/ovelanalista.com\/index.php?rest_route=\/wp\/v2\/posts"}],"about":[{"href":"https:\/\/ovelanalista.com\/index.php?rest_route=\/wp\/v2\/types\/post"}],"author":[{"embeddable":true,"href":"https:\/\/ovelanalista.com\/index.php?rest_route=\/wp\/v2\/users\/3"}],"replies":[{"embeddable":true,"href":"https:\/\/ovelanalista.com\/index.php?rest_route=%2Fwp%2Fv2%2Fcomments&post=104842"}],"version-history":[{"count":1,"href":"https:\/\/ovelanalista.com\/index.php?rest_route=\/wp\/v2\/posts\/104842\/revisions"}],"predecessor-version":[{"id":104850,"href":"https:\/\/ovelanalista.com\/index.php?rest_route=\/wp\/v2\/posts\/104842\/revisions\/104850"}],"wp:featuredmedia":[{"embeddable":true,"href":"https:\/\/ovelanalista.com\/index.php?rest_route=\/wp\/v2\/media\/104847"}],"wp:attachment":[{"href":"https:\/\/ovelanalista.com\/index.php?rest_route=%2Fwp%2Fv2%2Fmedia&parent=104842"}],"wp:term":[{"taxonomy":"category","embeddable":true,"href":"https:\/\/ovelanalista.com\/index.php?rest_route=%2Fwp%2Fv2%2Fcategories&post=104842"},{"taxonomy":"post_tag","embeddable":true,"href":"https:\/\/ovelanalista.com\/index.php?rest_route=%2Fwp%2Fv2%2Ftags&post=104842"}],"curies":[{"name":"wp","href":"https:\/\/api.w.org\/{rel}","templated":true}]}}