{"id":104848,"date":"2024-09-30T20:29:54","date_gmt":"2024-10-01T02:29:54","guid":{"rendered":"https:\/\/ovelanalista.com\/?p=104848"},"modified":"2024-09-30T20:29:54","modified_gmt":"2024-10-01T02:29:54","slug":"gobierno-municipal-llama-a-manifestantes-a-actuar-de-acuerdo-a-derecho-y-sin-danar-a-terceros","status":"publish","type":"post","link":"https:\/\/ovelanalista.com\/?p=104848","title":{"rendered":"Gobierno municipal llama a manifestantes a actuar de acuerdo a derecho y sin da\u00f1ar a terceros."},"content":{"rendered":"<p><em><strong>Dalvingh Iturrios Corrales, Secretario del Ayuntamiento, aclar\u00f3 que las exigencias de un grupo de polic\u00edas jubilados son en base a una ley federal, donde el municipio no puede hacer frente a una norma jur\u00eddica que no est\u00e1 en su marco legal\u2026<\/strong><\/em><\/p>\n<p><strong>Los Mochis, Ahome, Sinaloa, a 30 de Septiembre del 2024.-<\/strong>\u00a0El Gobierno Municipal que encabeza el Presidente Gerardo Octavio Vargas Landeros ha sido respetuoso con la protesta que realiza un grupo de polic\u00edas jubilados, subray\u00f3 el Secretario del Ayuntamiento de Ahome, Dalvingh Iturrios Corrales, quien aclar\u00f3 dicho movimiento es de manera ilegal, toda vez que da\u00f1a derechos de terceros.<\/p>\n<p>\u201cNo queremos ser un municipio, como nos lo ha instruido el licenciado Gerardo Octavio Vargas Landeros, que limite protestas ni nada, hemos sido respetuosos de la ley\u201d.<\/p>\n<p>En este sentido, el Secretario mencion\u00f3 que este grupo se escuda en una ley federal, sin embargo un municipio no cuenta con el mismo presupuesto, adem\u00e1s de que cada municipio tiene sus circunstancias y las mismas no son vinculantes a otros.<\/p>\n<p>\u201cEl solo pago de los quinquenios a los jubilados de aqu\u00ed, a los polic\u00edas activos, porque se les tiene que dar a todos, implica m\u00e1s de 53 millones de pesos al a\u00f1o, en una sola prestaci\u00f3n, que no est\u00e1 dentro de la ley\u201d.<br \/>\nEl funcionario puntualiz\u00f3 que financieramente el Ayuntamiento no tiene tal recurso para afrontar un pago tan fuerte, toda vez que es responsable en el manejo del presupuesto para atender la ley y las necesidades del municipio.<\/p>\n<p>Dalvingh Iturrios lament\u00f3 que este movimiento tenga un inter\u00e9s de personas, ya que hay quienes viven de estos actos, y han manifestado hacerlo por a\u00f1os, pero lo que le corresponde al municipio es ser respetuosos con la ley.<br \/>\n\u201cEsa es la instrucci\u00f3n clara y precisa del licenciado Gerardo Octavio Vargas Landeros, de manejar todo conforme a derecho, sin da\u00f1ar a terceros\u201d.<\/p>\n<p>Mencion\u00f3 que con las acciones de este grupo de polic\u00edas jubilados, donde la mayor\u00eda ni si quiera son del municipio, se da\u00f1a a terceros, pues impiden el acceso a trabajadores, a quienes se les tiene que pagar, se afecta a ciudadanos que acuden a realizar alg\u00fan tr\u00e1mite, y se golpea a las finanzas, las cuales se traducen en obras para beneficio del pueblo de Ahome.<\/p>\n","protected":false},"excerpt":{"rendered":"<p>Dalvingh Iturrios Corrales, Secretario del Ayuntamiento, aclar\u00f3 que las exigencias de un grupo de polic\u00edas jubilados son en base a una ley federal, donde el municipio no puede hacer frente a una norma jur\u00eddica que no est\u00e1 en su marco legal\u2026 Los Mochis, Ahome, Sinaloa, a 30 de Septiembre del 2024.-\u00a0El Gobierno Municipal que encabeza el Presidente Gerardo Octavio Vargas Landeros ha sido respetuoso con la protesta que realiza un grupo de polic\u00edas jubilados, subray\u00f3 el Secretario del Ayuntamiento de Ahome, Dalvingh Iturrios Corrales, quien aclar\u00f3 dicho movimiento es de manera ilegal, toda vez que da\u00f1a derechos de terceros. \u201cNo [&hellip;]<\/p>\n","protected":false},"author":3,"featured_media":104856,"comment_status":"open","ping_status":"open","sticky":false,"template":"","format":"standard","meta":{"_jetpack_newsletter_access":"","_jetpack_dont_email_post_to_subs":false,"_jetpack_newsletter_tier_id":0,"_jetpack_memberships_contains_paywalled_content":false,"_jetpack_feature_clip_id":0,"_jetpack_memberships_contains_paid_content":false,"footnotes":"","jetpack_publicize_message":"Gobierno municipal llama a manifestantes a actuar de acuerdo a derecho y sin da\u00f1ar a terceros.","jetpack_publicize_feature_enabled":true,"jetpack_social_post_already_shared":true,"jetpack_social_options":{"image_generator_settings":{"template":"highway","default_image_id":0,"font":"","enabled":false},"version":2},"jetpack_post_was_ever_published":false},"categories":[72,85],"tags":[],"class_list":["post-104848","post","type-post","status-publish","format-standard","has-post-thumbnail","hentry","category-portada","category-sinaloa-norte","post--single"],"jetpack_publicize_connections":[],"jetpack_featured_media_url":"https:\/\/ovelanalista.com\/wp-content\/uploads\/2024\/09\/WhatsApp-Image-2024-09-30-at-11.46.06-AM.jpeg","jetpack_sharing_enabled":true,"_links":{"self":[{"href":"https:\/\/ovelanalista.com\/index.php?rest_route=\/wp\/v2\/posts\/104848","targetHints":{"allow":["GET"]}}],"collection":[{"href":"https:\/\/ovelanalista.com\/index.php?rest_route=\/wp\/v2\/posts"}],"about":[{"href":"https:\/\/ovelanalista.com\/index.php?rest_route=\/wp\/v2\/types\/post"}],"author":[{"embeddable":true,"href":"https:\/\/ovelanalista.com\/index.php?rest_route=\/wp\/v2\/users\/3"}],"replies":[{"embeddable":true,"href":"https:\/\/ovelanalista.com\/index.php?rest_route=%2Fwp%2Fv2%2Fcomments&post=104848"}],"version-history":[{"count":1,"href":"https:\/\/ovelanalista.com\/index.php?rest_route=\/wp\/v2\/posts\/104848\/revisions"}],"predecessor-version":[{"id":104857,"href":"https:\/\/ovelanalista.com\/index.php?rest_route=\/wp\/v2\/posts\/104848\/revisions\/104857"}],"wp:featuredmedia":[{"embeddable":true,"href":"https:\/\/ovelanalista.com\/index.php?rest_route=\/wp\/v2\/media\/104856"}],"wp:attachment":[{"href":"https:\/\/ovelanalista.com\/index.php?rest_route=%2Fwp%2Fv2%2Fmedia&parent=104848"}],"wp:term":[{"taxonomy":"category","embeddable":true,"href":"https:\/\/ovelanalista.com\/index.php?rest_route=%2Fwp%2Fv2%2Fcategories&post=104848"},{"taxonomy":"post_tag","embeddable":true,"href":"https:\/\/ovelanalista.com\/index.php?rest_route=%2Fwp%2Fv2%2Ftags&post=104848"}],"curies":[{"name":"wp","href":"https:\/\/api.w.org\/{rel}","templated":true}]}}