{"id":104864,"date":"2024-10-01T10:00:07","date_gmt":"2024-10-01T16:00:07","guid":{"rendered":"https:\/\/ovelanalista.com\/?p=104864"},"modified":"2024-10-01T09:01:56","modified_gmt":"2024-10-01T15:01:56","slug":"con-ajustes-en-asignacion-de-pluris-arranca-la-65-legislatura-de-la-camara-local","status":"publish","type":"post","link":"https:\/\/ovelanalista.com\/?p=104864","title":{"rendered":"Con ajustes en asignaci\u00f3n de \u201cpluris\u201d, arranca la 65 Legislatura de la c\u00e1mara local"},"content":{"rendered":"<p><strong>Agenda Pol\u00edtica<\/strong><\/p>\n<p><strong>\u00a0Jorge Luis Telles Salazar<\/strong><\/p>\n<p>= Le regresan una al PRI; va Irma Moreno<\/p>\n<p>= Le quitan una al PT; Alc\u00e1ntara, el afectado<\/p>\n<p>= Tere Guerra ratificada en JuCoPo<\/p>\n<p>= En duda, la presidencia de la mesa directiva<\/p>\n<p>= Ultimo d\u00eda de AMLO; inicia la era Sheinbaum<\/p>\n<p>Con una novedad en cuanto a la asignaci\u00f3n de diputaciones por el principio de representaci\u00f3n proporcional, este lunes se instalar\u00e1 formalmente la sexag\u00e9sima quinta legislatura del Congreso del Estado e iniciar\u00e1 de inmediato sus operaciones parlamentarias. La novedad se llama Irma Moreno, quien fue reinstalada por acuerdo de la sala superior del Tribunal Electoral del Poder Judicial de la Federaci\u00f3n, en su sesi\u00f3n extraordinaria de este domingo 29 de septiembre.<\/p>\n<p>En el reparto inicial de curules, Irma ya estaba considerada como tal, conforme al dictamen original del Instituto Electoral del Estado de Sinaloa; pero, en los alegatos posteriores, se la tumb\u00f3 la sala regional del TEPJF, veredicto impugnado desde el primer momento, que deriv\u00f3 ya en el fallo inapelable de la sala superior del mismo tribunal.<\/p>\n<p>Disipado el fragor de la batalla, Irma Moreno siempre si ser\u00e1 diputada a la 65 legislatura y con ello el PRI aumentar\u00e1 de 2 a 3 los asientos de su propiedad en el Poder Legislativo local. Esto en perjuicio del Partido del Trabajo, quien ya se jactaba de contar con un par de diputados para la nueva legislatura y hasta de aspirar, por ende, a la presidencia de la mesa directiva camaral. Y el \u201cpagano\u201d, a final de cuentas, fue Leobardo Alc\u00e1ntara, a quien le anularon ya su constancia como presunto legislador. Alc\u00e1ntara, por si le interesa, a\u00fan se asume como el dirigente estatal del PT, sin importar en absoluto su desarraigo del Estado.<\/p>\n<p>Y bien.<\/p>\n<p>La 65 legislatura, como lo comentamos en su momento, iniciar\u00e1 un d\u00eda antes de lo previsto. Los diputados en funciones adelantaron 24 horas su arranque, a fin de contar con disponibilidad de tiempo para disfrutar la asunci\u00f3n de la doctora Claudia Sheinbaum a la presidencia de la Rep\u00fablica. La fecha originalmente prevista, era el primero de octubre. Para ello tuvieron que reformar, por supuesto, la Constituci\u00f3n Pol\u00edtica del Estado, lo que lograron sin problema mayor. MoReNa y grupo plural se unieron para fabricar una mayor\u00eda sencillamente aplastante en esta legislatura que ya pasa a formar parte de la historia parlamentaria de la entidad.<\/p>\n<p>\u00bfQu\u00e9 os parece?<\/p>\n<p>-0-<\/p>\n<p>Y bueno.<\/p>\n<p>La primera sesi\u00f3n solemne de la legislatura 65 -tras su asamblea preparatoria de este domingo \u2013 iniciar\u00e1 a la hora de reglamento: las 11: 00 de la ma\u00f1ana. Y tendr\u00e1 como invitado especial al titular del Poder Ejecutivo, el gobernador Rub\u00e9n Rocha Moya.<\/p>\n<p>Este mismo lunes se elegir\u00e1 a la presidencia de la Junta de Coordinaci\u00f3n Pol\u00edtica del Congreso del Estado, nombramiento que recaer\u00e1 en la diputada Mar\u00eda Teresa Guerra Ochoa, la que fungir\u00e1, al mismo tiempo, como coordinadora de la fracci\u00f3n mayoritaria; o sea: MoReNa. Requiere, para ello, la mayor\u00eda calificada, la cual alcanzar\u00e1 sin problemas. La Cuarta Transformaci\u00f3n tiene 31 votos seguros; el 77. 5 por ciento del total. Si no acontece nada extraordinario, Tere Guerra encabezar\u00e1 la JuCoPo durante toda la segunda mitad de la actual administraci\u00f3n gubernamental.<\/p>\n<p>Y tambi\u00e9n este mismo lunes se elegir\u00e1 a la presidenta o presidente de la mesa directiva, para lo que solo se ocupa de mayor\u00eda simple. En teor\u00eda, la mesa directiva la dirigir\u00eda un diputado o una diputada del Verde Ecologista Mexicano, partido aliado a MoReNa, con 6 curules acreditadas y que, en funci\u00f3n de este criterio, ser\u00e1 presentado como la segunda fuerza pol\u00edtica del Congreso del Estado, a pesar de lo pobre de su votaci\u00f3n.<\/p>\n<p>La presidencia de la mesa directiva se renueva cada a\u00f1o y habitualmente se le da car\u00e1cter rotativo. Esto no implica una obligaci\u00f3n legal puesto que se permite la reelecci\u00f3n.<\/p>\n<p>Aparentemente el viento sopla hacia esa direcci\u00f3n, por ser, el PVEM, el segundo partido con mayor n\u00famero de diputados; pero no necesariamente. Puede ser cualquiera, menos MoReNa, tal y como lo establecen ley org\u00e1nica y la Constituci\u00f3n General del Estado de Sinaloa.<\/p>\n<p>Por cierto, ahora que finalmente le corresponder\u00e1n 3 asientos, el PRI abrigar\u00eda cierta posibilidad en tal sentido. Podr\u00eda ser, como estrategia de MoReNa para maquillar tanto agandalle. Quien sabe.<\/p>\n<p>Las coordinaciones de las fracciones ya est\u00e1n definidas. Restar\u00eda \u00fanicamente la asignaci\u00f3n de comisiones.<\/p>\n<p>Y entonces s\u00ed \u00a1a volar!<\/p>\n<p>-0-<\/p>\n<p>Ahora que.<\/p>\n<p>Tras el \u00faltimo ajuste a los diputados plurinominales de la nueva legislatura, afloran lo extra\u00f1o de los criterios aplicados en el reparto por los niveles jer\u00e1rquicos de la autoridad electoral: Instituto Estatal Electoral, Tribunal Estatal Electoral, sala regional del TEPJF y su sala superior.<\/p>\n<p>Al parecer los se\u00f1ores magistrados operan al arbitrio o en apego a intereses o simpat\u00edas personales. Menos en lo que mandata la ley.<\/p>\n<p>Lo de este domingo, constituye un ejemplo revelador.<\/p>\n<p>Como resultado de una impugnaci\u00f3n, la sala superior del TEPJF le regresa una diputaci\u00f3n al PRI; pero le hab\u00eda quitado dos. El PRI, sin embargo, se mantiene en el umbral de la subrepresentaci\u00f3n puesto que con el 10. 45 de la votaci\u00f3n, solo tiene el 7. 5 por ciento de las bancas de la c\u00e1mara.<\/p>\n<p>Al hacer la rectificaci\u00f3n, el tribunal le cercena una diputaci\u00f3n al PT, con el cual este partido contar\u00e1 con el 2. 5 por ciento de los diputados, contra su votaci\u00f3n del 4. 09 por ciento. Menor la subrepresentaci\u00f3n, si quiere usted; pero subrepresentaci\u00f3n al fin.<\/p>\n<p>En cambio, la flamante sala superior del TEPJF no toca a MoReNa ni con el p\u00e9talo de una rosa. Incre\u00edblemente, le deja sus 24 diputados, equivalentes al 60 por ciento de la c\u00e1mara, cuando su votaci\u00f3n fue del 48. 75 por ciento, lo que constituye, a todas luces, una tremenda y despiadada sobre representaci\u00f3n.<\/p>\n<p>Y bueno, criterios diferentes para casos similares.<\/p>\n<p>El PAN, con 10. 23 por ciento de los votos -cifra muy similar a la del PRI \u2013 se quedar\u00e1 con solo 2 curules, que significan el 5 por ciento del total. Tan buenos que son para dar la pelea legal y aqu\u00ed, sencillamente, se quedaron cruzados de brazos. As\u00ed de sencillo.<\/p>\n<p>Un especialista que nos lo explique \u00a1por favor!<\/p>\n<p>-0-<\/p>\n<p>Bien.<\/p>\n<p>Lunes 30 de septiembre de 2024, \u00faltimo d\u00eda de mandato de Andr\u00e9s Manuel L\u00f3pez Obrador. Ser\u00e1 presidente de la Rep\u00fablica, hasta las 24: 00 horas, independientemente de que ser\u00e1 ma\u00f1ana cuando har\u00e1 entrega de la banda presidencial.<\/p>\n<p>Martes 01de octubre de 2024, desde las 00: 00 horas, d\u00eda hist\u00f3rico, con el inicio del gobierno de Claudia Sheinbaum Pardo, primera mujer en ocupar la presidencia, en la historia pol\u00edtica de nuestro pa\u00eds.<\/p>\n<p>D\u00edas de an\u00e1lisis y reflexi\u00f3n.<\/p>\n<p>Por un lado, de desglosar los resultados en las distintas acciones de gobierno de L\u00f3pez Obrador, clasificados en buenos y malos y tambi\u00e9n en muy buenos y muy malos. Tema de pol\u00e9mica en la que los defensores de la causa y sus cr\u00edticos jam\u00e1s llegar\u00e1n a acuerdos satisfactorios.<\/p>\n<p>Por otro, de reflexionar, con marcada expectaci\u00f3n, el inicio de la era Sheinbaum, con una gran pregunta sus espaldas: \u00bfen que momento se cortar\u00e1 el cord\u00f3n umbilical, para que sea ella la due\u00f1a absoluta de sus propias decisiones?<\/p>\n<p>Ah\u00ed la dejamos. De ese tama\u00f1o.<\/p>\n<p>-0-<\/p>\n<p>Y hasta aqu\u00ed por hoy. Nos vamos ya. Cu\u00eddense mucho y Dios los bendiga. Ahora y siempre.<\/p>\n","protected":false},"excerpt":{"rendered":"<p>Agenda Pol\u00edtica \u00a0Jorge Luis Telles Salazar = Le regresan una al PRI; va Irma Moreno = Le quitan una al PT; Alc\u00e1ntara, el afectado = Tere Guerra ratificada en JuCoPo = En duda, la presidencia de la mesa directiva = Ultimo d\u00eda de AMLO; inicia la era Sheinbaum Con una novedad en cuanto a la asignaci\u00f3n de diputaciones por el principio de representaci\u00f3n proporcional, este lunes se instalar\u00e1 formalmente la sexag\u00e9sima quinta legislatura del Congreso del Estado e iniciar\u00e1 de inmediato sus operaciones parlamentarias. La novedad se llama Irma Moreno, quien fue reinstalada por acuerdo de la sala superior del [&hellip;]<\/p>\n","protected":false},"author":3,"featured_media":35216,"comment_status":"open","ping_status":"open","sticky":false,"template":"","format":"standard","meta":{"_jetpack_newsletter_access":"","_jetpack_dont_email_post_to_subs":false,"_jetpack_newsletter_tier_id":0,"_jetpack_memberships_contains_paywalled_content":false,"_jetpack_feature_clip_id":0,"_jetpack_memberships_contains_paid_content":false,"footnotes":"","jetpack_publicize_message":"","jetpack_publicize_feature_enabled":true,"jetpack_social_post_already_shared":true,"jetpack_social_options":{"image_generator_settings":{"template":"highway","default_image_id":0,"font":"","enabled":false},"version":2},"jetpack_post_was_ever_published":false},"categories":[79],"tags":[],"class_list":["post-104864","post","type-post","status-publish","format-standard","has-post-thumbnail","hentry","category-columnistas-nacionales","post--single"],"jetpack_publicize_connections":[],"jetpack_featured_media_url":"https:\/\/ovelanalista.com\/wp-content\/uploads\/2022\/05\/JORGE-LUIS-TALLES.png","jetpack_sharing_enabled":true,"_links":{"self":[{"href":"https:\/\/ovelanalista.com\/index.php?rest_route=\/wp\/v2\/posts\/104864","targetHints":{"allow":["GET"]}}],"collection":[{"href":"https:\/\/ovelanalista.com\/index.php?rest_route=\/wp\/v2\/posts"}],"about":[{"href":"https:\/\/ovelanalista.com\/index.php?rest_route=\/wp\/v2\/types\/post"}],"author":[{"embeddable":true,"href":"https:\/\/ovelanalista.com\/index.php?rest_route=\/wp\/v2\/users\/3"}],"replies":[{"embeddable":true,"href":"https:\/\/ovelanalista.com\/index.php?rest_route=%2Fwp%2Fv2%2Fcomments&post=104864"}],"version-history":[{"count":1,"href":"https:\/\/ovelanalista.com\/index.php?rest_route=\/wp\/v2\/posts\/104864\/revisions"}],"predecessor-version":[{"id":104865,"href":"https:\/\/ovelanalista.com\/index.php?rest_route=\/wp\/v2\/posts\/104864\/revisions\/104865"}],"wp:featuredmedia":[{"embeddable":true,"href":"https:\/\/ovelanalista.com\/index.php?rest_route=\/wp\/v2\/media\/35216"}],"wp:attachment":[{"href":"https:\/\/ovelanalista.com\/index.php?rest_route=%2Fwp%2Fv2%2Fmedia&parent=104864"}],"wp:term":[{"taxonomy":"category","embeddable":true,"href":"https:\/\/ovelanalista.com\/index.php?rest_route=%2Fwp%2Fv2%2Fcategories&post=104864"},{"taxonomy":"post_tag","embeddable":true,"href":"https:\/\/ovelanalista.com\/index.php?rest_route=%2Fwp%2Fv2%2Ftags&post=104864"}],"curies":[{"name":"wp","href":"https:\/\/api.w.org\/{rel}","templated":true}]}}