{"id":105947,"date":"2024-10-11T14:00:40","date_gmt":"2024-10-11T20:00:40","guid":{"rendered":"https:\/\/ovelanalista.com\/?p=105947"},"modified":"2024-10-11T11:46:42","modified_gmt":"2024-10-11T17:46:42","slug":"gobierno-de-sheinbaum-pone-lineamientos-generales-a-embajador-ken-salazar","status":"publish","type":"post","link":"https:\/\/ovelanalista.com\/?p=105947","title":{"rendered":"Gobierno de Sheinbaum pone lineamientos generales a embajador Ken Salazar"},"content":{"rendered":"<p>La presidenta Claudia Sheinbaum detall\u00f3 que el canciller Juan Ram\u00f3n de la Fuente y el embajador de EE.UU., Ken Salazar, ya se reunieron.<\/p>\n<p>La presidenta\u00a0<a href=\"https:\/\/x.com\/Claudiashein\" target=\"_blank\" rel=\"noreferrer noopener\"><span class=\"s1\"><b>Claudia<\/b><\/span><\/a><b>\u00a0Sheinbaum Pardo<\/b>\u00a0detall\u00f3 que el jueves se reunieron el canciller\u00a0<strong>Juan Ram\u00f3n de la Fuente<\/strong>\u00a0y el\u00a0<strong>embajador<\/strong>\u00a0de EE.UU. en M\u00e9xico,\u00a0<strong>Ken Salazar<\/strong>, donde se establecieron algunos\u00a0<strong>lineamientos generales\u00a0<\/strong>para trabajar de manera conjunta.<\/p>\n<p>En la conferencia matutina de Palacio Nacional, Sheinbaum Pardo apunt\u00f3 que estos lineamientos permitir\u00e1n ordenar \u201cde manera importante\u201d la relaci\u00f3n entre ambos pa\u00edses.<\/p>\n<p class=\"p1\">\n<blockquote>\n<p class=\"p1\">El canciller se reuni\u00f3 ayer con el embajador de EE.UU., Ken Salazar. Nosotros tenemos buena relaci\u00f3n con todos los pa\u00edses del mundo, con todos y siempre va a ser as\u00ed (\u2026) Entonces se establecieron una serie de lineamientos, digamos generales\u201d, destac\u00f3.<\/p>\n<\/blockquote>\n<p class=\"p1\">\u201cA veces el embajador acostumbra llamar a un secretario, otro secretario, entonces ahora le dijimos: \u2018bueno, si quiere tocar alg\u00fan tema relacionado con Secretar\u00eda de Energ\u00eda porque hay empresarios estadounidenses interesados en invertir y quieren saber la disponibilidad, pues a trav\u00e9s de la Canciller\u00eda&#8217;\u201d, indic\u00f3.<\/p>\n<p>\u201cFue algunos de los lineamientos que se establecieron el d\u00eda de ayer y eso ordena de manera muy importante la relaci\u00f3n\u201d, destac\u00f3.<\/p>\n<div id=\"ros-inread-multiple-im5cxr\" class=\"ad-container dfp-ad-unit ad-inread ad-slot\" data-ad-type=\"inreadbox\" data-slot=\"inread-multiple\" data-ad-loaded=\"1\" data-ad-setup=\"{&quot;postID&quot;:1658650,&quot;canRefresh&quot;:false,&quot;infinitescroll&quot;:false}\" data-google-query-id=\"CMGiy_TwhokDFR6GpgQdzFYvZg\"><\/div>\n<div data-ad-type=\"inreadbox\" data-slot=\"inread-multiple\" data-ad-loaded=\"1\" data-ad-setup=\"{&quot;postID&quot;:1658650,&quot;canRefresh&quot;:false,&quot;infinitescroll&quot;:false}\" data-google-query-id=\"CMGiy_TwhokDFR6GpgQdzFYvZg\">\n<p>La mandataria mexicana detall\u00f3 que el canciller De la Fuente tambi\u00e9n se reunir\u00e1 con el embajador de\u00a0<strong>Canad\u00e1, Graeme C. Clark<\/strong>.<\/p>\n<p>De esta forma, el nuevo Gobierno de M\u00e9xico reanud\u00f3 la relaci\u00f3n con el embajador Ken Salazar tras la \u201cpausa\u201d\u00a0<a href=\"https:\/\/lopezdoriga.com\/nacional\/amlo-declara-pausa-embajadas-eeuu-canada-criticas-reforma-judicial\/\" target=\"_blank\" rel=\"noopener\">impuesta en agosto<\/a>\u00a0por el hoy expresidente\u00a0<strong>Andr\u00e9s Manuel L\u00f3pez Obrador<\/strong>, a ra\u00edz de sus comentarios a la reforma al Poder Judicial.<\/p>\n<p>El mandatario mexicano apunt\u00f3 en su momento que la relaci\u00f3n con EE.UU. y Canad\u00e1 contin\u00faa, pero que \u201cojal\u00e1 y haya, de parte de ellos, una ratificaci\u00f3n de que van a ser respetuosos de la independencia de M\u00e9xico, de la soberan\u00eda de nuestro pa\u00eds\u201d.<\/p>\n<p class=\"p1\">Con informaci\u00f3n de L\u00f3pez-D\u00f3riga Digital<\/p>\n<\/div>\n","protected":false},"excerpt":{"rendered":"<p>La presidenta Claudia Sheinbaum detall\u00f3 que el canciller Juan Ram\u00f3n de la Fuente y el embajador de EE.UU., Ken Salazar, ya se reunieron. La presidenta\u00a0Claudia\u00a0Sheinbaum Pardo\u00a0detall\u00f3 que el jueves se reunieron el canciller\u00a0Juan Ram\u00f3n de la Fuente\u00a0y el\u00a0embajador\u00a0de EE.UU. en M\u00e9xico,\u00a0Ken Salazar, donde se establecieron algunos\u00a0lineamientos generales\u00a0para trabajar de manera conjunta. En la conferencia matutina de Palacio Nacional, Sheinbaum Pardo apunt\u00f3 que estos lineamientos permitir\u00e1n ordenar \u201cde manera importante\u201d la relaci\u00f3n entre ambos pa\u00edses. El canciller se reuni\u00f3 ayer con el embajador de EE.UU., Ken Salazar. Nosotros tenemos buena relaci\u00f3n con todos los pa\u00edses del mundo, con todos y siempre [&hellip;]<\/p>\n","protected":false},"author":3,"featured_media":105951,"comment_status":"open","ping_status":"open","sticky":false,"template":"","format":"standard","meta":{"_jetpack_newsletter_access":"","_jetpack_dont_email_post_to_subs":false,"_jetpack_newsletter_tier_id":0,"_jetpack_memberships_contains_paywalled_content":false,"_jetpack_feature_clip_id":0,"_jetpack_memberships_contains_paid_content":false,"footnotes":"","jetpack_publicize_message":"","jetpack_publicize_feature_enabled":true,"jetpack_social_post_already_shared":true,"jetpack_social_options":{"image_generator_settings":{"template":"highway","default_image_id":0,"font":"","enabled":false},"version":2},"jetpack_post_was_ever_published":false},"categories":[89,75,72],"tags":[],"class_list":["post-105947","post","type-post","status-publish","format-standard","has-post-thumbnail","hentry","category-internacional","category-nacional","category-portada","post--single"],"jetpack_publicize_connections":[],"jetpack_featured_media_url":"https:\/\/ovelanalista.com\/wp-content\/uploads\/2024\/10\/ken-salazar-eeuu-1.webp","jetpack_sharing_enabled":true,"_links":{"self":[{"href":"https:\/\/ovelanalista.com\/index.php?rest_route=\/wp\/v2\/posts\/105947","targetHints":{"allow":["GET"]}}],"collection":[{"href":"https:\/\/ovelanalista.com\/index.php?rest_route=\/wp\/v2\/posts"}],"about":[{"href":"https:\/\/ovelanalista.com\/index.php?rest_route=\/wp\/v2\/types\/post"}],"author":[{"embeddable":true,"href":"https:\/\/ovelanalista.com\/index.php?rest_route=\/wp\/v2\/users\/3"}],"replies":[{"embeddable":true,"href":"https:\/\/ovelanalista.com\/index.php?rest_route=%2Fwp%2Fv2%2Fcomments&post=105947"}],"version-history":[{"count":1,"href":"https:\/\/ovelanalista.com\/index.php?rest_route=\/wp\/v2\/posts\/105947\/revisions"}],"predecessor-version":[{"id":105952,"href":"https:\/\/ovelanalista.com\/index.php?rest_route=\/wp\/v2\/posts\/105947\/revisions\/105952"}],"wp:featuredmedia":[{"embeddable":true,"href":"https:\/\/ovelanalista.com\/index.php?rest_route=\/wp\/v2\/media\/105951"}],"wp:attachment":[{"href":"https:\/\/ovelanalista.com\/index.php?rest_route=%2Fwp%2Fv2%2Fmedia&parent=105947"}],"wp:term":[{"taxonomy":"category","embeddable":true,"href":"https:\/\/ovelanalista.com\/index.php?rest_route=%2Fwp%2Fv2%2Fcategories&post=105947"},{"taxonomy":"post_tag","embeddable":true,"href":"https:\/\/ovelanalista.com\/index.php?rest_route=%2Fwp%2Fv2%2Ftags&post=105947"}],"curies":[{"name":"wp","href":"https:\/\/api.w.org\/{rel}","templated":true}]}}