{"id":105950,"date":"2024-10-11T14:10:54","date_gmt":"2024-10-11T20:10:54","guid":{"rendered":"https:\/\/ovelanalista.com\/?p=105950"},"modified":"2024-10-11T11:48:10","modified_gmt":"2024-10-11T17:48:10","slug":"sheinbaum-anima-a-espana-a-usar-el-12-de-octubre-para-comenzar-con-la-disculpa-a-indigenas","status":"publish","type":"post","link":"https:\/\/ovelanalista.com\/?p=105950","title":{"rendered":"Sheinbaum anima a Espa\u00f1a a usar el 12 de octubre para comenzar con la disculpa a ind\u00edgenas"},"content":{"rendered":"<p>La presidenta Claudia Sheinbaum reiter\u00f3 que Espa\u00f1a debe disculparse por los abusos cometidos contra pueblos originarios en la Conquista.<\/p>\n<p>La presidenta de M\u00e9xico,\u00a0<strong><a href=\"https:\/\/x.com\/Claudiashein\" target=\"_blank\" rel=\"noopener noreferrer\">Claudia<\/a>\u00a0Sheinbaum Pardo<\/strong>, anim\u00f3 a\u00a0<strong>Espa\u00f1a<\/strong>\u00a0a usar el\u00a0<strong>12 de octubre<\/strong>\u00a0para comenzar con la\u00a0<strong><a href=\"https:\/\/lopezdoriga.com\/nacional\/tienen-recapacitar-sheinbaum-reitera-espana-debe-pedir-disculpa-atropellos-conquista\/\" target=\"_blank\" rel=\"noopener\">disculpa<\/a>\u00a0p\u00fablica<\/strong>\u00a0a los\u00a0<strong>pueblos originarios mexicanos<\/strong>\u00a0por los abusos de la\u00a0<strong>Conquista<\/strong>.<\/p>\n<p>Vamos a pasar un video sobre todas las disculpas p\u00fablicas que han hecho presidentes o gobernantes de distintos lugares del mundo para ver si se anima el d\u00eda de ma\u00f1ana a iniciar este proceso de disculpa p\u00fablica Espa\u00f1a a los pueblos originarios de M\u00e9xico\u201d, expuso la mandataria en su conferencia matutina.<\/p>\n<p>La gobernante mexicana reiter\u00f3 su postura tras no invitar al rey de Espa\u00f1a, Felipe VI, a su investidura la semana pasada, por no responder a la carta que le env\u00edo el expresidente Andr\u00e9s Manuel L\u00f3pez Obrador (2018-2024) en 2019 para solicitarle que pida perd\u00f3n a los pueblos originarios de M\u00e9xico por los abusos de la colonizaci\u00f3n.<\/p>\n<p>Por ello, exhibi\u00f3 un video con ejemplos de otras disculpas p\u00fablicas, como Jap\u00f3n, que desde 1990 ha pedido perd\u00f3n por abusos cometidos en Corea y China, o que en el a\u00f1o 2000 el entonces presidente de Alemania, Johannes Rau, pidi\u00f3 perd\u00f3n ante el Parlamento de Israel por el holocausto jud\u00edo.<\/p>\n<p>Tambi\u00e9n cit\u00f3 que en 2008 Italia se disculp\u00f3 con Libia por el colonialismo y prometi\u00f3 pagar 5.000 millones de d\u00f3lares, que en 2013 Pa\u00edses Bajos pidi\u00f3 perd\u00f3n por las ejecuciones en Indonesia en la d\u00e9cada de 1940, y que Portugal acept\u00f3 este 2024 su responsabilidad por la esclavitud en la \u00e9poca colonial, entre otros casos.<\/p>\n<p>\u201cEstos ejemplos confirman que ofrecer disculpas por agravios del pasado permiten resolver heridas hist\u00f3ricas y libera tanto a quien ofrece perd\u00f3n como a quien lo otorga\u201d, concluy\u00f3 el narrador del v\u00eddeo.<\/p>\n<p>Desde el Gobierno de L\u00f3pez Obrador, M\u00e9xico conmemora el 12 de octubre como el D\u00eda de la Resistencia Ind\u00edgena.<\/p>\n<p>Por ello, Sheinbaum Pardo critic\u00f3 que esta fecha se haya celebrado en otros pa\u00edses como el D\u00eda de la Raza, por iniciativa del ministro espa\u00f1ol Faustino Rodr\u00edguez-San Pedro a principios del siglo XX, o como el D\u00eda de la Hispanidad.<\/p>\n<p>\u201cAntes le llamaban el\u00a0<strong>D\u00eda de la Raza<\/strong>, que no tiene nada que ver con raza porque las razas no existen en los seres humanos, somos una sola especie y no hay razas, demostrado biol\u00f3gicamente, ahora le llaman el D\u00eda de la Hispanidad\u201d, resalt\u00f3 Sheinbaum.<\/p>\n<p>La presidenta argument\u00f3 que \u201crecuperar el sentido de patria, el sentido de naci\u00f3n, el sentido hist\u00f3rico, es un elemento fundamental de la Cuarta Transformaci\u00f3n\u201d, el movimiento pol\u00edtico que comenz\u00f3 L\u00f3pez Obrador.<\/p>\n<p>Con informaci\u00f3n de EFE<\/p>\n","protected":false},"excerpt":{"rendered":"<p>La presidenta Claudia Sheinbaum reiter\u00f3 que Espa\u00f1a debe disculparse por los abusos cometidos contra pueblos originarios en la Conquista. La presidenta de M\u00e9xico,\u00a0Claudia\u00a0Sheinbaum Pardo, anim\u00f3 a\u00a0Espa\u00f1a\u00a0a usar el\u00a012 de octubre\u00a0para comenzar con la\u00a0disculpa\u00a0p\u00fablica\u00a0a los\u00a0pueblos originarios mexicanos\u00a0por los abusos de la\u00a0Conquista. Vamos a pasar un video sobre todas las disculpas p\u00fablicas que han hecho presidentes o gobernantes de distintos lugares del mundo para ver si se anima el d\u00eda de ma\u00f1ana a iniciar este proceso de disculpa p\u00fablica Espa\u00f1a a los pueblos originarios de M\u00e9xico\u201d, expuso la mandataria en su conferencia matutina. La gobernante mexicana reiter\u00f3 su postura tras no invitar [&hellip;]<\/p>\n","protected":false},"author":3,"featured_media":105954,"comment_status":"open","ping_status":"open","sticky":false,"template":"","format":"standard","meta":{"_jetpack_newsletter_access":"","_jetpack_dont_email_post_to_subs":false,"_jetpack_newsletter_tier_id":0,"_jetpack_memberships_contains_paywalled_content":false,"_jetpack_feature_clip_id":0,"_jetpack_memberships_contains_paid_content":false,"footnotes":"","jetpack_publicize_message":"","jetpack_publicize_feature_enabled":true,"jetpack_social_post_already_shared":true,"jetpack_social_options":{"image_generator_settings":{"template":"highway","default_image_id":0,"font":"","enabled":false},"version":2},"jetpack_post_was_ever_published":false},"categories":[75,72],"tags":[],"class_list":["post-105950","post","type-post","status-publish","format-standard","has-post-thumbnail","hentry","category-nacional","category-portada","post--single"],"jetpack_publicize_connections":[],"jetpack_featured_media_url":"https:\/\/ovelanalista.com\/wp-content\/uploads\/2024\/10\/sheinbaum-espana-disculpa.webp","jetpack_sharing_enabled":true,"_links":{"self":[{"href":"https:\/\/ovelanalista.com\/index.php?rest_route=\/wp\/v2\/posts\/105950","targetHints":{"allow":["GET"]}}],"collection":[{"href":"https:\/\/ovelanalista.com\/index.php?rest_route=\/wp\/v2\/posts"}],"about":[{"href":"https:\/\/ovelanalista.com\/index.php?rest_route=\/wp\/v2\/types\/post"}],"author":[{"embeddable":true,"href":"https:\/\/ovelanalista.com\/index.php?rest_route=\/wp\/v2\/users\/3"}],"replies":[{"embeddable":true,"href":"https:\/\/ovelanalista.com\/index.php?rest_route=%2Fwp%2Fv2%2Fcomments&post=105950"}],"version-history":[{"count":1,"href":"https:\/\/ovelanalista.com\/index.php?rest_route=\/wp\/v2\/posts\/105950\/revisions"}],"predecessor-version":[{"id":105955,"href":"https:\/\/ovelanalista.com\/index.php?rest_route=\/wp\/v2\/posts\/105950\/revisions\/105955"}],"wp:featuredmedia":[{"embeddable":true,"href":"https:\/\/ovelanalista.com\/index.php?rest_route=\/wp\/v2\/media\/105954"}],"wp:attachment":[{"href":"https:\/\/ovelanalista.com\/index.php?rest_route=%2Fwp%2Fv2%2Fmedia&parent=105950"}],"wp:term":[{"taxonomy":"category","embeddable":true,"href":"https:\/\/ovelanalista.com\/index.php?rest_route=%2Fwp%2Fv2%2Fcategories&post=105950"},{"taxonomy":"post_tag","embeddable":true,"href":"https:\/\/ovelanalista.com\/index.php?rest_route=%2Fwp%2Fv2%2Ftags&post=105950"}],"curies":[{"name":"wp","href":"https:\/\/api.w.org\/{rel}","templated":true}]}}