{"id":105953,"date":"2024-10-11T14:20:41","date_gmt":"2024-10-11T20:20:41","guid":{"rendered":"https:\/\/ovelanalista.com\/?p=105953"},"modified":"2024-10-11T11:51:16","modified_gmt":"2024-10-11T17:51:16","slug":"gobierno-niega-que-se-haya-expropiado-a-calica-en-qr-pero-anuncia-que-ya-no-puede-extraer-mas-piedra-caliza","status":"publish","type":"post","link":"https:\/\/ovelanalista.com\/?p=105953","title":{"rendered":"Gobierno niega que se haya expropiado a Calica en QR, pero anuncia que ya no puede extraer m\u00e1s piedra caliza"},"content":{"rendered":"<p>La titular de Semarnat, Alicia B\u00e1rcena, indic\u00f3 que los terrenos donde se ubica Calica en Quintana Roo siguen siendo de su propiedad.<\/p>\n<p>El\u00a0<strong>Gobierno federal<\/strong>\u00a0dej\u00f3 en claro que no se han expropiado terrenos a la empresa\u00a0<strong>Calica<\/strong>, filial de la estadounidense\u00a0<strong>Vulcan Materials,<\/strong>\u00a0aunque s\u00ed prohibi\u00f3 la\u00a0<strong>extracci\u00f3n<\/strong>\u00a0de\u00a0<strong>piedra caliza<\/strong>\u00a0en la zona donde se encuentra ubicada en\u00a0<strong>Quintana Roo.<\/strong><\/p>\n<p>Lo anterior fue detallado en la conferencia matutina de Palacio Nacional por la secretaria de Medio Ambiente y Recursos Naturales,\u00a0<a href=\"https:\/\/x.com\/aliciabarcena\" target=\"_blank\" rel=\"noopener noreferrer\"><strong>Alicia B\u00e1rcena<\/strong><\/a>,<\/p>\n<p>\u201cEsto no es una expropiaci\u00f3n, porque la empresa Calica est\u00e1 diciendo que le estamos expropiando. No, no estamos expropiando su terreno, sigue siendo de ellos\u201d, indic\u00f3.<\/p>\n<blockquote><p>Lo \u00fanico que s\u00ed estamos diciendo es que no pueden extraer ni un gramo m\u00e1s de piedra caliza. Eso s\u00ed, es decir, tendr\u00e1n que restaurarlo, producir bosque o a ver qu\u00e9 hacen, pero caliza no\u201d, puntualiz\u00f3.<\/p><\/blockquote>\n<p>Barcelna Ibarra afirm\u00f3 que Calica ha realizado un grave da\u00f1o al medio ambiente de Quintana Roo a ra\u00edz de sus actividades.<\/p>\n<p>\u201cLa explotaci\u00f3n de roca caliza se fue incluso por debajo del manto fre\u00e1tico de una zona que tiene un ciclo hidrol\u00f3gico muy importante, llena de cenotes, una zona c\u00e1rstica, y se ha ocasionado una gran devastaci\u00f3n ambiental y graves desequilibrios ecol\u00f3gicos en esta regi\u00f3n\u201d, explic\u00f3.<\/p>\n<p>\u201cLa Profepa confirm\u00f3 estos da\u00f1os, el impacto al sistema hidrol\u00f3gico subterr\u00e1neo, 20 veces m\u00e1s del volumen autorizado. Ellos construyeron estanques superficiales, entonces el agua de los cenotes iba a estos estanques y se hac\u00eda una gran evaporaci\u00f3n,\u00a0 eso hace que se pierda una cantidad de agua important\u00edsima y, desde luego, valores altos de contaminaci\u00f3n industrial\u201d,<\/p>\n<p>Inlcuso, asegur\u00f3 que dicha filial de Vulcan Materials ha realizado \u201cuna serie de declaraciones falsas\u201d, entre ellas en donde detalla que tiene todos los permisos para la extracci\u00f3n de piedra caliza.<\/p>\n<p>\u201cEso no es verdad. En segundo lugar, neg\u00f3 sobreexplotar la extracci\u00f3n de piedra caliza, se sobrepas\u00f3 en la extracci\u00f3n y los permisos que se le dieron en 1986. Luego se les otorg\u00f3 otro permiso en el 2000 que les extendi\u00f3 el permiso por 20 a\u00f1os, ellos ya no tienen permiso desde diciembre del 2020\u201d, sostuvo.<\/p>\n<p>El Gobierno federal, todav\u00eda en la Administraci\u00f3n de\u00a0<strong>Andr\u00e9s Manuel L\u00f3pez Obrador<\/strong>,\u00a0<a href=\"https:\/\/lopezdoriga.com\/economia-y-finanzas\/ni-modo-no-protejamos-nuestros-recursos-amlo-niega-gobierno-expropiado-terrenos-vulcan-materials-qr\/\" target=\"_blank\" rel=\"noopener\">decret\u00f3 en septiembre<\/a>\u00a0como el area natural protegida \u201cFelipe Carrillo Puerto\u201d los predios pertenecientes a Calica en Playa del Carmen.<\/p>\n<p>Lo anterior fue detallado en un\u00a0<a href=\"https:\/\/www.dof.gob.mx\/nota_detalle.php?codigo=5739425&amp;fecha=23\/09\/2024#gsc.tab=0\" target=\"_blank\" rel=\"noopener noreferrer\">decreto publicado el lunes<\/a>\u00a0por la tarde en el Diario Oficial de la Federaci\u00f3n (DOF), donde se decreta como \u00e1rea de conservaci\u00f3n de flora y fauna una superficie de 53 mil 227 hect\u00e1reas, localizadas en los municipios Solidaridad, Tulum y la zona continental de Cozumel.<\/p>\n<p class=\"p1\">Con informaci\u00f3n de L\u00f3pez-D\u00f3riga Digital<\/p>\n","protected":false},"excerpt":{"rendered":"<p>La titular de Semarnat, Alicia B\u00e1rcena, indic\u00f3 que los terrenos donde se ubica Calica en Quintana Roo siguen siendo de su propiedad. El\u00a0Gobierno federal\u00a0dej\u00f3 en claro que no se han expropiado terrenos a la empresa\u00a0Calica, filial de la estadounidense\u00a0Vulcan Materials,\u00a0aunque s\u00ed prohibi\u00f3 la\u00a0extracci\u00f3n\u00a0de\u00a0piedra caliza\u00a0en la zona donde se encuentra ubicada en\u00a0Quintana Roo. Lo anterior fue detallado en la conferencia matutina de Palacio Nacional por la secretaria de Medio Ambiente y Recursos Naturales,\u00a0Alicia B\u00e1rcena, \u201cEsto no es una expropiaci\u00f3n, porque la empresa Calica est\u00e1 diciendo que le estamos expropiando. No, no estamos expropiando su terreno, sigue siendo de ellos\u201d, indic\u00f3. Lo [&hellip;]<\/p>\n","protected":false},"author":3,"featured_media":105957,"comment_status":"open","ping_status":"open","sticky":false,"template":"","format":"standard","meta":{"_jetpack_newsletter_access":"","_jetpack_dont_email_post_to_subs":false,"_jetpack_newsletter_tier_id":0,"_jetpack_memberships_contains_paywalled_content":false,"_jetpack_feature_clip_id":0,"_jetpack_memberships_contains_paid_content":false,"footnotes":"","jetpack_publicize_message":"","jetpack_publicize_feature_enabled":true,"jetpack_social_post_already_shared":true,"jetpack_social_options":{"image_generator_settings":{"template":"highway","default_image_id":0,"font":"","enabled":false},"version":2},"jetpack_post_was_ever_published":false},"categories":[75,72],"tags":[],"class_list":["post-105953","post","type-post","status-publish","format-standard","has-post-thumbnail","hentry","category-nacional","category-portada","post--single"],"jetpack_publicize_connections":[],"jetpack_featured_media_url":"https:\/\/ovelanalista.com\/wp-content\/uploads\/2024\/10\/calica-vulcan-materials-quintana-roo.webp","jetpack_sharing_enabled":true,"_links":{"self":[{"href":"https:\/\/ovelanalista.com\/index.php?rest_route=\/wp\/v2\/posts\/105953","targetHints":{"allow":["GET"]}}],"collection":[{"href":"https:\/\/ovelanalista.com\/index.php?rest_route=\/wp\/v2\/posts"}],"about":[{"href":"https:\/\/ovelanalista.com\/index.php?rest_route=\/wp\/v2\/types\/post"}],"author":[{"embeddable":true,"href":"https:\/\/ovelanalista.com\/index.php?rest_route=\/wp\/v2\/users\/3"}],"replies":[{"embeddable":true,"href":"https:\/\/ovelanalista.com\/index.php?rest_route=%2Fwp%2Fv2%2Fcomments&post=105953"}],"version-history":[{"count":1,"href":"https:\/\/ovelanalista.com\/index.php?rest_route=\/wp\/v2\/posts\/105953\/revisions"}],"predecessor-version":[{"id":105958,"href":"https:\/\/ovelanalista.com\/index.php?rest_route=\/wp\/v2\/posts\/105953\/revisions\/105958"}],"wp:featuredmedia":[{"embeddable":true,"href":"https:\/\/ovelanalista.com\/index.php?rest_route=\/wp\/v2\/media\/105957"}],"wp:attachment":[{"href":"https:\/\/ovelanalista.com\/index.php?rest_route=%2Fwp%2Fv2%2Fmedia&parent=105953"}],"wp:term":[{"taxonomy":"category","embeddable":true,"href":"https:\/\/ovelanalista.com\/index.php?rest_route=%2Fwp%2Fv2%2Fcategories&post=105953"},{"taxonomy":"post_tag","embeddable":true,"href":"https:\/\/ovelanalista.com\/index.php?rest_route=%2Fwp%2Fv2%2Ftags&post=105953"}],"curies":[{"name":"wp","href":"https:\/\/api.w.org\/{rel}","templated":true}]}}