{"id":105956,"date":"2024-10-11T14:30:18","date_gmt":"2024-10-11T20:30:18","guid":{"rendered":"https:\/\/ovelanalista.com\/?p=105956"},"modified":"2024-10-11T11:52:48","modified_gmt":"2024-10-11T17:52:48","slug":"sheinbaum-no-ve-crisis-constitucional-a-raiz-de-la-reforma-judicial","status":"publish","type":"post","link":"https:\/\/ovelanalista.com\/?p=105956","title":{"rendered":"Sheinbaum no ve crisis constitucional a ra\u00edz de la reforma judicial"},"content":{"rendered":"<p>La presidenta Claudia Sheinbaum dej\u00f3 en claro que se han cubierto todos los requisitos de let para concretar la reforma judicial.<\/p>\n<div class=\"entry-grid__content-area2 entry-main-text\">\n<div class=\"row\">\n<div class=\"col-12 col-lg-8\">\n<div class=\"article-content\">\n<p class=\"p1\"><span class=\"s1\"><a href=\"https:\/\/x.com\/Claudiashein\" target=\"_blank\" rel=\"noreferrer noopener\"><b>Claudia<\/b><\/a><\/span><b>\u00a0Sheinbaum Pardo<\/b>, presidenta de M\u00e9xico, no ve ninguna\u00a0<strong>crisis constitucional<\/strong>\u00a0a ra\u00edz de la\u00a0<strong>reforma<\/strong>\u00a0al\u00a0<strong>Poder Judicial<\/strong>.<\/p>\n<p class=\"p1\">En la conferencia matutina de Palacio Nacional, Sheinbaum Pardo rechaz\u00f3 lo\u00a0<a href=\"https:\/\/lopezdoriga.com\/nacional\/jufed-acusa-gobierno-sheinbaum-provocar-crisis-constitucional-reforma-judicial\/\" target=\"_blank\" rel=\"noopener\">detallado en la previa<\/a>\u00a0por los integrantes de la la\u00a0<strong>Asociaci\u00f3n Nacional<\/strong>\u00a0de\u00a0<b>Magistrados de Circuito y Jueces de Distrito<\/b>\u00a0del Poder Judicial de la Federaci\u00f3n (<strong>Jufed<\/strong>), de quienes apunt\u00f3 que defienden sus privilegios.<\/p>\n<p class=\"p1\">\u201cSon los jueces que van a tener que ceder su espacio a los nuevos jueces, muchos de ellos no est\u00e1n de acuerdo, Hay otros jueces que s\u00ed est\u00e1n de acuerdo, hay que decirlo, que pro cierto les dan poco espacio en los medios, valdr\u00eda la pena de que los medios se abrieran a que no solo escucharon a algunos ministros de la Corte, sino tambi\u00e9n a jueces que est\u00e1n de acuerdo con la reforma que ya se hizo\u201d, se\u00f1al\u00f3.<\/p>\n<blockquote><p>Yo no voy ninguna crisis constitucional, se han cubierto todos los requisitos y normas que establece la Constituci\u00f3n\u201d, agreg\u00f3.<\/p><\/blockquote>\n<p>\u201cQuien defiende sus propios privilegios ha presentado amparos, pero resulta que el amparo no resulta para un asunto constitucional, es para leyes secundarias o para un acto que comete una autoridad, entonces \u00bfd\u00f3nde est\u00e1 la crisis constitucional? En ning\u00fan lado\u201d, agreg\u00f3.<\/p>\n<p>La mandataria mexicana reitero que ocho ministros de la\u00a0<strong>Suprema corte de Justicia de la Naci\u00f3n<\/strong>\u00a0(<strong>SCJN<\/strong>) ni pueden parar la reforma judicial.<\/p>\n<p>\u201cOcho ministros de la Corte no pueden parar este cambio constitucional que ha seguido paso por paso todas las reglas establecidas en nuestras leyes y en nuestra Constituci\u00f3n\u201d, destac\u00f3.<\/p>\n<p>\u201cVa a ser ben\u00e9fico para M\u00e9xico esto, s\u00ed, porque tenemos un poder judicial con mucha corrupci\u00f3n\u201d, puntualiz\u00f3.<\/p>\n<p>Sheinbaum Pardo volvi\u00f3 a reclamar a los trabajadores del Poder Judicial que sigan en paro desde el pasado 21 de agosto.<\/p>\n<p>\u201cLlevan casi tres meses en paro, cobrando, \u00bfc\u00f3mo? \u00bfD\u00f3nde est\u00e1 el acceso a la justicia que tanto defienden? (\u2026) Entonces la reforma judicial va\u201d, enfatiz\u00f3.<\/p>\n<p>La principal premisa de la reforma al Poder Judicial, publicada el 15 de septiembre en el Diario Oficial de la Federal (DOF). es la elecci\u00f3n por voto popular de jueces, magistrados y ministros de la Suprema Corte.<\/p>\n<p>Con informaci\u00f3n de L\u00f3pez-D\u00f3riga Digital<\/p>\n<\/div>\n<\/div>\n<\/div>\n<\/div>\n","protected":false},"excerpt":{"rendered":"<p>La presidenta Claudia Sheinbaum dej\u00f3 en claro que se han cubierto todos los requisitos de let para concretar la reforma judicial. Claudia\u00a0Sheinbaum Pardo, presidenta de M\u00e9xico, no ve ninguna\u00a0crisis constitucional\u00a0a ra\u00edz de la\u00a0reforma\u00a0al\u00a0Poder Judicial. En la conferencia matutina de Palacio Nacional, Sheinbaum Pardo rechaz\u00f3 lo\u00a0detallado en la previa\u00a0por los integrantes de la la\u00a0Asociaci\u00f3n Nacional\u00a0de\u00a0Magistrados de Circuito y Jueces de Distrito\u00a0del Poder Judicial de la Federaci\u00f3n (Jufed), de quienes apunt\u00f3 que defienden sus privilegios. \u201cSon los jueces que van a tener que ceder su espacio a los nuevos jueces, muchos de ellos no est\u00e1n de acuerdo, Hay otros jueces que s\u00ed [&hellip;]<\/p>\n","protected":false},"author":3,"featured_media":105959,"comment_status":"open","ping_status":"open","sticky":false,"template":"","format":"standard","meta":{"_jetpack_newsletter_access":"","_jetpack_dont_email_post_to_subs":false,"_jetpack_newsletter_tier_id":0,"_jetpack_memberships_contains_paywalled_content":false,"_jetpack_feature_clip_id":0,"_jetpack_memberships_contains_paid_content":false,"footnotes":"","jetpack_publicize_message":"","jetpack_publicize_feature_enabled":true,"jetpack_social_post_already_shared":true,"jetpack_social_options":{"image_generator_settings":{"template":"highway","default_image_id":0,"font":"","enabled":false},"version":2},"jetpack_post_was_ever_published":false},"categories":[75,72],"tags":[],"class_list":["post-105956","post","type-post","status-publish","format-standard","has-post-thumbnail","hentry","category-nacional","category-portada","post--single"],"jetpack_publicize_connections":[],"jetpack_featured_media_url":"https:\/\/ovelanalista.com\/wp-content\/uploads\/2024\/10\/reforma-judicial-poder-judicial-jueces-magistrados-ministros-1.webp","jetpack_sharing_enabled":true,"_links":{"self":[{"href":"https:\/\/ovelanalista.com\/index.php?rest_route=\/wp\/v2\/posts\/105956","targetHints":{"allow":["GET"]}}],"collection":[{"href":"https:\/\/ovelanalista.com\/index.php?rest_route=\/wp\/v2\/posts"}],"about":[{"href":"https:\/\/ovelanalista.com\/index.php?rest_route=\/wp\/v2\/types\/post"}],"author":[{"embeddable":true,"href":"https:\/\/ovelanalista.com\/index.php?rest_route=\/wp\/v2\/users\/3"}],"replies":[{"embeddable":true,"href":"https:\/\/ovelanalista.com\/index.php?rest_route=%2Fwp%2Fv2%2Fcomments&post=105956"}],"version-history":[{"count":1,"href":"https:\/\/ovelanalista.com\/index.php?rest_route=\/wp\/v2\/posts\/105956\/revisions"}],"predecessor-version":[{"id":105960,"href":"https:\/\/ovelanalista.com\/index.php?rest_route=\/wp\/v2\/posts\/105956\/revisions\/105960"}],"wp:featuredmedia":[{"embeddable":true,"href":"https:\/\/ovelanalista.com\/index.php?rest_route=\/wp\/v2\/media\/105959"}],"wp:attachment":[{"href":"https:\/\/ovelanalista.com\/index.php?rest_route=%2Fwp%2Fv2%2Fmedia&parent=105956"}],"wp:term":[{"taxonomy":"category","embeddable":true,"href":"https:\/\/ovelanalista.com\/index.php?rest_route=%2Fwp%2Fv2%2Fcategories&post=105956"},{"taxonomy":"post_tag","embeddable":true,"href":"https:\/\/ovelanalista.com\/index.php?rest_route=%2Fwp%2Fv2%2Ftags&post=105956"}],"curies":[{"name":"wp","href":"https:\/\/api.w.org\/{rel}","templated":true}]}}