{"id":105961,"date":"2024-10-11T14:40:53","date_gmt":"2024-10-11T20:40:53","guid":{"rendered":"https:\/\/ovelanalista.com\/?p=105961"},"modified":"2024-10-11T11:54:35","modified_gmt":"2024-10-11T17:54:35","slug":"asesinan-a-mando-de-la-fiscalia-de-jalisco","status":"publish","type":"post","link":"https:\/\/ovelanalista.com\/?p=105961","title":{"rendered":"Asesinan a mando de la Fiscal\u00eda de Jalisco"},"content":{"rendered":"<p>El director general de Seguimiento a Procesos de la Fiscal\u00eda de Jalisco fue asesinado a disparos en Guadalajara.<\/p>\n<p><strong>Jaime Navarro Hern\u00e1ndez<\/strong>, director general de Seguimiento a Procesos de la\u00a0<strong>Fiscal\u00eda del Estado<\/strong>\u00a0(FE) de\u00a0<strong>Jalisco<\/strong>, fue\u00a0<strong>asesinado<\/strong>.<\/p>\n<div id=\"standard_2\" class=\"st-placement standard_2 inArticle\"><\/div>\n<p>Los hechos ocurrieron la noche del jueves en la colonia Jardines Alcalde de\u00a0<strong>Guadalajara<\/strong>.<\/p>\n<p>El funcionario se encontraba en el\u00a0<strong>estacionamiento<\/strong>\u00a0de una tienda de autoservicio cuando fue\u00a0<strong>atacado<\/strong>\u00a0<strong>a disparos<\/strong>.<\/p>\n<p>Param\u00e9dicos que llegaron al lugar solo pudieron confirmar que hab\u00eda\u00a0<strong>muerto<\/strong>.<\/p>\n<p>La Fiscal\u00eda del Estado abri\u00f3 la\u00a0<a href=\"https:\/\/fiscalia.jalisco.gob.mx\/comunicacion-social\/boletines-de-prensa\/boletin-2523-20241011\" target=\"_blank\" rel=\"noopener noreferrer\">carpeta de investigaci\u00f3n<\/a>\u00a0pertinente y despleg\u00f3 agentes de la Unidad de Investigaci\u00f3n de Homicidios Intencionales para las indagatorias correspondientes.<\/p>\n<p>https:\/\/x.com\/EnriqueAlfaroR\/status\/1844747043853492446?ref_src=twsrc%5Etfw%7Ctwcamp%5Etweetembed%7Ctwterm%5E1844747043853492446%7Ctwgr%5Ee68b4f54a86a184c5f5ba4b66b04114b5c5dc1e8%7Ctwcon%5Es1_c10&#038;ref_url=https%3A%2F%2Flopezdoriga.com%2Fnacional%2Fguadalajara-asesinan-jaime-navarro-mando-fiscalia-jalisco%2F<\/p>\n<p>El\u00a0<strong>gobernador Enrique Alfaro<\/strong>\u00a0conden\u00f3 el asesinato de Jaime Navarro Hern\u00e1ndez, de quien asegur\u00f3, \u201chac\u00eda un extraordinario trabajo\u201d como encargado de dar acompa\u00f1amiento a los procesos contra delincuentes.<\/p>\n<p>Se\u00f1al\u00f3 que se dar\u00e1 apoyo a su familia, en tanto que las investigaciones no parar\u00e1n hasta dar con quien resulte responsable.<\/p>\n<p>Con informaci\u00f3n de L\u00f3pez-D\u00f3riga Digital<\/p>\n","protected":false},"excerpt":{"rendered":"<p>El director general de Seguimiento a Procesos de la Fiscal\u00eda de Jalisco fue asesinado a disparos en Guadalajara. Jaime Navarro Hern\u00e1ndez, director general de Seguimiento a Procesos de la\u00a0Fiscal\u00eda del Estado\u00a0(FE) de\u00a0Jalisco, fue\u00a0asesinado. Los hechos ocurrieron la noche del jueves en la colonia Jardines Alcalde de\u00a0Guadalajara. El funcionario se encontraba en el\u00a0estacionamiento\u00a0de una tienda de autoservicio cuando fue\u00a0atacado\u00a0a disparos. Param\u00e9dicos que llegaron al lugar solo pudieron confirmar que hab\u00eda\u00a0muerto. La Fiscal\u00eda del Estado abri\u00f3 la\u00a0carpeta de investigaci\u00f3n\u00a0pertinente y despleg\u00f3 agentes de la Unidad de Investigaci\u00f3n de Homicidios Intencionales para las indagatorias correspondientes. https:\/\/x.com\/EnriqueAlfaroR\/status\/1844747043853492446?ref_src=twsrc%5Etfw%7Ctwcamp%5Etweetembed%7Ctwterm%5E1844747043853492446%7Ctwgr%5Ee68b4f54a86a184c5f5ba4b66b04114b5c5dc1e8%7Ctwcon%5Es1_c10&#038;ref_url=https%3A%2F%2Flopezdoriga.com%2Fnacional%2Fguadalajara-asesinan-jaime-navarro-mando-fiscalia-jalisco%2F El\u00a0gobernador Enrique Alfaro\u00a0conden\u00f3 el asesinato de Jaime [&hellip;]<\/p>\n","protected":false},"author":3,"featured_media":105962,"comment_status":"open","ping_status":"open","sticky":false,"template":"","format":"standard","meta":{"_jetpack_newsletter_access":"","_jetpack_dont_email_post_to_subs":false,"_jetpack_newsletter_tier_id":0,"_jetpack_memberships_contains_paywalled_content":false,"_jetpack_feature_clip_id":0,"_jetpack_memberships_contains_paid_content":false,"footnotes":"","jetpack_publicize_message":"","jetpack_publicize_feature_enabled":true,"jetpack_social_post_already_shared":true,"jetpack_social_options":{"image_generator_settings":{"template":"highway","default_image_id":0,"font":"","enabled":false},"version":2},"jetpack_post_was_ever_published":false},"categories":[75,72],"tags":[],"class_list":["post-105961","post","type-post","status-publish","format-standard","has-post-thumbnail","hentry","category-nacional","category-portada","post--single"],"jetpack_publicize_connections":[],"jetpack_featured_media_url":"https:\/\/ovelanalista.com\/wp-content\/uploads\/2024\/10\/jaime-navarro-hernandez.webp","jetpack_sharing_enabled":true,"_links":{"self":[{"href":"https:\/\/ovelanalista.com\/index.php?rest_route=\/wp\/v2\/posts\/105961","targetHints":{"allow":["GET"]}}],"collection":[{"href":"https:\/\/ovelanalista.com\/index.php?rest_route=\/wp\/v2\/posts"}],"about":[{"href":"https:\/\/ovelanalista.com\/index.php?rest_route=\/wp\/v2\/types\/post"}],"author":[{"embeddable":true,"href":"https:\/\/ovelanalista.com\/index.php?rest_route=\/wp\/v2\/users\/3"}],"replies":[{"embeddable":true,"href":"https:\/\/ovelanalista.com\/index.php?rest_route=%2Fwp%2Fv2%2Fcomments&post=105961"}],"version-history":[{"count":1,"href":"https:\/\/ovelanalista.com\/index.php?rest_route=\/wp\/v2\/posts\/105961\/revisions"}],"predecessor-version":[{"id":105964,"href":"https:\/\/ovelanalista.com\/index.php?rest_route=\/wp\/v2\/posts\/105961\/revisions\/105964"}],"wp:featuredmedia":[{"embeddable":true,"href":"https:\/\/ovelanalista.com\/index.php?rest_route=\/wp\/v2\/media\/105962"}],"wp:attachment":[{"href":"https:\/\/ovelanalista.com\/index.php?rest_route=%2Fwp%2Fv2%2Fmedia&parent=105961"}],"wp:term":[{"taxonomy":"category","embeddable":true,"href":"https:\/\/ovelanalista.com\/index.php?rest_route=%2Fwp%2Fv2%2Fcategories&post=105961"},{"taxonomy":"post_tag","embeddable":true,"href":"https:\/\/ovelanalista.com\/index.php?rest_route=%2Fwp%2Fv2%2Ftags&post=105961"}],"curies":[{"name":"wp","href":"https:\/\/api.w.org\/{rel}","templated":true}]}}