{"id":105963,"date":"2024-10-11T14:50:09","date_gmt":"2024-10-11T20:50:09","guid":{"rendered":"https:\/\/ovelanalista.com\/?p=105963"},"modified":"2024-10-11T11:56:09","modified_gmt":"2024-10-11T17:56:09","slug":"sheinbaum-anuncia-a-eduardo-clark-como-nuevo-subsecretario-de-salud-federal","status":"publish","type":"post","link":"https:\/\/ovelanalista.com\/?p=105963","title":{"rendered":"Sheinbaum anuncia a Eduardo Clark como nuevo subsecretario de Salud federal"},"content":{"rendered":"<p>Se apunt\u00f3 que Eduardo Clark Garc\u00eda ayudar\u00e1 en las labores de compra de medicamentos y su distribuci\u00f3n en el pa\u00eds.<\/p>\n<p class=\"p1\"><span class=\"s1\"><a href=\"https:\/\/x.com\/Claudiashein\" target=\"_blank\" rel=\"noreferrer noopener\"><b>Claudia<\/b><\/a><\/span><b>\u00a0Sheinbaum Pardo<\/b>, presidenta de M\u00e9xico, anunci\u00f3 que\u00a0<strong>Eduardo Clark<\/strong>\u00a0ser\u00e1 el\u00a0<strong>nuevo subsecretario de Salud<\/strong>\u00a0federal.<\/p>\n<p>Clark Garc\u00eda Dobarganes fungi\u00f3 como titular de la Agencia Digital de Innovaci\u00f3n P\u00fablica del Gobierno de la Ciudad de M\u00e9xico.<\/p>\n<blockquote><p>Les comparto que Eduardo Clark es subsecretario de Salud, muchos de ustedes lo conocen\u201d, destac\u00f3.<\/p><\/blockquote>\n<p>\u201c\u00c9l estuvo en la Agencia Digital de Innovaci\u00f3n P\u00fablica de la CDMX, ya hora tom\u00e9 la decisi\u00f3n de que se fuera a Salud. Es experto justamente en proceso de digitalizaci\u00f3n, de eficientizaci\u00f3n y de operaci\u00f3n log\u00edstica de distribuci\u00f3n\u201d, apunt\u00f3.<\/p>\n<p>La mandataria mexicana explic\u00f3 que Clark ayudar\u00e1 en las labores de compra de medicamentos y su distribuci\u00f3n.<\/p>\n<p>\u201c\u00c9l va a ayudar mucho al doctor (David) Kershenobich , a Zo\u00e9 Robledo, a Alejandro Svarch, a todo este proceso de compra y distribuci\u00f3n de medicamentos\u201d, destac\u00f3.<\/p>\n<p>Con informaci\u00f3n de L\u00f3pez-D\u00f3riga Digital<\/p>\n","protected":false},"excerpt":{"rendered":"<p>Se apunt\u00f3 que Eduardo Clark Garc\u00eda ayudar\u00e1 en las labores de compra de medicamentos y su distribuci\u00f3n en el pa\u00eds. Claudia\u00a0Sheinbaum Pardo, presidenta de M\u00e9xico, anunci\u00f3 que\u00a0Eduardo Clark\u00a0ser\u00e1 el\u00a0nuevo subsecretario de Salud\u00a0federal. Clark Garc\u00eda Dobarganes fungi\u00f3 como titular de la Agencia Digital de Innovaci\u00f3n P\u00fablica del Gobierno de la Ciudad de M\u00e9xico. Les comparto que Eduardo Clark es subsecretario de Salud, muchos de ustedes lo conocen\u201d, destac\u00f3. \u201c\u00c9l estuvo en la Agencia Digital de Innovaci\u00f3n P\u00fablica de la CDMX, ya hora tom\u00e9 la decisi\u00f3n de que se fuera a Salud. Es experto justamente en proceso de digitalizaci\u00f3n, de eficientizaci\u00f3n y [&hellip;]<\/p>\n","protected":false},"author":3,"featured_media":105965,"comment_status":"open","ping_status":"open","sticky":false,"template":"","format":"standard","meta":{"_jetpack_newsletter_access":"","_jetpack_dont_email_post_to_subs":false,"_jetpack_newsletter_tier_id":0,"_jetpack_memberships_contains_paywalled_content":false,"_jetpack_feature_clip_id":0,"_jetpack_memberships_contains_paid_content":false,"footnotes":"","jetpack_publicize_message":"","jetpack_publicize_feature_enabled":true,"jetpack_social_post_already_shared":true,"jetpack_social_options":{"image_generator_settings":{"template":"highway","default_image_id":0,"font":"","enabled":false},"version":2},"jetpack_post_was_ever_published":false},"categories":[75,72],"tags":[],"class_list":["post-105963","post","type-post","status-publish","format-standard","has-post-thumbnail","hentry","category-nacional","category-portada","post--single"],"jetpack_publicize_connections":[],"jetpack_featured_media_url":"https:\/\/ovelanalista.com\/wp-content\/uploads\/2024\/10\/eduardo-clark-gobierno-cdmx-1.webp","jetpack_sharing_enabled":true,"_links":{"self":[{"href":"https:\/\/ovelanalista.com\/index.php?rest_route=\/wp\/v2\/posts\/105963","targetHints":{"allow":["GET"]}}],"collection":[{"href":"https:\/\/ovelanalista.com\/index.php?rest_route=\/wp\/v2\/posts"}],"about":[{"href":"https:\/\/ovelanalista.com\/index.php?rest_route=\/wp\/v2\/types\/post"}],"author":[{"embeddable":true,"href":"https:\/\/ovelanalista.com\/index.php?rest_route=\/wp\/v2\/users\/3"}],"replies":[{"embeddable":true,"href":"https:\/\/ovelanalista.com\/index.php?rest_route=%2Fwp%2Fv2%2Fcomments&post=105963"}],"version-history":[{"count":1,"href":"https:\/\/ovelanalista.com\/index.php?rest_route=\/wp\/v2\/posts\/105963\/revisions"}],"predecessor-version":[{"id":105967,"href":"https:\/\/ovelanalista.com\/index.php?rest_route=\/wp\/v2\/posts\/105963\/revisions\/105967"}],"wp:featuredmedia":[{"embeddable":true,"href":"https:\/\/ovelanalista.com\/index.php?rest_route=\/wp\/v2\/media\/105965"}],"wp:attachment":[{"href":"https:\/\/ovelanalista.com\/index.php?rest_route=%2Fwp%2Fv2%2Fmedia&parent=105963"}],"wp:term":[{"taxonomy":"category","embeddable":true,"href":"https:\/\/ovelanalista.com\/index.php?rest_route=%2Fwp%2Fv2%2Fcategories&post=105963"},{"taxonomy":"post_tag","embeddable":true,"href":"https:\/\/ovelanalista.com\/index.php?rest_route=%2Fwp%2Fv2%2Ftags&post=105963"}],"curies":[{"name":"wp","href":"https:\/\/api.w.org\/{rel}","templated":true}]}}