{"id":105966,"date":"2024-10-11T15:00:54","date_gmt":"2024-10-11T21:00:54","guid":{"rendered":"https:\/\/ovelanalista.com\/?p=105966"},"modified":"2024-10-11T11:59:01","modified_gmt":"2024-10-11T17:59:01","slug":"ministro-luis-maria-aguilar-enlista-resoluciones-de-la-corte-en-favor-de-mexico","status":"publish","type":"post","link":"https:\/\/ovelanalista.com\/?p=105966","title":{"rendered":"Ministro Luis Mar\u00eda Aguilar enlista resoluciones de la Corte \u201cen favor de M\u00e9xico\u201d"},"content":{"rendered":"<p>El ministro Luis Mar\u00eda Aguilar precis\u00f3 que la Suprema Corte de Justicia no es un pu\u00f1ado de servidores p\u00fablicos con privilegios.<\/p>\n<p>En medio de la pol\u00e9mica que envuelve a la reforma al Poder Judicial, el<strong>\u00a0ministro Luis Mar\u00eda Aguilar Morales<\/strong>\u00a0enlist\u00f3 algunas de las\u00a0<strong>resoluciones<\/strong>\u00a0de la\u00a0<strong>Suprema Corte de Justicia de la Naci\u00f3n<\/strong> (SCJN) en favor del pa\u00eds.<\/p>\n<p>https:\/\/x.com\/JusticiaTV_MX\/status\/1844544027611251002?ref_src=twsrc%5Etfw%7Ctwcamp%5Etweetembed%7Ctwterm%5E1844544027611251002%7Ctwgr%5E4e413905c5d56b0fb50a35867bf0ce2241e55237%7Ctwcon%5Es1_c10&#038;ref_url=https%3A%2F%2Flopezdoriga.com%2Fnacional%2Fministro-luis-maria-aguilar-enlista-resoluciones-corte-en-favor-mexico%2F<\/p>\n<p>Durante un\u00a0<a href=\"https:\/\/youtu.be\/VjXmP8mpT88?t=730\" target=\"_blank\" rel=\"noopener noreferrer\">homenaje a su trayectoria<\/a>, el ministro Aguilar Morales defendi\u00f3 que la\u00a0<strong>justicia federal<\/strong>\u00a0es la que protege a la ciudadan\u00eda ante la autoridad, inclusive de los poderes Ejecutivo y Legislativo.<\/p>\n<blockquote><p>Para eso existe la Justicia Federal, para hacer prevalecer los derechos humanos que todos tenemos y que son reconocidos en nuestra Constituci\u00f3n\u201d, refiri\u00f3.<\/p><\/blockquote>\n<p>De este modo, precis\u00f3, \u201cla Suprema Corte no es un pu\u00f1ado de servidores p\u00fablicos con privilegios\u201d y ha actuado contra la\u00a0<strong>corrupci\u00f3n<\/strong>.<\/p>\n<p>Enfatiz\u00f3 que entre las resoluciones de la Corte se encuentra que ya no se puede\u00a0<strong>detener a alguien por m\u00e1s de 10 d\u00edas<\/strong>, a\u00fan con autorizaci\u00f3n judicial.<\/p>\n<p>Invalid\u00f3 tambi\u00e9n el cobro de derecho del primer\u00a0<strong>registro de nacimiento<\/strong>.<\/p>\n<p>Por otra parte, aprob\u00f3 el\u00a0<strong>matrimonio entre personas del mismo sexo<\/strong>\u00a0y su posibilidad de\u00a0<strong>adoptar<\/strong>.<\/p>\n<p>Del mismo modo, la Suprema Corte de Justicia despenaliz\u00f3 la\u00a0<strong>interrupci\u00f3n del embarazo<\/strong>.<\/p>\n<p>Y en materia de\u00a0<strong>protecci\u00f3n a la infancia<\/strong>, el interrogatorio de menores de edad solo podr\u00e1 efectuarse con un debido acompa\u00f1amiento psicol\u00f3gico.<\/p>\n<p>Se declar\u00f3 inconstitucional la exhibici\u00f3n de ni\u00f1os ante medios de comunicaci\u00f3n.<\/p>\n<p>El\u00a0<strong>ministro Luis Mar\u00eda Aguilar Morales<\/strong>\u00a0subray\u00f3 que la SCJN ha defendido \u201cindudablemente\u201d el criterio de la\u00a0<strong>libertad de expresi\u00f3n<\/strong>\u00a0y que declar\u00f3 inconstitucional, en su momento, la\u00a0<strong>Ley de Seguridad Interior<\/strong>.<\/p>\n<p>Defendi\u00f3 tambi\u00e9n el apoyo a las\u00a0<strong>personas con discapacidad<\/strong>.<\/p>\n<blockquote><p>Parece, con el tiempo, que la Corte est\u00e1 lejos (pero) claro que nos dimos cuenta, claro que lo resolvimos y claro que apoyamos todos estos derechos humanos\u201d, indic\u00f3.<\/p><\/blockquote>\n<p>Con informaci\u00f3n de L\u00f3pez-D\u00f3riga Digital<\/p>\n","protected":false},"excerpt":{"rendered":"<p>El ministro Luis Mar\u00eda Aguilar precis\u00f3 que la Suprema Corte de Justicia no es un pu\u00f1ado de servidores p\u00fablicos con privilegios. En medio de la pol\u00e9mica que envuelve a la reforma al Poder Judicial, el\u00a0ministro Luis Mar\u00eda Aguilar Morales\u00a0enlist\u00f3 algunas de las\u00a0resoluciones\u00a0de la\u00a0Suprema Corte de Justicia de la Naci\u00f3n (SCJN) en favor del pa\u00eds. https:\/\/x.com\/JusticiaTV_MX\/status\/1844544027611251002?ref_src=twsrc%5Etfw%7Ctwcamp%5Etweetembed%7Ctwterm%5E1844544027611251002%7Ctwgr%5E4e413905c5d56b0fb50a35867bf0ce2241e55237%7Ctwcon%5Es1_c10&#038;ref_url=https%3A%2F%2Flopezdoriga.com%2Fnacional%2Fministro-luis-maria-aguilar-enlista-resoluciones-corte-en-favor-mexico%2F Durante un\u00a0homenaje a su trayectoria, el ministro Aguilar Morales defendi\u00f3 que la\u00a0justicia federal\u00a0es la que protege a la ciudadan\u00eda ante la autoridad, inclusive de los poderes Ejecutivo y Legislativo. Para eso existe la Justicia Federal, para hacer prevalecer los derechos humanos que todos tenemos y [&hellip;]<\/p>\n","protected":false},"author":3,"featured_media":105968,"comment_status":"open","ping_status":"open","sticky":false,"template":"","format":"standard","meta":{"_jetpack_newsletter_access":"","_jetpack_dont_email_post_to_subs":false,"_jetpack_newsletter_tier_id":0,"_jetpack_memberships_contains_paywalled_content":false,"_jetpack_feature_clip_id":0,"_jetpack_memberships_contains_paid_content":false,"footnotes":"","jetpack_publicize_message":"","jetpack_publicize_feature_enabled":true,"jetpack_social_post_already_shared":true,"jetpack_social_options":{"image_generator_settings":{"template":"highway","default_image_id":0,"font":"","enabled":false},"version":2},"jetpack_post_was_ever_published":false},"categories":[75,72],"tags":[],"class_list":["post-105966","post","type-post","status-publish","format-standard","has-post-thumbnail","hentry","category-nacional","category-portada","post--single"],"jetpack_publicize_connections":[],"jetpack_featured_media_url":"https:\/\/ovelanalista.com\/wp-content\/uploads\/2024\/10\/ministro-luis-maria-aguilar-morales.webp","jetpack_sharing_enabled":true,"_links":{"self":[{"href":"https:\/\/ovelanalista.com\/index.php?rest_route=\/wp\/v2\/posts\/105966","targetHints":{"allow":["GET"]}}],"collection":[{"href":"https:\/\/ovelanalista.com\/index.php?rest_route=\/wp\/v2\/posts"}],"about":[{"href":"https:\/\/ovelanalista.com\/index.php?rest_route=\/wp\/v2\/types\/post"}],"author":[{"embeddable":true,"href":"https:\/\/ovelanalista.com\/index.php?rest_route=\/wp\/v2\/users\/3"}],"replies":[{"embeddable":true,"href":"https:\/\/ovelanalista.com\/index.php?rest_route=%2Fwp%2Fv2%2Fcomments&post=105966"}],"version-history":[{"count":1,"href":"https:\/\/ovelanalista.com\/index.php?rest_route=\/wp\/v2\/posts\/105966\/revisions"}],"predecessor-version":[{"id":105970,"href":"https:\/\/ovelanalista.com\/index.php?rest_route=\/wp\/v2\/posts\/105966\/revisions\/105970"}],"wp:featuredmedia":[{"embeddable":true,"href":"https:\/\/ovelanalista.com\/index.php?rest_route=\/wp\/v2\/media\/105968"}],"wp:attachment":[{"href":"https:\/\/ovelanalista.com\/index.php?rest_route=%2Fwp%2Fv2%2Fmedia&parent=105966"}],"wp:term":[{"taxonomy":"category","embeddable":true,"href":"https:\/\/ovelanalista.com\/index.php?rest_route=%2Fwp%2Fv2%2Fcategories&post=105966"},{"taxonomy":"post_tag","embeddable":true,"href":"https:\/\/ovelanalista.com\/index.php?rest_route=%2Fwp%2Fv2%2Ftags&post=105966"}],"curies":[{"name":"wp","href":"https:\/\/api.w.org\/{rel}","templated":true}]}}