{"id":105974,"date":"2024-10-11T16:20:44","date_gmt":"2024-10-11T22:20:44","guid":{"rendered":"https:\/\/ovelanalista.com\/?p=105974"},"modified":"2024-10-11T12:04:04","modified_gmt":"2024-10-11T18:04:04","slug":"miles-de-personas-marchan-en-chilpancingo-para-exigir-justicia-por-el-asesinato-del-alcalde-alejandro-arcos","status":"publish","type":"post","link":"https:\/\/ovelanalista.com\/?p=105974","title":{"rendered":"Miles de personas marchan en Chilpancingo para exigir justicia por el asesinato del alcalde Alejandro Arcos"},"content":{"rendered":"<p>La marcha congreg\u00f3 a cientos de personas en Chilpancingo, Guerrero, quienes vistieron de blanco y portaron globos del mismo color.<\/p>\n<p><strong>Miles de personas<\/strong>\u00a0se\u00a0<strong>manifestaron<\/strong>\u00a0en las principales avenidas de\u00a0<strong>Chilpancingo<\/strong>, capital de\u00a0<strong>Guerrero<\/strong>, para exigir\u00a0<strong>justicia<\/strong>\u00a0por el\u00a0<a href=\"https:\/\/lopezdoriga.com\/nacional\/asesinan-a-alejandro-arcos-alcalde-de-chilpancingo\/\" target=\"_blank\" rel=\"noopener\"><strong>asesinato<\/strong><\/a>\u00a0del presidente municipal,\u00a0<strong>Alejandro Arcos<\/strong>, quien fue hallado\u00a0<strong>decapitado<\/strong>\u00a0el domingo en esa localidad.<\/p>\n<p>https:\/\/x.com\/cdhegro\/status\/1844581646894264781?ref_src=twsrc%5Etfw%7Ctwcamp%5Etweetembed%7Ctwterm%5E1844581646894264781%7Ctwgr%5E8bb4d8f1b6d871efda7d7d72ef9d306fea4c9414%7Ctwcon%5Es1_c10&#038;ref_url=https%3A%2F%2Flopezdoriga.com%2Fnacional%2Fmiles-personas-marchan-chilpancingo-guerrero-exigir-justicia-asesinato-alcalde-alejandro-arcos%2F<\/p>\n<p>Vestidos de blanco, portando globos del mismo color y carteles, los manifestantes exigieron justicia por el asesinato de Arcos Catal\u00e1n, quien llevaba tan solo seis d\u00edas en el cargo.<\/p>\n<p>La marcha, convocada desde el pasado martes, congreg\u00f3 tanto a hombres como a mujeres y ni\u00f1os, quienes exigieron al Gobierno encabezado por la morenista\u00a0<strong>Evelyn Salgado<\/strong>\u00a0agilizar las investigaciones y dar con los presuntos responsables del homicidio.<\/p>\n<p>El pasado 6 de octubre, autoridades encontraron el cuerpo decapitado de Arcos Catal\u00e1n en Chilpancingo, luego de que vecinos reportaron a las autoridades una cabeza humana en el toldo de un carro, que correspond\u00eda al alcalde.<\/p>\n<p>Los agentes indicaron que el cuerpo del alcalde, quien se hab\u00eda posesionado en el cargo el 30 de septiembre, estaba dentro del veh\u00edculo en el asiento del copiloto.<\/p>\n<p>D\u00edas antes, el secretario general de Gobierno de Arcos,<strong>\u00a0Francisco Tapia<\/strong>, tambi\u00e9n muri\u00f3 asesinado.<\/p>\n<p>Tras asumir el cargo, Arcos asegur\u00f3 que su principal compromiso era \u201cgarantizar la paz y la seguridad en el municipio\u201d y que esto lo cumplir\u00eda \u201cde la mano del Ej\u00e9rcito Mexicano\u201d.<\/p>\n<p>El martes, el secretario de Seguridad y Protecci\u00f3n Ciudadana (SSPC),<strong>\u00a0Omar Garc\u00eda Harfuch<\/strong>, afirm\u00f3 que Arcos Catal\u00e1n no hab\u00eda pedido protecci\u00f3n del Gobierno federal antes de su asesinato.<\/p>\n<p>La violencia criminal en Guerrero ha ido en aumento en los \u00faltimos a\u00f1os con f\u00e9rreas disputas constantes de grupos del crimen organizado por el control territorial para el trasiego de drogas, extorsi\u00f3n y otros delitos.<\/p>\n<p>Con informaci\u00f3n de EFE<\/p>\n","protected":false},"excerpt":{"rendered":"<p>La marcha congreg\u00f3 a cientos de personas en Chilpancingo, Guerrero, quienes vistieron de blanco y portaron globos del mismo color. Miles de personas\u00a0se\u00a0manifestaron\u00a0en las principales avenidas de\u00a0Chilpancingo, capital de\u00a0Guerrero, para exigir\u00a0justicia\u00a0por el\u00a0asesinato\u00a0del presidente municipal,\u00a0Alejandro Arcos, quien fue hallado\u00a0decapitado\u00a0el domingo en esa localidad. https:\/\/x.com\/cdhegro\/status\/1844581646894264781?ref_src=twsrc%5Etfw%7Ctwcamp%5Etweetembed%7Ctwterm%5E1844581646894264781%7Ctwgr%5E8bb4d8f1b6d871efda7d7d72ef9d306fea4c9414%7Ctwcon%5Es1_c10&#038;ref_url=https%3A%2F%2Flopezdoriga.com%2Fnacional%2Fmiles-personas-marchan-chilpancingo-guerrero-exigir-justicia-asesinato-alcalde-alejandro-arcos%2F Vestidos de blanco, portando globos del mismo color y carteles, los manifestantes exigieron justicia por el asesinato de Arcos Catal\u00e1n, quien llevaba tan solo seis d\u00edas en el cargo. La marcha, convocada desde el pasado martes, congreg\u00f3 tanto a hombres como a mujeres y ni\u00f1os, quienes exigieron al Gobierno encabezado por la morenista\u00a0Evelyn Salgado\u00a0agilizar las investigaciones y [&hellip;]<\/p>\n","protected":false},"author":3,"featured_media":105977,"comment_status":"open","ping_status":"open","sticky":false,"template":"","format":"standard","meta":{"_jetpack_newsletter_access":"","_jetpack_dont_email_post_to_subs":false,"_jetpack_newsletter_tier_id":0,"_jetpack_memberships_contains_paywalled_content":false,"_jetpack_feature_clip_id":0,"_jetpack_memberships_contains_paid_content":false,"footnotes":"","jetpack_publicize_message":"","jetpack_publicize_feature_enabled":true,"jetpack_social_post_already_shared":true,"jetpack_social_options":{"image_generator_settings":{"template":"highway","default_image_id":0,"font":"","enabled":false},"version":2},"jetpack_post_was_ever_published":false},"categories":[75,72],"tags":[],"class_list":["post-105974","post","type-post","status-publish","format-standard","has-post-thumbnail","hentry","category-nacional","category-portada","post--single"],"jetpack_publicize_connections":[],"jetpack_featured_media_url":"https:\/\/ovelanalista.com\/wp-content\/uploads\/2024\/10\/chilpancingo-guerrero-marcha-paz.webp","jetpack_sharing_enabled":true,"_links":{"self":[{"href":"https:\/\/ovelanalista.com\/index.php?rest_route=\/wp\/v2\/posts\/105974","targetHints":{"allow":["GET"]}}],"collection":[{"href":"https:\/\/ovelanalista.com\/index.php?rest_route=\/wp\/v2\/posts"}],"about":[{"href":"https:\/\/ovelanalista.com\/index.php?rest_route=\/wp\/v2\/types\/post"}],"author":[{"embeddable":true,"href":"https:\/\/ovelanalista.com\/index.php?rest_route=\/wp\/v2\/users\/3"}],"replies":[{"embeddable":true,"href":"https:\/\/ovelanalista.com\/index.php?rest_route=%2Fwp%2Fv2%2Fcomments&post=105974"}],"version-history":[{"count":1,"href":"https:\/\/ovelanalista.com\/index.php?rest_route=\/wp\/v2\/posts\/105974\/revisions"}],"predecessor-version":[{"id":105979,"href":"https:\/\/ovelanalista.com\/index.php?rest_route=\/wp\/v2\/posts\/105974\/revisions\/105979"}],"wp:featuredmedia":[{"embeddable":true,"href":"https:\/\/ovelanalista.com\/index.php?rest_route=\/wp\/v2\/media\/105977"}],"wp:attachment":[{"href":"https:\/\/ovelanalista.com\/index.php?rest_route=%2Fwp%2Fv2%2Fmedia&parent=105974"}],"wp:term":[{"taxonomy":"category","embeddable":true,"href":"https:\/\/ovelanalista.com\/index.php?rest_route=%2Fwp%2Fv2%2Fcategories&post=105974"},{"taxonomy":"post_tag","embeddable":true,"href":"https:\/\/ovelanalista.com\/index.php?rest_route=%2Fwp%2Fv2%2Ftags&post=105974"}],"curies":[{"name":"wp","href":"https:\/\/api.w.org\/{rel}","templated":true}]}}