{"id":106003,"date":"2024-10-11T15:06:24","date_gmt":"2024-10-11T21:06:24","guid":{"rendered":"https:\/\/ovelanalista.com\/?p=106003"},"modified":"2024-10-11T15:06:24","modified_gmt":"2024-10-11T21:06:24","slug":"la-autocracia-perfecta","status":"publish","type":"post","link":"https:\/\/ovelanalista.com\/?p=106003","title":{"rendered":"La autocracia perfecta"},"content":{"rendered":"<p class=\"name-person\"><strong>Francisco Garfias<\/strong><\/p>\n<p><strong>Claudia Sheinbaum<\/strong>\u00a0no va a recibir a los ministros de la SCJN. La Presidenta de M\u00e9xico dej\u00f3 claro que para eso est\u00e1 la secretaria de Gobernaci\u00f3n,\u00a0<strong>Rosa Icela Rodr\u00edguez<\/strong>.<\/p>\n<p>No le gust\u00f3 que la Corte le haya dado entrada a las acciones de inconstitucionalidad contra la reforma judicial que presentaron el PAN y el PRI, alegando que es un tiro de gracia para la divisi\u00f3n de Poderes.<\/p>\n<p class=\"banner-content-ads\">\n<p>La se\u00f1ora Presidenta dice que los partidos pol\u00edticos no tienen personalidad jur\u00eddica para presentar ese recurso, porque no es un asunto meramente electoral.<\/p>\n<p>\u00bfY el voto popular para designar jueces, magistrados y ministros no es electoral? Es pregunta.<\/p>\n<p><strong>*<\/strong>\u00a0El mensaje que manda la Presidenta con su negativa a recibir a los ministros es que la polarizaci\u00f3n, como arma pol\u00edtica, seguir\u00e1 otros seis a\u00f1os. No hay una sola se\u00f1al de puentes hacia los que piensan diferente.<\/p>\n<p>La reforma, digan lo que digan, le da el tiro de gracia a la divisi\u00f3n de Poderes. El oficialismo ya tiene el control del Ejecutivo y el Legislativo. Le falta el judicial para tener la \u201cautocracia perfecta\u201d.<\/p>\n<p>Va por ese poder bajo el enga\u00f1oso pretexto de que hay que \u201cdemocratizar\u201d el Poder Judicial, y limpiarlo de tanta corrupci\u00f3n. Como si las urnas purificaran a jueces, magistrados y ministros.<\/p>\n<p class=\"banner-content-ads\">\n<div id=\"bd16c46dd34b4ab483bc578a3cf558c1\"><\/div>\n<p>&nbsp;<\/p>\n<p>Hay que subrayar que s\u00f3lo el Poder Judicial le hizo contrapeso efectivo a\u00a0<strong>L\u00f3pez Obrador<\/strong>. Elimin\u00f3 varias reformas \u2014la el\u00e9ctrica, el plan B, Guardia Nacional\u2014, pero le sali\u00f3 caro el atrevimiento.<\/p>\n<p><strong>L\u00f3pez Obrador<\/strong>\u00a0se aferr\u00f3 a su reforma de la venganza. Su sucesora compr\u00f3 el pleito. \u201cLa reforma va\u201d, ha repetido\u00a0<strong>Sheinbaum<\/strong>, a pesar de que la SCJN no ha dicho la \u00faltima palabra sobre si es o no constitucional.<\/p>\n<p><strong>*<\/strong>\u00a0A\u00a0<strong>Claudia<\/strong>\u00a0tampoco le agrad\u00f3 que tres de los siete magistrados del Consejo de la Judicatura, entre ellos la ministra\u00a0<strong>Norma Pi\u00f1a<\/strong>, hayan votado en contra de enviar al Senado la informaci\u00f3n que solicit\u00f3 sobre las vacantes para elaborar la convocatoria de la elecci\u00f3n de juzgadores.<\/p>\n<p>Aunque al final se impuso la mayor\u00eda de magistrados del Consejo de la Judicatura, afines a la 4T: la informaci\u00f3n sobre vacantes y disponibilidad de cargos ya la tiene la C\u00e1mara alta.<\/p>\n<p><strong>*<\/strong>\u00a0A la Presidenta, por cierto, tampoco le gust\u00f3 que los senadores del oficialismo modificaran las leyes secundarias de la pol\u00e9mica reforma, para otorgar a los tres Poderes de la Uni\u00f3n el derecho de veto sobre los candidatos a jueces, magistrados y ministros.<\/p>\n<p>\u201cNo conozco esa iniciativa, pero eso no debe ocurrir. Debe mantenerse lo que est\u00e1 establecido en la Constituci\u00f3n\u201d, dijo ayer la mandataria, en su ma\u00f1anera del pueblo.<\/p>\n<p>Eso bast\u00f3 para que los legisladores del oficialismo recularan en la modificaci\u00f3n que les aseguraba el control del Poder Judicial.<\/p>\n<p>\u201cNo va a haber de ninguna manera ning\u00fan veto para ninguno de los aspirantes. Nosotros estamos a favor de que haya un proceso democr\u00e1tico electivo de jueces, ministros y magistrados\u201d, dijo ayer el senador\u00a0<strong>Ignacio Mier<\/strong>\u00a0en la tribuna del Senado.<\/p>\n<p><strong>Ad\u00e1n Augusto L\u00f3pez Hern\u00e1ndez<\/strong>, l\u00edder de la mayor\u00eda en el Senado, lo confirm\u00f3 despu\u00e9s en declaraciones a los reporteros de la fuente: \u201cNo queremos que se tome como que uno quiere acotar el trabajo del Comit\u00e9 de Selecci\u00f3n\u201d.<\/p>\n<p>El avance de la reforma es irreversible. El Senado aprob\u00f3 ayer las leyes secundarias que son la letra chiquita de la reforma judicial. El s\u00e1bado ser\u00e1 la insaculaci\u00f3n de las vacantes.<\/p>\n<p>El Poder Judicial que hoy tenemos ya no existe para el oficialismo. Una y otra vez ha desacatado suspensiones de jueces con el argumento de que son intentos de parar la reforma judicial. Lo peor es que ya se nos hace normal vivir en un pa\u00eds sin Estado de derecho.<\/p>\n<p>&nbsp;<\/p>\n<p><strong>*<\/strong>\u00a0Falta menos un mes para que el PAN tenga nuevo jefe nacional. El 10 de noviembre sabremos qui\u00e9n es el sucesor de\u00a0<strong>Marko Cort\u00e9s<\/strong>.<\/p>\n<p><strong>Jorge Romero<\/strong>, coordinador de los diputados del PAN, es considerado el candidato de la continuidad y la exsenadora\u00a0<strong>Adriana D\u00e1vila<\/strong>, la carta de los inconformes.<\/p>\n<p><strong>Romero<\/strong>, sin embargo, empieza a desmarcarse de una c\u00fapula que pierde terreno. Entre sus propuestas destaca una reforma al partido que parece m\u00e1s un aviso de que no habr\u00e1 continuidad.<\/p>\n<p>Trae la idea, por ejemplo, de prohibir que el presidente del partido no pueda aspirar a otras candidaturas. La lectura que algunos le dan es que es un \u201cmisil\u201d dirigido a la l\u00ednea de flotaci\u00f3n de las pr\u00e1cticas comunes de ese partido.<\/p>\n<p>&nbsp;<\/p>\n<p>&nbsp;<\/p>\n","protected":false},"excerpt":{"rendered":"<p>Francisco Garfias Claudia Sheinbaum\u00a0no va a recibir a los ministros de la SCJN. La Presidenta de M\u00e9xico dej\u00f3 claro que para eso est\u00e1 la secretaria de Gobernaci\u00f3n,\u00a0Rosa Icela Rodr\u00edguez. No le gust\u00f3 que la Corte le haya dado entrada a las acciones de inconstitucionalidad contra la reforma judicial que presentaron el PAN y el PRI, alegando que es un tiro de gracia para la divisi\u00f3n de Poderes. La se\u00f1ora Presidenta dice que los partidos pol\u00edticos no tienen personalidad jur\u00eddica para presentar ese recurso, porque no es un asunto meramente electoral. \u00bfY el voto popular para designar jueces, magistrados y ministros [&hellip;]<\/p>\n","protected":false},"author":3,"featured_media":104284,"comment_status":"open","ping_status":"open","sticky":false,"template":"","format":"standard","meta":{"_jetpack_newsletter_access":"","_jetpack_dont_email_post_to_subs":false,"_jetpack_newsletter_tier_id":0,"_jetpack_memberships_contains_paywalled_content":false,"_jetpack_feature_clip_id":0,"_jetpack_memberships_contains_paid_content":false,"footnotes":"","jetpack_publicize_message":"","jetpack_publicize_feature_enabled":true,"jetpack_social_post_already_shared":true,"jetpack_social_options":{"image_generator_settings":{"template":"highway","default_image_id":0,"font":"","enabled":false},"version":2},"jetpack_post_was_ever_published":false},"categories":[79],"tags":[],"class_list":["post-106003","post","type-post","status-publish","format-standard","has-post-thumbnail","hentry","category-columnistas-nacionales","post--single"],"jetpack_publicize_connections":[],"jetpack_featured_media_url":"https:\/\/ovelanalista.com\/wp-content\/uploads\/2024\/09\/Garfias-5-2.jpg","jetpack_sharing_enabled":true,"_links":{"self":[{"href":"https:\/\/ovelanalista.com\/index.php?rest_route=\/wp\/v2\/posts\/106003","targetHints":{"allow":["GET"]}}],"collection":[{"href":"https:\/\/ovelanalista.com\/index.php?rest_route=\/wp\/v2\/posts"}],"about":[{"href":"https:\/\/ovelanalista.com\/index.php?rest_route=\/wp\/v2\/types\/post"}],"author":[{"embeddable":true,"href":"https:\/\/ovelanalista.com\/index.php?rest_route=\/wp\/v2\/users\/3"}],"replies":[{"embeddable":true,"href":"https:\/\/ovelanalista.com\/index.php?rest_route=%2Fwp%2Fv2%2Fcomments&post=106003"}],"version-history":[{"count":1,"href":"https:\/\/ovelanalista.com\/index.php?rest_route=\/wp\/v2\/posts\/106003\/revisions"}],"predecessor-version":[{"id":106004,"href":"https:\/\/ovelanalista.com\/index.php?rest_route=\/wp\/v2\/posts\/106003\/revisions\/106004"}],"wp:featuredmedia":[{"embeddable":true,"href":"https:\/\/ovelanalista.com\/index.php?rest_route=\/wp\/v2\/media\/104284"}],"wp:attachment":[{"href":"https:\/\/ovelanalista.com\/index.php?rest_route=%2Fwp%2Fv2%2Fmedia&parent=106003"}],"wp:term":[{"taxonomy":"category","embeddable":true,"href":"https:\/\/ovelanalista.com\/index.php?rest_route=%2Fwp%2Fv2%2Fcategories&post=106003"},{"taxonomy":"post_tag","embeddable":true,"href":"https:\/\/ovelanalista.com\/index.php?rest_route=%2Fwp%2Fv2%2Ftags&post=106003"}],"curies":[{"name":"wp","href":"https:\/\/api.w.org\/{rel}","templated":true}]}}