{"id":109179,"date":"2024-09-30T13:33:22","date_gmt":"2024-09-30T19:33:22","guid":{"rendered":"https:\/\/ovelanalista.com\/?p=109179"},"modified":"2024-11-27T13:35:18","modified_gmt":"2024-11-27T20:35:18","slug":"busca-la-facultad-de-ciencias-de-la-nutricion-y-gastronomia-de-la-uas-la-doble-titulacion-con-la-universidad-de-sinu-en-colombia","status":"publish","type":"post","link":"https:\/\/ovelanalista.com\/?p=109179","title":{"rendered":"Busca la Facultad de Ciencias de la Nutrici\u00f3n y Gastronom\u00eda de la UAS la doble titulaci\u00f3n con la Universidad de Sin\u00fa en Colombia"},"content":{"rendered":"<p>La Facultad de Ciencias de la Nutrici\u00f3n y Gastronom\u00eda (FCNyG) de la Universidad Aut\u00f3noma de Sinaloa (UAS) en la idea de traer beneficios a sus estudiantes y tambi\u00e9n abonar en la extensi\u00f3n de los horizontes educativos, ha mantenido en los \u00faltimos d\u00edas, de manera virtual, reuniones con representantes de la Universidad del Sin\u00fa en Colombia en la idea de lograr en el corto tiempo la doble titulaci\u00f3n para los que egresen de la licenciatura en Nutrici\u00f3n, destac\u00f3 \u00c1ngel Daniel D\u00edaz S\u00e1inz.<\/p>\n<p>&nbsp;<\/p>\n<p>El secretario acad\u00e9mico de esta unidad acad\u00e9mica expres\u00f3 que todas estas acciones forman parte de ese arduo trabajo institucional de vinculaci\u00f3n y extensi\u00f3n, los cuales son ejes centrales del Plan de Desarrollo Institucional \u201cCon Visi\u00f3n de Futuro 2025\u201d, agregando que esta doble titulaci\u00f3n para egresados de ambas instituciones ser\u00eda en verdad un gran logro.<\/p>\n<p>&nbsp;<\/p>\n<p>\u201cSon apenas trabajos que se est\u00e1n realizando, de hecho, se tiene un antecedente de una estudiante que ya hizo movilidad ac\u00e1 en la Universidad Aut\u00f3noma de Sinaloa y ella est\u00e1 sentando el precedente porque a ra\u00edz de la estancia que ella ha tenido aqu\u00ed, nosotros, tanto la Facultad de Ciencias de la Nutrici\u00f3n y Gastronom\u00eda como la Unidad Acad\u00e9mica de Nutrici\u00f3n y Gastronom\u00eda Mazatl\u00e1n pues a estado revisando algunos de los requisitos legales para que los estudiantes se puedan titular\u201d, detall\u00f3.<\/p>\n<p>&nbsp;<\/p>\n<p>El acad\u00e9mico universitario manifest\u00f3 que los trabajos para alcanzar esta doble titulaci\u00f3n han sido encabezados por la directora de la Nutrici\u00f3n y Gastronom\u00eda, Daniela Guti\u00e9rrez Amarillas, quien a mantenido un trabajo muy dedicado con algunas dependencias de la instituci\u00f3n para seguir de manera pertinente los protocolos y lineamientos que se requieren para lograr tal objetivo.<\/p>\n<p>&nbsp;<\/p>\n<p>\u201cUna de las tareas sustantivas de la Universidad es la vinculaci\u00f3n y la extensi\u00f3n, y atendiendo lo que se establece en el Plan de Desarrollo Institucional -Con Visi\u00f3n de Futuro 2025-, pues dentro de sus ejes estrat\u00e9gicos establece la vinculaci\u00f3n institucional y lo que se lograr\u00eda al consolidar esta cuesti\u00f3n de la doble titulaci\u00f3n, en ambas Universidades, es dar por sentado lo que se establece ah\u00ed que es establecer de forma s\u00f3lida la vinculaci\u00f3n global que tienen nuestros programas de estudio con las caracter\u00edsticas y necesidades que se presentan tanto a nivel local, nacional y ya a nivel internacional\u201d, dijo.<\/p>\n<p>&nbsp;<\/p>\n<p>As\u00ed mismo fue enf\u00e1tico de que el hecho de atender a una doble titulaci\u00f3n es que entonces se estar\u00e1 atendiendo a la consolidaci\u00f3n de las necesidades que tienen los estudiantes, por lo que el reconocimiento y posicionamiento que tendr\u00eda la Licenciatura de Nutrici\u00f3n dejar\u00e1 testimonio de los est\u00e1ndares de calidad que maneja, no solamente nacionales, sino tambi\u00e9n de talla internacional.<\/p>\n<div><\/div>\n","protected":false},"excerpt":{"rendered":"<p>La Facultad de Ciencias de la Nutrici\u00f3n y Gastronom\u00eda (FCNyG) de la Universidad Aut\u00f3noma de Sinaloa (UAS) en la idea de traer beneficios a sus estudiantes y tambi\u00e9n abonar en la extensi\u00f3n de los horizontes educativos, ha mantenido en los \u00faltimos d\u00edas, de manera virtual, reuniones con representantes de la Universidad del Sin\u00fa en Colombia en la idea de lograr en el corto tiempo la doble titulaci\u00f3n para los que egresen de la licenciatura en Nutrici\u00f3n, destac\u00f3 \u00c1ngel Daniel D\u00edaz S\u00e1inz. &nbsp; El secretario acad\u00e9mico de esta unidad acad\u00e9mica expres\u00f3 que todas estas acciones forman parte de ese arduo trabajo [&hellip;]<\/p>\n","protected":false},"author":3,"featured_media":109181,"comment_status":"open","ping_status":"open","sticky":false,"template":"","format":"standard","meta":{"_jetpack_newsletter_access":"","_jetpack_dont_email_post_to_subs":false,"_jetpack_newsletter_tier_id":0,"_jetpack_memberships_contains_paywalled_content":false,"_jetpack_feature_clip_id":0,"_jetpack_memberships_contains_paid_content":false,"footnotes":"","jetpack_publicize_message":"Busca la Facultad de Ciencias de la Nutrici\u00f3n y Gastronom\u00eda de la UAS la doble titulaci\u00f3n con la Universidad de Sin\u00fa en Colombia","jetpack_publicize_feature_enabled":true,"jetpack_social_post_already_shared":true,"jetpack_social_options":{"image_generator_settings":{"template":"highway","default_image_id":0,"font":"","enabled":false},"version":2},"jetpack_post_was_ever_published":false},"categories":[90,72],"tags":[],"class_list":["post-109179","post","type-post","status-publish","format-standard","has-post-thumbnail","hentry","category-estatal","category-portada","post--single"],"jetpack_publicize_connections":[],"jetpack_featured_media_url":"https:\/\/ovelanalista.com\/wp-content\/uploads\/2024\/11\/doble-titulacio\u0301n-1-1.jpeg","jetpack_sharing_enabled":true,"_links":{"self":[{"href":"https:\/\/ovelanalista.com\/index.php?rest_route=\/wp\/v2\/posts\/109179","targetHints":{"allow":["GET"]}}],"collection":[{"href":"https:\/\/ovelanalista.com\/index.php?rest_route=\/wp\/v2\/posts"}],"about":[{"href":"https:\/\/ovelanalista.com\/index.php?rest_route=\/wp\/v2\/types\/post"}],"author":[{"embeddable":true,"href":"https:\/\/ovelanalista.com\/index.php?rest_route=\/wp\/v2\/users\/3"}],"replies":[{"embeddable":true,"href":"https:\/\/ovelanalista.com\/index.php?rest_route=%2Fwp%2Fv2%2Fcomments&post=109179"}],"version-history":[{"count":1,"href":"https:\/\/ovelanalista.com\/index.php?rest_route=\/wp\/v2\/posts\/109179\/revisions"}],"predecessor-version":[{"id":109182,"href":"https:\/\/ovelanalista.com\/index.php?rest_route=\/wp\/v2\/posts\/109179\/revisions\/109182"}],"wp:featuredmedia":[{"embeddable":true,"href":"https:\/\/ovelanalista.com\/index.php?rest_route=\/wp\/v2\/media\/109181"}],"wp:attachment":[{"href":"https:\/\/ovelanalista.com\/index.php?rest_route=%2Fwp%2Fv2%2Fmedia&parent=109179"}],"wp:term":[{"taxonomy":"category","embeddable":true,"href":"https:\/\/ovelanalista.com\/index.php?rest_route=%2Fwp%2Fv2%2Fcategories&post=109179"},{"taxonomy":"post_tag","embeddable":true,"href":"https:\/\/ovelanalista.com\/index.php?rest_route=%2Fwp%2Fv2%2Ftags&post=109179"}],"curies":[{"name":"wp","href":"https:\/\/api.w.org\/{rel}","templated":true}]}}