{"id":109366,"date":"2024-11-29T11:10:54","date_gmt":"2024-11-29T18:10:54","guid":{"rendered":"https:\/\/ovelanalista.com\/?p=109366"},"modified":"2024-11-29T08:58:56","modified_gmt":"2024-11-29T15:58:56","slug":"el-canelo-manda-mensaje-a-jovenes-de-sinaloa-desde-la-mananera-tras-ola-de-violencia-el-deporte-es-importante-para-salir-de-eso","status":"publish","type":"post","link":"https:\/\/ovelanalista.com\/?p=109366","title":{"rendered":"\u2018El Canelo\u2019 manda mensaje a j\u00f3venes de Sinaloa desde La Ma\u00f1anera tras ola de violencia: \u201cEl deporte es importante para salir de eso\u201d"},"content":{"rendered":"<p class=\"article-subheadline left\">El boxeador dijo que conf\u00eda en que se impulsar\u00e1 al deporte en M\u00e9xico y asegur\u00f3 que siempre pondr\u00e1 \u201csu granito de arena.\u201d<\/p>\n<div class=\"byline\">\n<p class=\"authors-name-txt-ctn\"><strong>Por <span class=\"author-name\">Fernanda L\u00f3pez-Castro<\/span><\/strong><\/p>\n<p>El boxeador mexicano,\u00a0<b>Sa\u00fal \u2018El Canelo\u2019 \u00c1lvarez<\/b>, asisti\u00f3 hoy a la conferencia ma\u00f1anera de la presidenta\u00a0<b>Claudia Sheinbaum Pardo<\/b>, en Palacio Nacional, donde envi\u00f3 un mensaje a los j\u00f3venes que habitan en Sinaloa, en medio de la ola de violencia que actualmente se vive en el estado.<\/p>\n<p>\u201cPrimero que nada, creo que es desde sus padres \u00bfNo? Viene desde ah\u00ed. El deporte es muy importante para poder salir de eso, yo en lo personal vi muchos muchachos que se drogaban, que estaban perdidos, se metieron al boxeo y ahora tienen una vida muy diferente.<\/p>\n<p>\u201cImpulsar el deporte es algo muy importante y confiamos en que as\u00ed ser\u00e1 y decirles eso, que busquen cualquier deporte que les llame la atenci\u00f3n, porque eso es muy sano para todos\u201d, dijo en Palacio Nacional.<\/p>\n<p>Con informaci\u00f3n de Infobae<\/p>\n<\/div>\n","protected":false},"excerpt":{"rendered":"<p>El boxeador dijo que conf\u00eda en que se impulsar\u00e1 al deporte en M\u00e9xico y asegur\u00f3 que siempre pondr\u00e1 \u201csu granito de arena.\u201d Por Fernanda L\u00f3pez-Castro El boxeador mexicano,\u00a0Sa\u00fal \u2018El Canelo\u2019 \u00c1lvarez, asisti\u00f3 hoy a la conferencia ma\u00f1anera de la presidenta\u00a0Claudia Sheinbaum Pardo, en Palacio Nacional, donde envi\u00f3 un mensaje a los j\u00f3venes que habitan en Sinaloa, en medio de la ola de violencia que actualmente se vive en el estado. \u201cPrimero que nada, creo que es desde sus padres \u00bfNo? Viene desde ah\u00ed. El deporte es muy importante para poder salir de eso, yo en lo personal vi muchos muchachos [&hellip;]<\/p>\n","protected":false},"author":3,"featured_media":109368,"comment_status":"open","ping_status":"open","sticky":false,"template":"","format":"standard","meta":{"_jetpack_newsletter_access":"","_jetpack_dont_email_post_to_subs":false,"_jetpack_newsletter_tier_id":0,"_jetpack_memberships_contains_paywalled_content":false,"_jetpack_feature_clip_id":0,"_jetpack_memberships_contains_paid_content":false,"footnotes":"","jetpack_publicize_message":"","jetpack_publicize_feature_enabled":true,"jetpack_social_post_already_shared":true,"jetpack_social_options":{"image_generator_settings":{"template":"highway","default_image_id":0,"font":"","enabled":false},"version":2},"jetpack_post_was_ever_published":false},"categories":[90,75,72],"tags":[],"class_list":["post-109366","post","type-post","status-publish","format-standard","has-post-thumbnail","hentry","category-estatal","category-nacional","category-portada","post--single"],"jetpack_publicize_connections":[],"jetpack_featured_media_url":"https:\/\/ovelanalista.com\/wp-content\/uploads\/2024\/11\/Captura-de-Pantalla-2024-11-29-a-las-8.57.43.png","jetpack_sharing_enabled":true,"_links":{"self":[{"href":"https:\/\/ovelanalista.com\/index.php?rest_route=\/wp\/v2\/posts\/109366","targetHints":{"allow":["GET"]}}],"collection":[{"href":"https:\/\/ovelanalista.com\/index.php?rest_route=\/wp\/v2\/posts"}],"about":[{"href":"https:\/\/ovelanalista.com\/index.php?rest_route=\/wp\/v2\/types\/post"}],"author":[{"embeddable":true,"href":"https:\/\/ovelanalista.com\/index.php?rest_route=\/wp\/v2\/users\/3"}],"replies":[{"embeddable":true,"href":"https:\/\/ovelanalista.com\/index.php?rest_route=%2Fwp%2Fv2%2Fcomments&post=109366"}],"version-history":[{"count":1,"href":"https:\/\/ovelanalista.com\/index.php?rest_route=\/wp\/v2\/posts\/109366\/revisions"}],"predecessor-version":[{"id":109369,"href":"https:\/\/ovelanalista.com\/index.php?rest_route=\/wp\/v2\/posts\/109366\/revisions\/109369"}],"wp:featuredmedia":[{"embeddable":true,"href":"https:\/\/ovelanalista.com\/index.php?rest_route=\/wp\/v2\/media\/109368"}],"wp:attachment":[{"href":"https:\/\/ovelanalista.com\/index.php?rest_route=%2Fwp%2Fv2%2Fmedia&parent=109366"}],"wp:term":[{"taxonomy":"category","embeddable":true,"href":"https:\/\/ovelanalista.com\/index.php?rest_route=%2Fwp%2Fv2%2Fcategories&post=109366"},{"taxonomy":"post_tag","embeddable":true,"href":"https:\/\/ovelanalista.com\/index.php?rest_route=%2Fwp%2Fv2%2Ftags&post=109366"}],"curies":[{"name":"wp","href":"https:\/\/api.w.org\/{rel}","templated":true}]}}