{"id":111578,"date":"2025-01-06T10:00:10","date_gmt":"2025-01-06T17:00:10","guid":{"rendered":"https:\/\/ovelanalista.com\/?p=111578"},"modified":"2025-01-06T09:53:57","modified_gmt":"2025-01-06T16:53:57","slug":"el-4-de-enero-no-es-el-dia-del-periodista","status":"publish","type":"post","link":"https:\/\/ovelanalista.com\/?p=111578","title":{"rendered":"El 4 de enero no es el d\u00eda del periodista"},"content":{"rendered":"<p>&nbsp;<\/p>\n<p><strong>Diario Ejecutivo<\/strong><\/p>\n<ul>\n<li><b>El 4 de enero no es el d\u00eda del periodista<\/b><\/li>\n<li><b>Un engendro neoliberal creado por EPN<\/b><\/li>\n<li><b>Desarrollo, mercados, Desempleo, Confianza<\/b><\/li>\n<\/ul>\n<p><strong>Roberto Fuentes Vivar<\/strong><\/p>\n<p>&nbsp;<\/p>\n<p>El fin de semana recib\u00ed m\u00e1s de 10 mensajes de felicitaci\u00f3n por parte de amigos y empresas privadas por ser, supuestamente, el d\u00eda del periodista.<\/p>\n<p>Paralelamente en redes sociales, principalmente en Facebook, Whatsapp\u00a0\u00a0y Twitter o X, circularon tambi\u00e9n cartas, im\u00e1genes y textos con relaci\u00f3n a esta supuesta efem\u00e9rides.<\/p>\n<p>Incluso hasta algunos organismos relacionados (como reporteros sin fronteras o la Organizaci\u00f3n para las Naciones Unidas para la Educaci\u00f3n y la Ciencia) con el periodismo dieron a conocer sus reportes sobre la violencia contra el periodismo en M\u00e9xico.<\/p>\n<p>Pero no. Definitivamente no. El 4 de enero no es el d\u00eda del periodismo en M\u00e9xico.<\/p>\n<p>Fue un engendro, sin sustento, inventado por Enrique Pe\u00f1a Nieto y su jefe de prensa, David L\u00f3pez Guti\u00e9rrez, el\u00a0\u00a04 de enero de hace 12 a\u00f1os, es decir en 2013.<\/p>\n<p>\u00bfQu\u00e9 significa festejar esta supuesta efem\u00e9rides (inventada, reitero, hace dos sexenios)?<\/p>\n<p>La fecha enaltece lo peor del periodismo mexicano:<\/p>\n<p>1.- Recuerda un sexenio en el cu\u00e1l se utiliz\u00f3 el mayor monto de la llamada \u201cpublicidad oficial\u201d en la historia (60 mil millones de pesos)\u00a0\u00a0para favorecer a los medios de comunicaci\u00f3n y a periodistas afines al neoliberalismo.<\/p>\n<p>2.- Rememora a un supuesto periodista, Manuel Caballero, que hasta hace 30 a\u00f1os era pr\u00e1cticamente un desconocido y de quien las pocas referencias que existen provienen de la d\u00e9cada de los noventa del siglo pasado.<\/p>\n<p>3.- Trata de minimizar a los hermanos Flores Mag\u00f3n, al honrar a un personaje que fue su contempor\u00e1neo. Desde luego en una pol\u00edtica neoliberal que intent\u00f3 eliminar del todo la Revoluci\u00f3n Mexicana y recuperar la imagen de Porfirio D\u00edaz como un gran presidente.<\/p>\n<p>4.- Tambi\u00e9n recuerda que ese d\u00eda (el 4 de enero de 1923) fue creado el Sindicato Nacional de Redactores de la Prensa, un organismo gremial adherido a la priista Confederaci\u00f3n de Trabajadores de M\u00e9xico).<\/p>\n<p>5.- De acuerdo con algunos investigadores acad\u00e9micos es una fecha que sirve m\u00e1s para conmemorar el publirreportaje que en periodismo independiente.<\/p>\n<p>Pero vayamos por partes, el 4 de enero de 2015, se public\u00f3 el siguiente mensaje:<\/p>\n<p>\u201cLa oficina de la Presidencia de la Rep\u00fablica emiti\u00f3 un comunicado oficial felicitando a los periodistas del pa\u00eds.<\/p>\n<p>\u201cEnrique Pe\u00f1a Nieto tambi\u00e9n felicit\u00f3 a los periodistas en Twitter.<\/p>\n<p>\u201cEl D\u00eda Nacional del Periodista en M\u00e9xico se celebra cada 4 de enero en conmemoraci\u00f3n del aniversario luctuoso de Manuel Caballero, quien es considerado el padre del periodismo moderno en el pa\u00eds.<\/p>\n<p>\u201cManuel Caballero. Vida: Naci\u00f3 en Tequila, Jalisco, en 1849 y muri\u00f3 en la Ciudad de M\u00e9xico el 4 de enero de 1926 (es decir que muri\u00f3 cuatro despu\u00e9s que Ricardo Flores Mag\u00f3n, pero Flores Mag\u00f3n muri\u00f3 en el exilio y Caballero en su casa en la ciudad de M\u00e9xico).<\/p>\n<p>\u201cObra: Cr\u00edtico del Porfiriato, sus escritos sobre el presidente revolucionaron al gremio period\u00edstico<\/p>\n<p>\u201cIdeas: Defendi\u00f3 la libertad de expresi\u00f3n y la discusi\u00f3n p\u00fablica como motores de la democracia\u201d.<\/p>\n<p>Hasta ah\u00ed la referencia del d\u00eda en que David L\u00f3pez y Enrique Pe\u00f1a Nieto rescataron a un personaje casi desconocido, aunque no mencionaron la efem\u00e9rides del sindicato priista.<\/p>\n<p>En los a\u00f1os setenta del siglo pasado cuando estudi\u00e9 periodismo en la Escuela Carlos Septi\u00e9n Garc\u00eda y letras hisp\u00e1nicas en la Facultad de Filosof\u00eda y Letras de la UNAM, nunca se mencion\u00f3 ese nombre, ni en el diarismo ni en las letras<\/p>\n<p>Lo que le\u00eddo, desde el punto de vista literario se le considera a este personaje como un\u00a0\u00a0poeta sentimentaloide, que intent\u00f3 revivir la revista \u201cAzul\u201d de Manuel Guti\u00e9rrez N\u00e1jera.<\/p>\n<p>Buscando m\u00e1s referencias de Manuel Caballero, me encontr\u00e9 con un documento titulado \u201cDe la opini\u00f3n a la noticia\u201d escrito por Irma Lombardo desde la Universidad de Texas y en el cual pro primera vez hace menos de 40 a\u00f1os se le da ese personaje el trato de creador del periodismo moderno.<\/p>\n<p>Una ficha bibliogr\u00e1fica, publicada en su tesis de maestr\u00eda, con el t\u00edtulo \u201cManuel Caballero: precursor del periodismo moderno\u201d en la Facultad de Filosof\u00eda y Letras,\u00a0Laura Edith Bonilla de Le\u00f3n, anota:\u00a0\u201cAcerca\u00a0\u00a0de Sobre Manuel Caballero han escrito: Emmanuel Carballo, Historia de las letras mexicanas en el siglo XIX, M\u00e9xico. Universidad de Guadalajara, Xali Reloj de sol, 1991, 363 p; Fernando Curiel, Tarda necrofilia. Itinerario de la segunda Revista Azul, M\u00e9xico, Universidad Nacional Aut\u00f3noma de M\u00e9xico, Centro de Estudios literarios del Instituto de Investigaciones Filol\u00f3gicas. 1996,141 p; Felipe G\u00e1lvez, quien public\u00f3 el art\u00edculo \u201cCentenario del reportaje moderno\u201d en Contenido (octubre de 1987), p 54-57; Irma Lombardo, De la opini\u00f3n a la noticia, M\u00e9xico, editorial kiosco, 1992, 251 p. y; Gabriel Zaid en el art\u00edculo \u2018L\u00f3pez Velarde atene\u00edsta en Vuelta n\u00fam 180 (noviembre de 1991) p 15-25\u201d.<\/p>\n<p>Incluso en un caso, no recuerdo exactamente el autor (una disculpa) uno de los autores, ya en este siglo, se\u00f1ala que el papel de Manuel Caballero fue pasar del periodismo de opini\u00f3n (como el de los Flores Mag\u00f3n) al publirreportaje y por eso se le considera el padre del periodismo moderno.<\/p>\n<p>El hecho es que el 4 de enero, para algunos, se ha convertido en el D\u00eda del Periodista en M\u00e9xico, con todo y sus connotaciones negativas para el propio periodismo.<\/p>\n<p>Ojal\u00e1, alg\u00fan d\u00eda, la Cuarta Trasformaci\u00f3n cambie ya oficialmente esta efem\u00e9rides y cree, como lo expusimos hace dos o tres a\u00f1os (no lo recuerdo exactamente) con un escrito y una iniciativa de por medio, a Ricardo Monreal cuando era presidente de la Junta de Coordinaci\u00f3n Pol\u00edtica del Senado, el 30 de mayo como el verdadero d\u00eda del periodista en M\u00e9xico, en memoria del asesinato de Manuel Buend\u00eda.<\/p>\n<p>Personalmente me siento ofendido cuando me felicitan el 4 de enero, aunque agradezco la intenci\u00f3n de quienes lo hacen.<\/p>\n<p>Dice el fil\u00f3sofo del metro: Festejar el porfirismo no es conmemorar el periodismo.<\/p>\n<p>&nbsp;<\/p>\n<p><b>Tianguis<\/b><\/p>\n<p>Festejo la idea de la presidenta Claudia Sheinbaum de\u00a0<b>democratizar el Plan Nacional de Desarrollo para este sexenio\u00a0<\/b>y llamar a la poblaci\u00f3n a que exprese sus opiniones y propuestas, ya sea de manera directa en los foros que se realizar\u00e1n o a trav\u00e9s de la plataforma\u00a0<a title=\"http:\/\/www.planeandojuntos.gob.mx\" href=\"http:\/\/www.planeandojuntos.gob.mx\/\" target=\"_blank\" rel=\"noopener noreferrer\" data-auth=\"NotApplicable\" data-linkindex=\"67\">www.planeandojuntos.gob.mx<\/a>. Personalmente lo har\u00e9 y quiz\u00e1 sobre el tema principal de esta columna. Por lo pronto, dos secretar\u00edas ya iniciaron la difusi\u00f3n de los foros que tendr\u00e1n la responsabilidad e organizar. La secretar\u00eda de Econom\u00eda, de Marcelo Ebrard, comparti\u00f3 este fin de semana el programa del\u00a0<b>foro de consulta para el Plan Nacional de Desarrollo \u201cEconom\u00eda Moral y Trabajo<\/b>\u201d que se llevar\u00e1 a cabo en Guadalajara, Jalisco el 7 y 8 de enero pr\u00f3ximos. Ah\u00ed estar\u00e1n empresarios como Blanca Trevi\u00f1o, presidenta de la empresa Softek y miembro del Consejo Mexicano de Negocios y Alejandro Malag\u00f3n, presiente de la Confederaci\u00f3n de C\u00e1maras Industriales (Concamin). Tambi\u00e9n Graciela M\u00e1rquez, presidenta del Instituto Nacional de Estad\u00edstica y Geograf\u00eda (INEGI). Por su parte, la Secretar\u00eda de Infraestructura, Comunicaciones y Transportes (SICT), de Jes\u00fas Antonio Esteva Medina, dio a conocer\u00a0\u00a0organizar\u00e1 dos foros simult\u00e1neos de consulta ciudadana para la formulaci\u00f3n del\u00a0<b>Plan Nacional de Desarrollo 2025-2030, en Jalisco y San Luis Potos\u00ed,<\/b>\u00a0el pr\u00f3ximo 14 de enero, inform\u00f3 el organismo en un comunicado. Se\u00f1al\u00f3 que el objetivo es recabar las opiniones y propuestas de la poblaci\u00f3n para definir las pol\u00edticas p\u00fablicas que guiar\u00e1n las acciones del gobierno. Detall\u00f3 que los temas se enmarcar\u00e1n en cuatro ejes generales y tres ejes transversales, \u00e9stos \u00faltimos en su integraci\u00f3n con los 100 compromisos de gobierno\u2026\u00a0<b>Es casi seguro que el peso mexicano (al igual que la mayor\u00eda de las monedas y las bolsas del mundo) tenga d\u00edas dif\u00edciles durante esta semana<\/b>\u00a0y la siguiente por la incertidumbre ocasionada por la antesala de la toma de posesi\u00f3n de Donald Trump como presidente de Estados Unidos. Por lo pronto, el viernes, a moneda mexicana perdi\u00f3 seis centavos al cerrar en 20.67 unidades por d\u00f3lar contra 20.61 del jueves, de acuerdo con las cotizaciones del Banco de M\u00e9xico. En la semana, el peso registr\u00f3 una depreciaci\u00f3n de 1.74 por ciento, debido a que cada d\u00eda se acerca m\u00e1s la toma de posesi\u00f3n de Trump y existe incertidumbre por las medidas que podr\u00eda tomar contra las exportaciones mexicanas. Paralelamente el d\u00f3lar se fortaleci\u00f3 0.72 por ciento en la semana ante la canasta de seis divisas de referencia.\u00a0<b>La Bolsa mexicana de valores, por su parte retrocedi\u00f3 este viernes 1.62 por ciento<\/b>\u00a0para ubicar su principal indicador en 48 mil 957.24 puntos. En la semana acumul\u00f3 una p\u00e9rdida de 0.68 por ciento\u2026 Con la creaci\u00f3n de 135 mil 608 puestos laborales, en noviembre la poblaci\u00f3n econ\u00f3micamente activa alcanz\u00f3\u00a0<b>un m\u00e1ximo hist\u00f3rico de 61 millones 630 mil 923 personas, mientras que la tasa de desempleo se ubic\u00f3 en 2.6 por ciento<\/b>, cifra inferior al 2.7 por ciento que esperaban los analistas econ\u00f3micos, aunque superior al 2.5 por ciento del mes anterior. Los datos de la Encuesta Nacional de Ocupaci\u00f3n y Empleo al cierre del d\u00e9cimo primer mes de 2024, indican que del total de la poblaci\u00f3n ocupada, 41.5 millones (69.2\u00a0\u00a0por ciento) son trabajadores subordinados y remunerados al ocupar una plaza o puesto. Adem\u00e1s, 13.0 millones (21.6\u00a0\u00a0por ciento) laboraron de manera independiente o por su cuenta y 3.5 millones (5.9\u00a0\u00a0por ciento) fueron personas empleadoras. Otros 2.0 millones de personas (3.3\u00a0\u00a0por ciento) se desempe\u00f1aron en los negocios o en las parcelas familiares. Comparada con el mismo mes del a\u00f1o anterior, la tasa de desempleo se redujo en una d\u00e9cima de punto porcentual, pues en noviembre de 2023, se ubicaba en 2.7 por ciento.\u00a0<b>En t\u00e9rminos nominales un mill\u00f3n 626 mil 337 personas se encontraban desempleadas,<\/b>\u00a0la poblaci\u00f3n ocupada en la informalidad laboral fue de 32.8 millones de personas y la tasa de informalidad laboral se ubic\u00f3 en 54.6\u00a0\u00a0por ciento de la poblaci\u00f3n ocupada\u2026\u00a0<b>El Indicador Global de Opini\u00f3n Empresarial de Confianza se situ\u00f3 en diciembre en 52.2 puntos, con un alza de 0.7 puntos en relaci\u00f3n con el mes anterior<\/b>\u00a0y sum\u00f3 23 meses por arriba del umbral de 50 puntos, Este indicador que elabora mensualmente el INEGI\u00a0\u00a0recoge la opini\u00f3n de los empresarios sobre la situaci\u00f3n econ\u00f3mica del pa\u00eds y de sus empresas, en cuatro sectores, considera que a partir de 50 puntos existe una tendencia positiva. El indicador de Confianza Empresarial de Servicios privados no financieros mostr\u00f3 un avance de 1.7 puntos, el del comercio de 0.4, mientras que el de industria manufacturera\u00a0\u00a0descendi\u00f3 0.8\u00a0\u00a0unidades<b>. Estos tres sectores se ubican por encima de 50 puntos.<\/b>\u00a0El \u00fanico por debajo de ese umbral es el de la construcci\u00f3n en donde los empresarios resienten moment\u00e1neamente la reducci\u00f3n de obra p\u00fablica por el inicio de sexenio.<\/p>\n<p><a title=\"mailto:filosofodelmetro@yahoo.com.mx\" href=\"mailto:filosofodelmetro@yahoo.com.mx\" data-linkindex=\"68\">filosofodelmetro@yahoo.com.mx<\/a><\/p>\n","protected":false},"excerpt":{"rendered":"<p>&nbsp; Diario Ejecutivo El 4 de enero no es el d\u00eda del periodista Un engendro neoliberal creado por EPN Desarrollo, mercados, Desempleo, Confianza Roberto Fuentes Vivar &nbsp; El fin de semana recib\u00ed m\u00e1s de 10 mensajes de felicitaci\u00f3n por parte de amigos y empresas privadas por ser, supuestamente, el d\u00eda del periodista. Paralelamente en redes sociales, principalmente en Facebook, Whatsapp\u00a0\u00a0y Twitter o X, circularon tambi\u00e9n cartas, im\u00e1genes y textos con relaci\u00f3n a esta supuesta efem\u00e9rides. Incluso hasta algunos organismos relacionados (como reporteros sin fronteras o la Organizaci\u00f3n para las Naciones Unidas para la Educaci\u00f3n y la Ciencia) con el periodismo [&hellip;]<\/p>\n","protected":false},"author":3,"featured_media":86153,"comment_status":"open","ping_status":"open","sticky":false,"template":"","format":"standard","meta":{"_jetpack_newsletter_access":"","_jetpack_dont_email_post_to_subs":false,"_jetpack_newsletter_tier_id":0,"_jetpack_memberships_contains_paywalled_content":false,"_jetpack_feature_clip_id":0,"_jetpack_memberships_contains_paid_content":false,"footnotes":"","jetpack_publicize_message":"","jetpack_publicize_feature_enabled":true,"jetpack_social_post_already_shared":true,"jetpack_social_options":{"image_generator_settings":{"template":"highway","default_image_id":0,"font":"","enabled":false},"version":2},"jetpack_post_was_ever_published":false},"categories":[79],"tags":[],"class_list":["post-111578","post","type-post","status-publish","format-standard","has-post-thumbnail","hentry","category-columnistas-nacionales","post--single"],"jetpack_publicize_connections":[],"jetpack_featured_media_url":"https:\/\/ovelanalista.com\/wp-content\/uploads\/2023\/11\/roberto_fuentes_vivar.jpeg","jetpack_sharing_enabled":true,"_links":{"self":[{"href":"https:\/\/ovelanalista.com\/index.php?rest_route=\/wp\/v2\/posts\/111578","targetHints":{"allow":["GET"]}}],"collection":[{"href":"https:\/\/ovelanalista.com\/index.php?rest_route=\/wp\/v2\/posts"}],"about":[{"href":"https:\/\/ovelanalista.com\/index.php?rest_route=\/wp\/v2\/types\/post"}],"author":[{"embeddable":true,"href":"https:\/\/ovelanalista.com\/index.php?rest_route=\/wp\/v2\/users\/3"}],"replies":[{"embeddable":true,"href":"https:\/\/ovelanalista.com\/index.php?rest_route=%2Fwp%2Fv2%2Fcomments&post=111578"}],"version-history":[{"count":1,"href":"https:\/\/ovelanalista.com\/index.php?rest_route=\/wp\/v2\/posts\/111578\/revisions"}],"predecessor-version":[{"id":111580,"href":"https:\/\/ovelanalista.com\/index.php?rest_route=\/wp\/v2\/posts\/111578\/revisions\/111580"}],"wp:featuredmedia":[{"embeddable":true,"href":"https:\/\/ovelanalista.com\/index.php?rest_route=\/wp\/v2\/media\/86153"}],"wp:attachment":[{"href":"https:\/\/ovelanalista.com\/index.php?rest_route=%2Fwp%2Fv2%2Fmedia&parent=111578"}],"wp:term":[{"taxonomy":"category","embeddable":true,"href":"https:\/\/ovelanalista.com\/index.php?rest_route=%2Fwp%2Fv2%2Fcategories&post=111578"},{"taxonomy":"post_tag","embeddable":true,"href":"https:\/\/ovelanalista.com\/index.php?rest_route=%2Fwp%2Fv2%2Ftags&post=111578"}],"curies":[{"name":"wp","href":"https:\/\/api.w.org\/{rel}","templated":true}]}}