{"id":111584,"date":"2025-01-06T10:30:31","date_gmt":"2025-01-06T17:30:31","guid":{"rendered":"https:\/\/ovelanalista.com\/?p=111584"},"modified":"2025-01-06T10:02:57","modified_gmt":"2025-01-06T17:02:57","slug":"hallan-dos-cuerpos-torturados-en-costa-rica-culiacan-las-victimas-no-han-sido-identificadas","status":"publish","type":"post","link":"https:\/\/ovelanalista.com\/?p=111584","title":{"rendered":"Hallan dos cuerpos torturados en Costa Rica, Culiac\u00e1n; las v\u00edctimas no han sido identificadas"},"content":{"rendered":"<div class=\"sc__header mx-auto  lg:max-w-screen-lg \">\n<p class=\"subTitle text-2xl mb-5\"><strong>En la misma zona se reportaron da\u00f1os a veh\u00edculos por las p\u00faas lanzadas en la carretera.<\/strong><\/p>\n<p><strong>Javier Cabrera Mart\u00ednez<\/strong><\/p>\n<p class=\"sc__font-paragraph\">En la\u00a0<a href=\"https:\/\/www.eluniversal.com.mx\/estados\/ejercito-asegura-98-kilos-de-metanfetamina-en-culiacan-refuerzan-seguridad-en-zonas-turisticas\/\" target=\"_blank\" rel=\"noopener\" data-mrf-link=\"https:\/\/www.eluniversal.com.mx\/estados\/ejercito-asegura-98-kilos-de-metanfetamina-en-culiacan-refuerzan-seguridad-en-zonas-turisticas\/\"><b>zona tur\u00edstica<\/b><\/a>\u00a0de las letras de identificaci\u00f3n de la sindicatura de Costa Rica, en Culiac\u00e1n fueron localizados los cuerpos de dos personas desnudas, con\u00a0<b>huellas de tortura<\/b>\u00a0y disparos de arma de fuego, sin que las\u00a0<b>victimas<\/b>\u00a0hayan sido identificados por las autoridades.<\/p>\n<p class=\"sc__font-paragraph\">La ubicaci\u00f3n de los cuerpos se registr\u00f3 la ma\u00f1ana de este lunes en la principal avenida de la sindicatura, en donde las autoridades no escucharon detonaciones de armas de fuego, por lo que se presume que estos fueron\u00a0<b>privados de la vida<\/b>\u00a0en un lugar distinto.<\/p>\n<p class=\"sc__font-paragraph\">Se notific\u00f3 que en la jurisdicci\u00f3n de esta misma sindicatura, en la carretera Culiac\u00e1n-Eldorado, desconocidos lanzaron a la carpeta asf\u00e1ltica p\u00faas de acero, por lo que tres camiones de carga y autom\u00f3viles privados sufrieron da\u00f1os en sus llantas.<\/p>\n<p class=\"sc__font-paragraph\">Durante la madrugada, en las l\u00edneas de emergencia se notificaron continuos disparos de<b>\u00a0armas de fuego<\/b>, en enfrentamientos entre grupos civiles, cerca del poblado El Diez, sin que se tengan reportes de personas heridas o muertas.<\/p>\n<\/div>\n<p>Con informaci\u00f3n de El Universal<\/p>\n<div class=\"story-image mx-auto  lg:max-w-screen-lg\"><picture class=\"story__pic block w-full justify-center flex\"><source class=\" lazyloading\" srcset=\"https:\/\/www.eluniversal.com.mx\/resizer\/v2\/UK6O3PS2TJAIPEN25FWJB55KS4.jpg?auth=69892fd9f1f85804cefca7c0f9d9e8eb8383ccf03fe93c838f1a54098a7b3b34&amp;smart=true&amp;width=300&amp;height=165\" media=\"(max-width: 360px)\" data-srcset=\"https:\/\/www.eluniversal.com.mx\/resizer\/v2\/UK6O3PS2TJAIPEN25FWJB55KS4.jpg?auth=69892fd9f1f85804cefca7c0f9d9e8eb8383ccf03fe93c838f1a54098a7b3b34&amp;smart=true&amp;width=300&amp;height=165\" \/><\/picture><\/div>\n","protected":false},"excerpt":{"rendered":"<p>En la misma zona se reportaron da\u00f1os a veh\u00edculos por las p\u00faas lanzadas en la carretera. Javier Cabrera Mart\u00ednez En la\u00a0zona tur\u00edstica\u00a0de las letras de identificaci\u00f3n de la sindicatura de Costa Rica, en Culiac\u00e1n fueron localizados los cuerpos de dos personas desnudas, con\u00a0huellas de tortura\u00a0y disparos de arma de fuego, sin que las\u00a0victimas\u00a0hayan sido identificados por las autoridades. La ubicaci\u00f3n de los cuerpos se registr\u00f3 la ma\u00f1ana de este lunes en la principal avenida de la sindicatura, en donde las autoridades no escucharon detonaciones de armas de fuego, por lo que se presume que estos fueron\u00a0privados de la vida\u00a0en un [&hellip;]<\/p>\n","protected":false},"author":3,"featured_media":99492,"comment_status":"open","ping_status":"open","sticky":false,"template":"","format":"standard","meta":{"_jetpack_newsletter_access":"","_jetpack_dont_email_post_to_subs":false,"_jetpack_newsletter_tier_id":0,"_jetpack_memberships_contains_paywalled_content":false,"_jetpack_feature_clip_id":0,"_jetpack_memberships_contains_paid_content":false,"footnotes":"","jetpack_publicize_message":"","jetpack_publicize_feature_enabled":true,"jetpack_social_post_already_shared":true,"jetpack_social_options":{"image_generator_settings":{"template":"highway","default_image_id":0,"font":"","enabled":false},"version":2},"jetpack_post_was_ever_published":false},"categories":[90,72],"tags":[],"class_list":["post-111584","post","type-post","status-publish","format-standard","has-post-thumbnail","hentry","category-estatal","category-portada","post--single"],"jetpack_publicize_connections":[],"jetpack_featured_media_url":"https:\/\/ovelanalista.com\/wp-content\/uploads\/2024\/07\/escena-del-crimen-cinta-5.webp","jetpack_sharing_enabled":true,"_links":{"self":[{"href":"https:\/\/ovelanalista.com\/index.php?rest_route=\/wp\/v2\/posts\/111584","targetHints":{"allow":["GET"]}}],"collection":[{"href":"https:\/\/ovelanalista.com\/index.php?rest_route=\/wp\/v2\/posts"}],"about":[{"href":"https:\/\/ovelanalista.com\/index.php?rest_route=\/wp\/v2\/types\/post"}],"author":[{"embeddable":true,"href":"https:\/\/ovelanalista.com\/index.php?rest_route=\/wp\/v2\/users\/3"}],"replies":[{"embeddable":true,"href":"https:\/\/ovelanalista.com\/index.php?rest_route=%2Fwp%2Fv2%2Fcomments&post=111584"}],"version-history":[{"count":1,"href":"https:\/\/ovelanalista.com\/index.php?rest_route=\/wp\/v2\/posts\/111584\/revisions"}],"predecessor-version":[{"id":111586,"href":"https:\/\/ovelanalista.com\/index.php?rest_route=\/wp\/v2\/posts\/111584\/revisions\/111586"}],"wp:featuredmedia":[{"embeddable":true,"href":"https:\/\/ovelanalista.com\/index.php?rest_route=\/wp\/v2\/media\/99492"}],"wp:attachment":[{"href":"https:\/\/ovelanalista.com\/index.php?rest_route=%2Fwp%2Fv2%2Fmedia&parent=111584"}],"wp:term":[{"taxonomy":"category","embeddable":true,"href":"https:\/\/ovelanalista.com\/index.php?rest_route=%2Fwp%2Fv2%2Fcategories&post=111584"},{"taxonomy":"post_tag","embeddable":true,"href":"https:\/\/ovelanalista.com\/index.php?rest_route=%2Fwp%2Fv2%2Ftags&post=111584"}],"curies":[{"name":"wp","href":"https:\/\/api.w.org\/{rel}","templated":true}]}}