{"id":111602,"date":"2025-01-06T11:40:53","date_gmt":"2025-01-06T18:40:53","guid":{"rendered":"https:\/\/ovelanalista.com\/?p=111602"},"modified":"2025-01-06T10:25:21","modified_gmt":"2025-01-06T17:25:21","slug":"ejecutan-a-un-hombre-en-centro-de-rehabilitacion-en-culiacan-sinaloa","status":"publish","type":"post","link":"https:\/\/ovelanalista.com\/?p=111602","title":{"rendered":"Ejecutan a un hombre en centro de rehabilitaci\u00f3n en Culiac\u00e1n, Sinaloa"},"content":{"rendered":"<p><strong class=\"bajada\">El atentado se report\u00f3 en el anexo \u201cAliento de vida\u201d, ubicado en la calle Mariano Escobedo en la colonia Las Vegas, al oriente de Culiac\u00e1n, alrededor de las 10 de la ma\u00f1ana.<\/strong><\/p>\n<div class=\"autor f\">\n<div class=\"foto-autor\"><strong>\u00a0<span class=\"post-author-name\">Aar\u00f3n Ibarra<\/span><\/strong><\/div>\n<\/div>\n<p>Un grupo armado ingres\u00f3 a un centro de rehabilitaci\u00f3n para ejecutar a un interno, ataque reportado durante la ma\u00f1ana de este domingo 5 de enero en la capital de Sinaloa.<\/p>\n<p>El atentado se report\u00f3 en el anexo \u201cAliento de vida\u201d, ubicado en la calle Mariano Escobedo en la colonia Las Vegas, al oriente de Culiac\u00e1n, alrededor de las 10 de la ma\u00f1ana.<\/p>\n<p>Este no es el primer evento de este tipo en la capital durante la escalada de hechos violentos que se ha prolongado m\u00e1s de 120 d\u00edas. El viernes 4 de octubre un grupo armado ingres\u00f3 a un centro de rehabilitaci\u00f3n para \u201clevantar\u201d a nueve internos.<\/p>\n<p>Tambien, en Mazatl\u00e1n se han registrado incursiones de grupos armados para presuntamente \u201cliberar\u201d internos de estos anexos, con al menos 31 personas durante ese mes, de acuerdo a cifras de la Fiscal\u00eda de Sinaloa.<\/p>\n<p>Tambi\u00e9n se han reportado ataques armados e incluso incendios provocados en este tipo de recintos, durante la batalla intestina del crimen organizado, iniciada desde el 9 de septiembre y que a la fecha ha cobrado m\u00e1s de 650 vidas en Sinaloa.<\/p>\n<p>Con informaci\u00f3n de Proceso<\/p>\n","protected":false},"excerpt":{"rendered":"<p>El atentado se report\u00f3 en el anexo \u201cAliento de vida\u201d, ubicado en la calle Mariano Escobedo en la colonia Las Vegas, al oriente de Culiac\u00e1n, alrededor de las 10 de la ma\u00f1ana. \u00a0Aar\u00f3n Ibarra Un grupo armado ingres\u00f3 a un centro de rehabilitaci\u00f3n para ejecutar a un interno, ataque reportado durante la ma\u00f1ana de este domingo 5 de enero en la capital de Sinaloa. El atentado se report\u00f3 en el anexo \u201cAliento de vida\u201d, ubicado en la calle Mariano Escobedo en la colonia Las Vegas, al oriente de Culiac\u00e1n, alrededor de las 10 de la ma\u00f1ana. Este no es el [&hellip;]<\/p>\n","protected":false},"author":3,"featured_media":111605,"comment_status":"open","ping_status":"open","sticky":false,"template":"","format":"standard","meta":{"_jetpack_newsletter_access":"","_jetpack_dont_email_post_to_subs":false,"_jetpack_newsletter_tier_id":0,"_jetpack_memberships_contains_paywalled_content":false,"_jetpack_feature_clip_id":0,"_jetpack_memberships_contains_paid_content":false,"footnotes":"","jetpack_publicize_message":"","jetpack_publicize_feature_enabled":true,"jetpack_social_post_already_shared":true,"jetpack_social_options":{"image_generator_settings":{"template":"highway","default_image_id":0,"font":"","enabled":false},"version":2},"jetpack_post_was_ever_published":false},"categories":[90,72],"tags":[],"class_list":["post-111602","post","type-post","status-publish","format-standard","has-post-thumbnail","hentry","category-estatal","category-portada","post--single"],"jetpack_publicize_connections":[],"jetpack_featured_media_url":"https:\/\/ovelanalista.com\/wp-content\/uploads\/2025\/01\/f685x385-214461_252154_5050.webp","jetpack_sharing_enabled":true,"_links":{"self":[{"href":"https:\/\/ovelanalista.com\/index.php?rest_route=\/wp\/v2\/posts\/111602","targetHints":{"allow":["GET"]}}],"collection":[{"href":"https:\/\/ovelanalista.com\/index.php?rest_route=\/wp\/v2\/posts"}],"about":[{"href":"https:\/\/ovelanalista.com\/index.php?rest_route=\/wp\/v2\/types\/post"}],"author":[{"embeddable":true,"href":"https:\/\/ovelanalista.com\/index.php?rest_route=\/wp\/v2\/users\/3"}],"replies":[{"embeddable":true,"href":"https:\/\/ovelanalista.com\/index.php?rest_route=%2Fwp%2Fv2%2Fcomments&post=111602"}],"version-history":[{"count":1,"href":"https:\/\/ovelanalista.com\/index.php?rest_route=\/wp\/v2\/posts\/111602\/revisions"}],"predecessor-version":[{"id":111606,"href":"https:\/\/ovelanalista.com\/index.php?rest_route=\/wp\/v2\/posts\/111602\/revisions\/111606"}],"wp:featuredmedia":[{"embeddable":true,"href":"https:\/\/ovelanalista.com\/index.php?rest_route=\/wp\/v2\/media\/111605"}],"wp:attachment":[{"href":"https:\/\/ovelanalista.com\/index.php?rest_route=%2Fwp%2Fv2%2Fmedia&parent=111602"}],"wp:term":[{"taxonomy":"category","embeddable":true,"href":"https:\/\/ovelanalista.com\/index.php?rest_route=%2Fwp%2Fv2%2Fcategories&post=111602"},{"taxonomy":"post_tag","embeddable":true,"href":"https:\/\/ovelanalista.com\/index.php?rest_route=%2Fwp%2Fv2%2Ftags&post=111602"}],"curies":[{"name":"wp","href":"https:\/\/api.w.org\/{rel}","templated":true}]}}