{"id":111613,"date":"2025-01-06T12:10:03","date_gmt":"2025-01-06T19:10:03","guid":{"rendered":"https:\/\/ovelanalista.com\/?p=111613"},"modified":"2025-01-06T11:38:59","modified_gmt":"2025-01-06T18:38:59","slug":"cero-impunidad-no-importa-de-quien-se-trate-sheinbaum-sobre-alcalde-detenido-en-chiapas","status":"publish","type":"post","link":"https:\/\/ovelanalista.com\/?p=111613","title":{"rendered":"\u201cCero impunidad, no importa de qui\u00e9n se trate\u201d: Sheinbaum sobre alcalde detenido en Chiapas"},"content":{"rendered":"<p>La presidenta\u00a0<a href=\"https:\/\/x.com\/Claudiashein\" target=\"_blank\" rel=\"noreferrer noopener\"><span class=\"s1\"><b>Claudia<\/b><\/span><\/a><b>\u00a0Sheinbaum Pardo<\/b>\u00a0dej\u00f3 en claro que en su Gobierno habr\u00e1\u00a0<strong>cero impunidad<\/strong>, no importa qui\u00e9n sea.<\/p>\n<p><iframe loading=\"lazy\" title=\"#Ma\u00f1aneraDelPueblo desde Palacio Nacional. Lunes 06 de enero 2025\" width=\"1200\" height=\"675\" src=\"https:\/\/www.youtube.com\/embed\/O35dnBmqen0?feature=oembed\" frameborder=\"0\" allow=\"accelerometer; autoplay; clipboard-write; encrypted-media; gyroscope; picture-in-picture; web-share\" referrerpolicy=\"strict-origin-when-cross-origin\" allowfullscreen><\/iframe><\/p>\n<p>Lo anterior fue detallado en la conferencia matutina de Palacio Nacional, donde fue cuestionada por la\u00a0<strong>detenci\u00f3n<\/strong>\u00a0del\u00a0<strong>alcalde<\/strong>\u00a0de\u00a0<strong>Frontera Comalapa, Chiapas,<\/strong>\u00a0<a href=\"https:\/\/lopezdoriga.com\/nacional\/detienen-alcalde-frontera-comalapa-chiapas-senalado-corrupcion-investigan-nexos-criminales\/\" target=\"_blank\" rel=\"noopener\">ocurrida en la previa<\/a>.<\/p>\n<p>\u201cEs una acci\u00f3n que tom\u00f3 la Fiscal\u00eda de Justicia del Estado de Chiapas. El jueves quiz\u00e1 puedan dar m\u00e1s informaci\u00f3n de sobre qu\u00e9 bases est\u00e1 esta orden de aprehensi\u00f3n que se gir\u00f3\u201d, sostuvo.<\/p>\n<blockquote><p>Tiene que ver con una estrategia de cero impunidad. No importa de qui\u00e9n se trate\u201d, lanz\u00f3.<\/p><\/blockquote>\n<p>\u201cViene de las investigaciones (la detenci\u00f3n del alcalde), si hay colusi\u00f3n de alguna autoridad se sigue la investigaci\u00f3n y tiene que haber suficientes pruebas para que un juez otorgue una orden de aprehensi\u00f3n\u201d, puntualiz\u00f3 Sheinbaum Pardo.<\/p>\n<p><strong>Jos\u00e9 Antonio \u201cN\u201d<\/strong>, alcalde de Frontera Comalapa, Chiapas, fue detenido el domingo por agentes de la Fiscal\u00eda estatal, acusado de v\u00ednculos con el crimen organizado, desaparici\u00f3n de personas y corrupci\u00f3n.<\/p>\n<div id=\"ros-inread-multiple-oxq2y3\" class=\"ad-container dfp-ad-unit ad-inread ad-slot\" data-ad-type=\"inreadbox\" data-slot=\"inread-multiple\" data-ad-loaded=\"1\" data-ad-setup=\"{&quot;postID&quot;:1680185,&quot;canRefresh&quot;:false,&quot;infinitescroll&quot;:false}\" data-google-query-id=\"CIW_18He4YoDFU7z9QId5DIrmA\"><\/div>\n<div data-ad-type=\"inreadbox\" data-slot=\"inread-multiple\" data-ad-loaded=\"1\" data-ad-setup=\"{&quot;postID&quot;:1680185,&quot;canRefresh&quot;:false,&quot;infinitescroll&quot;:false}\" data-google-query-id=\"CIW_18He4YoDFU7z9QId5DIrmA\">\n<p>\u201cLa Fiscal\u00eda General del Estado (FGE) y la Polic\u00eda de Investigaci\u00f3n (PDI), la Secretar\u00eda de Seguridad del Pueblo, a trav\u00e9s de la Fuerza de Reacci\u00f3n Inmediata Pakal (FRIP), la Polic\u00eda Estatal Preventiva (PEP) lograron la detenci\u00f3n de Jose Antonio \u2018N\u2019 quien hasta hoy fung\u00eda como presidente municipal de Frontera Comalapa\u201d, expuso la FGE en un comunicado.<\/p>\n<p>Las autoridades se\u00f1alaron que el presidente municipal es se\u00f1alado por su responsabilidad al incurrir en diversos delitos como corrupci\u00f3n.<\/p>\n<p>\u201cAdem\u00e1s se encuentran abiertas diversas carpetas de investigaci\u00f3n en su contra por los delitos de desaparici\u00f3n forzada de personas, extorsi\u00f3n agravada y homicidio; estas son indagatorias que se llevan contra el ya citado, por sus presuntos v\u00ednculos con la delincuencia que opera en la zona\u201d, apunt\u00f3.<\/p>\n<p>Junto al edil, tambi\u00e9n se logr\u00f3 la detenci\u00f3n de Jorge \u201cN\u201d y Juan Manuel \u201cN\u201d, a quienes se les asegur\u00f3 un veh\u00edculo Volkswagen Amarok 4\u00d74 y dos fusiles, uno calibre .223 y otro calibre 7.62, ambos con cargadores abastecidos.<\/p>\n<p>Con informaci\u00f3n de L\u00f3pez-D\u00f3riga Digital<\/p>\n<p>&nbsp;<\/p>\n<\/div>\n<p>&nbsp;<\/p>\n","protected":false},"excerpt":{"rendered":"<p>La presidenta\u00a0Claudia\u00a0Sheinbaum Pardo\u00a0dej\u00f3 en claro que en su Gobierno habr\u00e1\u00a0cero impunidad, no importa qui\u00e9n sea. Lo anterior fue detallado en la conferencia matutina de Palacio Nacional, donde fue cuestionada por la\u00a0detenci\u00f3n\u00a0del\u00a0alcalde\u00a0de\u00a0Frontera Comalapa, Chiapas,\u00a0ocurrida en la previa. \u201cEs una acci\u00f3n que tom\u00f3 la Fiscal\u00eda de Justicia del Estado de Chiapas. El jueves quiz\u00e1 puedan dar m\u00e1s informaci\u00f3n de sobre qu\u00e9 bases est\u00e1 esta orden de aprehensi\u00f3n que se gir\u00f3\u201d, sostuvo. Tiene que ver con una estrategia de cero impunidad. No importa de qui\u00e9n se trate\u201d, lanz\u00f3. \u201cViene de las investigaciones (la detenci\u00f3n del alcalde), si hay colusi\u00f3n de alguna autoridad se [&hellip;]<\/p>\n","protected":false},"author":3,"featured_media":111615,"comment_status":"open","ping_status":"open","sticky":false,"template":"","format":"standard","meta":{"_jetpack_newsletter_access":"","_jetpack_dont_email_post_to_subs":false,"_jetpack_newsletter_tier_id":0,"_jetpack_memberships_contains_paywalled_content":false,"_jetpack_feature_clip_id":0,"_jetpack_memberships_contains_paid_content":false,"footnotes":"","jetpack_publicize_message":"","jetpack_publicize_feature_enabled":true,"jetpack_social_post_already_shared":true,"jetpack_social_options":{"image_generator_settings":{"template":"highway","default_image_id":0,"font":"","enabled":false},"version":2},"jetpack_post_was_ever_published":false},"categories":[75,72],"tags":[],"class_list":["post-111613","post","type-post","status-publish","format-standard","has-post-thumbnail","hentry","category-nacional","category-portada","post--single"],"jetpack_publicize_connections":[],"jetpack_featured_media_url":"https:\/\/ovelanalista.com\/wp-content\/uploads\/2025\/01\/alcalde-frontera-comalapa-chiapas-detenido.webp","jetpack_sharing_enabled":true,"_links":{"self":[{"href":"https:\/\/ovelanalista.com\/index.php?rest_route=\/wp\/v2\/posts\/111613","targetHints":{"allow":["GET"]}}],"collection":[{"href":"https:\/\/ovelanalista.com\/index.php?rest_route=\/wp\/v2\/posts"}],"about":[{"href":"https:\/\/ovelanalista.com\/index.php?rest_route=\/wp\/v2\/types\/post"}],"author":[{"embeddable":true,"href":"https:\/\/ovelanalista.com\/index.php?rest_route=\/wp\/v2\/users\/3"}],"replies":[{"embeddable":true,"href":"https:\/\/ovelanalista.com\/index.php?rest_route=%2Fwp%2Fv2%2Fcomments&post=111613"}],"version-history":[{"count":1,"href":"https:\/\/ovelanalista.com\/index.php?rest_route=\/wp\/v2\/posts\/111613\/revisions"}],"predecessor-version":[{"id":111616,"href":"https:\/\/ovelanalista.com\/index.php?rest_route=\/wp\/v2\/posts\/111613\/revisions\/111616"}],"wp:featuredmedia":[{"embeddable":true,"href":"https:\/\/ovelanalista.com\/index.php?rest_route=\/wp\/v2\/media\/111615"}],"wp:attachment":[{"href":"https:\/\/ovelanalista.com\/index.php?rest_route=%2Fwp%2Fv2%2Fmedia&parent=111613"}],"wp:term":[{"taxonomy":"category","embeddable":true,"href":"https:\/\/ovelanalista.com\/index.php?rest_route=%2Fwp%2Fv2%2Fcategories&post=111613"},{"taxonomy":"post_tag","embeddable":true,"href":"https:\/\/ovelanalista.com\/index.php?rest_route=%2Fwp%2Fv2%2Ftags&post=111613"}],"curies":[{"name":"wp","href":"https:\/\/api.w.org\/{rel}","templated":true}]}}