{"id":111614,"date":"2025-01-06T12:20:26","date_gmt":"2025-01-06T19:20:26","guid":{"rendered":"https:\/\/ovelanalista.com\/?p=111614"},"modified":"2025-01-06T11:44:32","modified_gmt":"2025-01-06T18:44:32","slug":"de-la-fuente-pide-a-consules-desplegar-la-mejor-diplomacia-para-defender-a-connacionales","status":"publish","type":"post","link":"https:\/\/ovelanalista.com\/?p=111614","title":{"rendered":"De la Fuente pide a c\u00f3nsules desplegar la mejor diplomacia para defender a connacionales"},"content":{"rendered":"<p>El canciller Juan Ram\u00f3n de la Fuente encabez\u00f3 la 36 Reuni\u00f3n de Titulares de Embajadas y Consulados 2025 (REC).<\/p>\n<p>&nbsp;<\/p>\n<p><strong>Juan Ram\u00f3n de la Fuente<\/strong>, titular de la\u00a0<strong>Secretar\u00eda de Relaciones Exteriores<\/strong>\u00a0(<strong>SRE<\/strong>) pidi\u00f3 de manera a los\u00a0<strong>c\u00f3nsules<\/strong>\u00a0en EE.UU. desplegar \u201ccon toda su energ\u00eda, esa\u00a0<strong>mejor diplomacia posible<\/strong>\u201d para proteger a los\u00a0<strong>connacionales<\/strong>.<\/p>\n<p>https:\/\/twitter.com\/i\/broadcasts\/1nAKEprOEjgxL<\/p>\n<p>El canciller encabez\u00f3 este lunes la 36 Reuni\u00f3n de Titulares de Embajadas y Consulados 2025 (REC), donde pidi\u00f3 a los funcionarios de la Canciller\u00eda a proteger a los migrantes mexicanos, justo en momentos en que el pr\u00f3ximo presidente estadounidense,\u00a0<strong>Donald Trump<\/strong>, ha prometido llevar a cabo\u00a0<strong>deportaciones masivas<\/strong>\u00a0a partir del 20 de enero.<\/p>\n<p class=\"sc__font-paragraph\">\u201cQue esta, que es la red consular m\u00e1s grande que un pa\u00eds tiene en cualquier otro pa\u00eds del mundo, sea en los pr\u00f3ximos tiempos una fuente de apoyo, de confianza, y de defensa de nuestros principios y de los derechos de nuestras y nuestros connacionales, contar, contar con todos los apoyos legales que se requieran\u201d, sostuvo.<\/p>\n<p>De la Fuente dijo que en la SRE conf\u00edan plenamente en el derecho como una herramienta fundamental para apoyar a los connacionales que as\u00ed lo requieran par defender sus derechos, independientemente de su condici\u00f3n migratoria.<span class=\"Apple-converted-space\">\u00a0<\/span><\/p>\n<div id=\"Bloque_IN_TercerTexto\">\n<div class=\"gr_texto_articulo\">\u201cEn total, la fuerza jur\u00eddica que hemos logrado concentrar en los consulados, incluyendo abogados y asistentes, suman dos mil 610 integrantes y si se requieren m\u00e1s incorporaremos m\u00e1s\u201d, resalt\u00f3.<\/div>\n<\/div>\n<p>Con informaci\u00f3n de L\u00f3pez-D\u00f3riga Digital<\/p>\n","protected":false},"excerpt":{"rendered":"<p>El canciller Juan Ram\u00f3n de la Fuente encabez\u00f3 la 36 Reuni\u00f3n de Titulares de Embajadas y Consulados 2025 (REC). &nbsp; Juan Ram\u00f3n de la Fuente, titular de la\u00a0Secretar\u00eda de Relaciones Exteriores\u00a0(SRE) pidi\u00f3 de manera a los\u00a0c\u00f3nsules\u00a0en EE.UU. desplegar \u201ccon toda su energ\u00eda, esa\u00a0mejor diplomacia posible\u201d para proteger a los\u00a0connacionales. https:\/\/twitter.com\/i\/broadcasts\/1nAKEprOEjgxL El canciller encabez\u00f3 este lunes la 36 Reuni\u00f3n de Titulares de Embajadas y Consulados 2025 (REC), donde pidi\u00f3 a los funcionarios de la Canciller\u00eda a proteger a los migrantes mexicanos, justo en momentos en que el pr\u00f3ximo presidente estadounidense,\u00a0Donald Trump, ha prometido llevar a cabo\u00a0deportaciones masivas\u00a0a partir del 20 de [&hellip;]<\/p>\n","protected":false},"author":3,"featured_media":111617,"comment_status":"open","ping_status":"open","sticky":false,"template":"","format":"standard","meta":{"_jetpack_newsletter_access":"","_jetpack_dont_email_post_to_subs":false,"_jetpack_newsletter_tier_id":0,"_jetpack_memberships_contains_paywalled_content":false,"_jetpack_feature_clip_id":0,"_jetpack_memberships_contains_paid_content":false,"footnotes":"","jetpack_publicize_message":"","jetpack_publicize_feature_enabled":true,"jetpack_social_post_already_shared":true,"jetpack_social_options":{"image_generator_settings":{"template":"highway","default_image_id":0,"font":"","enabled":false},"version":2},"jetpack_post_was_ever_published":false},"categories":[75,72],"tags":[],"class_list":["post-111614","post","type-post","status-publish","format-standard","has-post-thumbnail","hentry","category-nacional","category-portada","post--single"],"jetpack_publicize_connections":[],"jetpack_featured_media_url":"https:\/\/ovelanalista.com\/wp-content\/uploads\/2025\/01\/juan-ramon-de-la-fuente-sre-2.webp","jetpack_sharing_enabled":true,"_links":{"self":[{"href":"https:\/\/ovelanalista.com\/index.php?rest_route=\/wp\/v2\/posts\/111614","targetHints":{"allow":["GET"]}}],"collection":[{"href":"https:\/\/ovelanalista.com\/index.php?rest_route=\/wp\/v2\/posts"}],"about":[{"href":"https:\/\/ovelanalista.com\/index.php?rest_route=\/wp\/v2\/types\/post"}],"author":[{"embeddable":true,"href":"https:\/\/ovelanalista.com\/index.php?rest_route=\/wp\/v2\/users\/3"}],"replies":[{"embeddable":true,"href":"https:\/\/ovelanalista.com\/index.php?rest_route=%2Fwp%2Fv2%2Fcomments&post=111614"}],"version-history":[{"count":1,"href":"https:\/\/ovelanalista.com\/index.php?rest_route=\/wp\/v2\/posts\/111614\/revisions"}],"predecessor-version":[{"id":111618,"href":"https:\/\/ovelanalista.com\/index.php?rest_route=\/wp\/v2\/posts\/111614\/revisions\/111618"}],"wp:featuredmedia":[{"embeddable":true,"href":"https:\/\/ovelanalista.com\/index.php?rest_route=\/wp\/v2\/media\/111617"}],"wp:attachment":[{"href":"https:\/\/ovelanalista.com\/index.php?rest_route=%2Fwp%2Fv2%2Fmedia&parent=111614"}],"wp:term":[{"taxonomy":"category","embeddable":true,"href":"https:\/\/ovelanalista.com\/index.php?rest_route=%2Fwp%2Fv2%2Fcategories&post=111614"},{"taxonomy":"post_tag","embeddable":true,"href":"https:\/\/ovelanalista.com\/index.php?rest_route=%2Fwp%2Fv2%2Ftags&post=111614"}],"curies":[{"name":"wp","href":"https:\/\/api.w.org\/{rel}","templated":true}]}}