{"id":111627,"date":"2025-01-06T13:00:57","date_gmt":"2025-01-06T20:00:57","guid":{"rendered":"https:\/\/ovelanalista.com\/?p=111627"},"modified":"2025-01-06T11:53:47","modified_gmt":"2025-01-06T18:53:47","slug":"sheinbaum-se-reunira-con-el-ine-para-definir-la-eleccion-judicial","status":"publish","type":"post","link":"https:\/\/ovelanalista.com\/?p=111627","title":{"rendered":"Sheinbaum se reunir\u00e1 con el INE para definir la elecci\u00f3n judicial"},"content":{"rendered":"<p>La presidenta Sheinbaum detall\u00f3 que este 9 de enero sostendr\u00e1 una reuni\u00f3n con miembros del Instituto Nacional Electoral (INE).<\/p>\n<p class=\"p1\"><span class=\"s1\"><a href=\"https:\/\/x.com\/Claudiashein\" target=\"_blank\" rel=\"noreferrer noopener\"><b>Claudia<\/b><\/a><\/span><b>\u00a0Sheinbaum Pardo<\/b>, presidenta de M\u00e9xico, se\u00a0<strong>reunir\u00e1<\/strong>\u00a0con el<strong>\u00a0Instituto Nacional Electoral<\/strong>\u00a0(<strong>INE<\/strong>) este jueves<strong>\u00a09 de enero<\/strong>\u00a0para ver los detalles de la\u00a0<strong>elecci\u00f3n judicial<\/strong>\u00a0de junio, en medio de la pol\u00e9mica por la presunta\u00a0<a href=\"https:\/\/lopezdoriga.com\/nacional\/jufed-pide-suspender-elecciones-judiciales-severas-inconsistencias-riesgos\/\" target=\"_blank\" rel=\"noopener\">insuficiencia<\/a>\u00a0de presupuesto y reglas.<\/p>\n<blockquote><p>Ellos (los consejeros del INE) ya aprobaron el presupuesto, ya tienen incluso propuestas de c\u00f3mo van a ser las boletas y c\u00f3mo van a organizar la elecci\u00f3n\u201d, declar\u00f3 la mandataria en su conferencia matutina.<\/p><\/blockquote>\n<p>La pol\u00e9mica crece mientras M\u00e9xico se encamina este a\u00f1o a su primera elecci\u00f3n en las urnas de los jueces, magistrados, ministros de la Suprema Corte, Tribunal Electoral y el Tribunal de Disciplina Judicial tras promulgarse la reforma constitucional al Poder Judicial el 15 de septiembre pasado.<\/p>\n<p><iframe loading=\"lazy\" title=\"#Ma\u00f1aneraDelPueblo desde Palacio Nacional. Lunes 06 de enero 2025\" width=\"1200\" height=\"675\" src=\"https:\/\/www.youtube.com\/embed\/O35dnBmqen0?feature=oembed\" frameborder=\"0\" allow=\"accelerometer; autoplay; clipboard-write; encrypted-media; gyroscope; picture-in-picture; web-share\" referrerpolicy=\"strict-origin-when-cross-origin\" allowfullscreen><\/iframe><\/p>\n<p>Los consejeros del INE, organismo aut\u00f3nomo, han advertido de riesgos en los comicios porque obtuvieron menos de la mitad de los 13 mil millones de pesos de presupuesto que solicitaron, apenas seis mil 219 millones de pesos.<\/p>\n<p>Adem\u00e1s, la oposici\u00f3n alerta de que a\u00fan no hay claridad en c\u00f3mo ser\u00e1n las boletas, la distribuci\u00f3n de los distritos electoral para definir qu\u00e9 zonas votar\u00e1n por cu\u00e1les juzgados, y otras normas relacionadas con las campa\u00f1as.<\/p>\n<p>Pero Sheinbaum Pardo asever\u00f3 que \u201cno hay riesgo\u201d en los comicios, aunque la Asociaci\u00f3n Nacional de Magistrados de Circuito y Jueces de Distrito del Poder Judicial de la Federaci\u00f3n (Jufed) ha denunciado el peligro de la posible intromisi\u00f3n del Ejecutivo y del crimen organizado.<\/p>\n<p>\u201cVa a ser una buena elecci\u00f3n\u201d, sostuvo la mandataria.<\/p>\n<p>Con informaci\u00f3n de EFE<\/p>\n","protected":false},"excerpt":{"rendered":"<p>La presidenta Sheinbaum detall\u00f3 que este 9 de enero sostendr\u00e1 una reuni\u00f3n con miembros del Instituto Nacional Electoral (INE). Claudia\u00a0Sheinbaum Pardo, presidenta de M\u00e9xico, se\u00a0reunir\u00e1\u00a0con el\u00a0Instituto Nacional Electoral\u00a0(INE) este jueves\u00a09 de enero\u00a0para ver los detalles de la\u00a0elecci\u00f3n judicial\u00a0de junio, en medio de la pol\u00e9mica por la presunta\u00a0insuficiencia\u00a0de presupuesto y reglas. Ellos (los consejeros del INE) ya aprobaron el presupuesto, ya tienen incluso propuestas de c\u00f3mo van a ser las boletas y c\u00f3mo van a organizar la elecci\u00f3n\u201d, declar\u00f3 la mandataria en su conferencia matutina. La pol\u00e9mica crece mientras M\u00e9xico se encamina este a\u00f1o a su primera elecci\u00f3n en las urnas [&hellip;]<\/p>\n","protected":false},"author":3,"featured_media":111629,"comment_status":"open","ping_status":"open","sticky":false,"template":"","format":"standard","meta":{"_jetpack_newsletter_access":"","_jetpack_dont_email_post_to_subs":false,"_jetpack_newsletter_tier_id":0,"_jetpack_memberships_contains_paywalled_content":false,"_jetpack_feature_clip_id":0,"_jetpack_memberships_contains_paid_content":false,"footnotes":"","jetpack_publicize_message":"","jetpack_publicize_feature_enabled":true,"jetpack_social_post_already_shared":true,"jetpack_social_options":{"image_generator_settings":{"template":"highway","default_image_id":0,"font":"","enabled":false},"version":2},"jetpack_post_was_ever_published":false},"categories":[75,72],"tags":[],"class_list":["post-111627","post","type-post","status-publish","format-standard","has-post-thumbnail","hentry","category-nacional","category-portada","post--single"],"jetpack_publicize_connections":[],"jetpack_featured_media_url":"https:\/\/ovelanalista.com\/wp-content\/uploads\/2025\/01\/sesion-ine-1.webp","jetpack_sharing_enabled":true,"_links":{"self":[{"href":"https:\/\/ovelanalista.com\/index.php?rest_route=\/wp\/v2\/posts\/111627","targetHints":{"allow":["GET"]}}],"collection":[{"href":"https:\/\/ovelanalista.com\/index.php?rest_route=\/wp\/v2\/posts"}],"about":[{"href":"https:\/\/ovelanalista.com\/index.php?rest_route=\/wp\/v2\/types\/post"}],"author":[{"embeddable":true,"href":"https:\/\/ovelanalista.com\/index.php?rest_route=\/wp\/v2\/users\/3"}],"replies":[{"embeddable":true,"href":"https:\/\/ovelanalista.com\/index.php?rest_route=%2Fwp%2Fv2%2Fcomments&post=111627"}],"version-history":[{"count":1,"href":"https:\/\/ovelanalista.com\/index.php?rest_route=\/wp\/v2\/posts\/111627\/revisions"}],"predecessor-version":[{"id":111630,"href":"https:\/\/ovelanalista.com\/index.php?rest_route=\/wp\/v2\/posts\/111627\/revisions\/111630"}],"wp:featuredmedia":[{"embeddable":true,"href":"https:\/\/ovelanalista.com\/index.php?rest_route=\/wp\/v2\/media\/111629"}],"wp:attachment":[{"href":"https:\/\/ovelanalista.com\/index.php?rest_route=%2Fwp%2Fv2%2Fmedia&parent=111627"}],"wp:term":[{"taxonomy":"category","embeddable":true,"href":"https:\/\/ovelanalista.com\/index.php?rest_route=%2Fwp%2Fv2%2Fcategories&post=111627"},{"taxonomy":"post_tag","embeddable":true,"href":"https:\/\/ovelanalista.com\/index.php?rest_route=%2Fwp%2Fv2%2Ftags&post=111627"}],"curies":[{"name":"wp","href":"https:\/\/api.w.org\/{rel}","templated":true}]}}