{"id":111628,"date":"2025-01-06T13:15:49","date_gmt":"2025-01-06T20:15:49","guid":{"rendered":"https:\/\/ovelanalista.com\/?p=111628"},"modified":"2025-01-06T11:56:47","modified_gmt":"2025-01-06T18:56:47","slug":"eleccion-judicial-no-esta-en-riesgo-sheinbaum","status":"publish","type":"post","link":"https:\/\/ovelanalista.com\/?p=111628","title":{"rendered":"Elecci\u00f3n judicial no est\u00e1 en riesgo: Sheinbaum"},"content":{"rendered":"<p>La presidenta Sheinbaum revel\u00f3 que se reunir\u00e1 con miembros del INE para conocer sus consideraciones sobre la elecci\u00f3n judicial de junio.<\/p>\n<p>La presidenta de M\u00e9xico,\u00a0<a href=\"https:\/\/x.com\/Claudiashein\" target=\"_blank\" rel=\"noreferrer noopener\"><span class=\"s1\"><b>Claudia<\/b><\/span><\/a><b>\u00a0Sheinbaum Pardo<\/b>, detall\u00f3 que la<strong>\u00a0elecci\u00f3n judicial no est\u00e1 riesgo<\/strong>\u00a0y que se llevar\u00e1 a cabo el primer domingo de junio del presente a\u00f1o.<\/p>\n<p><iframe loading=\"lazy\" title=\"Olinia, estrategia de producci\u00f3n de autos el\u00e9ctricos mexicanos. Conferencia presidenta Sheinbaum\" width=\"1200\" height=\"675\" src=\"https:\/\/www.youtube.com\/embed\/ecq9n8Doa8Q?feature=oembed\" frameborder=\"0\" allow=\"accelerometer; autoplay; clipboard-write; encrypted-media; gyroscope; picture-in-picture; web-share\" referrerpolicy=\"strict-origin-when-cross-origin\" allowfullscreen><\/iframe><\/p>\n<p>En la conferencia matutina de Palacio Nacional, Sheinbaum Pardo apunt\u00f3 que esta semana se reunir\u00e1 con integrantes del\u00a0<strong>Instituto Nacional Electoral<\/strong>\u00a0(<strong>INE<\/strong>) para ver sus consideraciones sobre estos comicios de integrantes del\u00a0<strong>Poder Judicial<\/strong>.<\/p>\n<blockquote><p>No hay riesgo (de la elecci\u00f3n judicial), va a participar el pueblo de M\u00e9xico\u201d, dijo.<\/p><\/blockquote>\n<p>\u201cEl 1 de junio vamos a elegir, jueces, magistrados y ministros, magistrados del Tribunal Electoral, a los responsables del Tribunal (de Disciplina Judicial), vamos a elegir entre todos al Poder Judicial, no veo riesgo (de que no se realice)\u201d, indic\u00f3.<\/p>\n<p>\u201cEsta semana me re\u00fano con el INE, ya aprobaron el presupuesto, ya tienen propuestas de las boletas y de c\u00f3mo van a organizar la elecci\u00f3n. Esta semana me re\u00fano para ver cu\u00e1les son sus consideraciones\u201d, puntualiz\u00f3 la mandataria mexicana.<\/p>\n<p>El Consejo General del INE aprob\u00f3 hace unos d\u00edas ajustes a su presupuesto para el ejercicio 2025, luego de la disminuci\u00f3n de ocho mil 855 millones 235 mil 863 pesos que aval\u00f3 la C\u00e1mara de Diputados, con lo que el presupuesto real y efectivo de la autoridad electoral nacional qued\u00f3 en 19 mil 645 millones 790 mil 251 pesos.<\/p>\n<p>Los mexicanos elegir\u00e1n el 1 de junio por primera vez en las urnas a jueces, magistrados, ministros de la Suprema Corte, magistrados del Tribunal Electoral del Poder Judicial de la Federaci\u00f3n (TEPJF) y el nuevo Tribunal de Disciplina Judicial, tras la pol\u00e9mica reforma constitucional promulgada en septiembre pasado.<\/p>\n<p>Con este ajuste presupuestal el Instituto prioriza realizar la elecci\u00f3n\u00a0 elecci\u00f3n judicial y las operaciones institucionales esenciales en el primer semestre del 2025.<\/p>\n<p class=\"p1\">Con informaci\u00f3n de L\u00f3pez-D\u00f3riga Digital<\/p>\n","protected":false},"excerpt":{"rendered":"<p>La presidenta Sheinbaum revel\u00f3 que se reunir\u00e1 con miembros del INE para conocer sus consideraciones sobre la elecci\u00f3n judicial de junio. La presidenta de M\u00e9xico,\u00a0Claudia\u00a0Sheinbaum Pardo, detall\u00f3 que la\u00a0elecci\u00f3n judicial no est\u00e1 riesgo\u00a0y que se llevar\u00e1 a cabo el primer domingo de junio del presente a\u00f1o. En la conferencia matutina de Palacio Nacional, Sheinbaum Pardo apunt\u00f3 que esta semana se reunir\u00e1 con integrantes del\u00a0Instituto Nacional Electoral\u00a0(INE) para ver sus consideraciones sobre estos comicios de integrantes del\u00a0Poder Judicial. No hay riesgo (de la elecci\u00f3n judicial), va a participar el pueblo de M\u00e9xico\u201d, dijo. \u201cEl 1 de junio vamos a elegir, jueces, [&hellip;]<\/p>\n","protected":false},"author":3,"featured_media":111632,"comment_status":"open","ping_status":"open","sticky":false,"template":"","format":"standard","meta":{"_jetpack_newsletter_access":"","_jetpack_dont_email_post_to_subs":false,"_jetpack_newsletter_tier_id":0,"_jetpack_memberships_contains_paywalled_content":false,"_jetpack_feature_clip_id":0,"_jetpack_memberships_contains_paid_content":false,"footnotes":"","jetpack_publicize_message":"","jetpack_publicize_feature_enabled":true,"jetpack_social_post_already_shared":true,"jetpack_social_options":{"image_generator_settings":{"template":"highway","default_image_id":0,"font":"","enabled":false},"version":2},"jetpack_post_was_ever_published":false},"categories":[75,72],"tags":[],"class_list":["post-111628","post","type-post","status-publish","format-standard","has-post-thumbnail","hentry","category-nacional","category-portada","post--single"],"jetpack_publicize_connections":[],"jetpack_featured_media_url":"https:\/\/ovelanalista.com\/wp-content\/uploads\/2025\/01\/sheinbaum-eleccion-judicial.webp","jetpack_sharing_enabled":true,"_links":{"self":[{"href":"https:\/\/ovelanalista.com\/index.php?rest_route=\/wp\/v2\/posts\/111628","targetHints":{"allow":["GET"]}}],"collection":[{"href":"https:\/\/ovelanalista.com\/index.php?rest_route=\/wp\/v2\/posts"}],"about":[{"href":"https:\/\/ovelanalista.com\/index.php?rest_route=\/wp\/v2\/types\/post"}],"author":[{"embeddable":true,"href":"https:\/\/ovelanalista.com\/index.php?rest_route=\/wp\/v2\/users\/3"}],"replies":[{"embeddable":true,"href":"https:\/\/ovelanalista.com\/index.php?rest_route=%2Fwp%2Fv2%2Fcomments&post=111628"}],"version-history":[{"count":1,"href":"https:\/\/ovelanalista.com\/index.php?rest_route=\/wp\/v2\/posts\/111628\/revisions"}],"predecessor-version":[{"id":111633,"href":"https:\/\/ovelanalista.com\/index.php?rest_route=\/wp\/v2\/posts\/111628\/revisions\/111633"}],"wp:featuredmedia":[{"embeddable":true,"href":"https:\/\/ovelanalista.com\/index.php?rest_route=\/wp\/v2\/media\/111632"}],"wp:attachment":[{"href":"https:\/\/ovelanalista.com\/index.php?rest_route=%2Fwp%2Fv2%2Fmedia&parent=111628"}],"wp:term":[{"taxonomy":"category","embeddable":true,"href":"https:\/\/ovelanalista.com\/index.php?rest_route=%2Fwp%2Fv2%2Fcategories&post=111628"},{"taxonomy":"post_tag","embeddable":true,"href":"https:\/\/ovelanalista.com\/index.php?rest_route=%2Fwp%2Fv2%2Ftags&post=111628"}],"curies":[{"name":"wp","href":"https:\/\/api.w.org\/{rel}","templated":true}]}}