{"id":111635,"date":"2025-01-06T13:45:01","date_gmt":"2025-01-06T20:45:01","guid":{"rendered":"https:\/\/ovelanalista.com\/?p=111635"},"modified":"2025-01-06T12:00:33","modified_gmt":"2025-01-06T19:00:33","slug":"gobierno-presenta-olinia-primera-armadora-mexicana-de-mini-vehiculos-electricos","status":"publish","type":"post","link":"https:\/\/ovelanalista.com\/?p=111635","title":{"rendered":"Gobierno presenta Olinia, primera armadora mexicana de mini veh\u00edculos el\u00e9ctricos"},"content":{"rendered":"<p>El Gobierno federal revel\u00f3 el proyecto Olinia, que construir\u00e1 veh\u00edculos el\u00e9ctricos 100 por ciento mexicanos.<\/p>\n<p>El\u00a0<strong>Gobierno de M\u00e9xico<\/strong>\u00a0lanz\u00f3\u00a0<strong>Olinia<\/strong>, primera\u00a0<strong>armadora<\/strong>\u00a0mexicana de\u00a0<strong>mini veh\u00edculos el\u00e9ctricos,\u00a0<\/strong>que para finales del sexenio se espera que fabrique tres modelos con precios que van de los 90 mil a los 150 mil pesos.<\/p>\n<p><iframe loading=\"lazy\" title=\"Olinia, estrategia de producci\u00f3n de autos el\u00e9ctricos mexicanos. Conferencia presidenta Sheinbaum\" width=\"1200\" height=\"675\" src=\"https:\/\/www.youtube.com\/embed\/ecq9n8Doa8Q?feature=oembed\" frameborder=\"0\" allow=\"accelerometer; autoplay; clipboard-write; encrypted-media; gyroscope; picture-in-picture; web-share\" referrerpolicy=\"strict-origin-when-cross-origin\" allowfullscreen><\/iframe><\/p>\n<p>Dicho proyecto fue presentado en la conferencia matutina de Palacio nacional por la presidenta\u00a0<strong><a href=\"https:\/\/x.com\/Claudiashein\" target=\"_blank\" rel=\"noopener noreferrer\">Claudia<\/a>\u00a0Sheinbaum Pardo<\/strong>, donde detall\u00f3 que estos autos ser\u00e1n 100 por ciento mexicanos.<\/p>\n<blockquote><p>Olinia es esta red de autos el\u00e9ctricos que queremos construir 100 por ciento mexicanos. Ya\u00a0 est\u00e1 el proyecto de estrategia y se los vamos a presentar hoy\u201d, indic\u00f3.<\/p><\/blockquote>\n<p>\u201cEste auto peque\u00f1o debe tener la caracter\u00edstica de ser seguro; que sea el\u00e9ctrico que se pueda conectar en cualquier enchufe y que la mayor\u00eda de sus componentes sean mexicanos. Hasta el momento ya tenemos el equipo de trabajo, en su momento ya se invitar\u00e1 a empresas privadas\u201d, puntualiz\u00f3.<\/p>\n<p>\u201cLa idea es que est\u00e9 lo m\u00e1s pronto posible el dise\u00f1o, y la armadora va a tener que abrirse. Se va a abrir un concurso probablemente para ver qu\u00e9 empresa privada ofrece las mejores condiciones para poder construirlo\u201d, destac\u00f3.<\/p>\n<p>La armadora, que combinar\u00e1 capital p\u00fablico y privado, desarrollar\u00e1 un mini veh\u00edculo de movilidad personal, otro para \u201cmovilidad de barrio\u201d que sirva para distancias cortas y uno m\u00e1s para entregas de mercanc\u00eda de \u00faltima milla, detall\u00f3<strong>\u00a0Roberto Capuano<\/strong>, encargado del proyecto.<\/p>\n<blockquote><p>Nuestra meta es lanzar los tres modelos con una empresa con inversi\u00f3n p\u00fablica y privada, que sea viable econ\u00f3micamente y que tenga perspectivas de largo plazo. Para nuestro primer modelo, (la meta) es que lleguemos al partido de inauguraci\u00f3n del Mundial de 2026 en el Estadio Azteca en un Olinia\u201d, expuso.<\/p><\/blockquote>\n<p>Desde hace tres meses, detall\u00f3, el Gobierno conform\u00f3 un equipo de investigadores del\u00a0<strong>Instituto Polit\u00e9cnico Nacional<\/strong>\u00a0(<strong>IPN<\/strong>) y el Tecnol\u00f3gico Nacional, que este a\u00f1o tendr\u00e1n un presupuesto de 25 millones de pesospara desarrollar el modelo.<\/p>\n<p>La idea de armar mini veh\u00edculos el\u00e9ctricos, explic\u00f3 Capuano, surge porque el 70 por ciento de la poblaci\u00f3n mexicana es urbana y, de ella, el 80 % tiene necesidades de movilidad diaria menores a los 30 kil\u00f3metros.<\/p>\n<h2><b>Un empuje a la industria automotriz mexicana<\/b><\/h2>\n<p>Con el proyecto, el Gobierno busca impulsar la industria automotriz, que representa casi el 4 por ciento del producto interior bruto (PIB) nacional y el 20.5 % del PIB manufacturero, m\u00e1s que ning\u00fan otro sector.<\/p>\n<p>\u201cObservamos c\u00f3mo en pa\u00edses similares a M\u00e9xico estos veh\u00edculos est\u00e1n teniendo un auge, tan solo en China e India la venta de miniveh\u00edculos en 2023 fue de m\u00e1s de 1,3 millones de unidades. Para nosotros, en M\u00e9xico, los miniveh\u00edculos son la categor\u00eda de mayor potencial en la movilidad el\u00e9ctrica\u201d, argument\u00f3 Capuano.<\/p>\n<p><strong>Rosaura Ruiz Guti\u00e9rrez<\/strong>, secretaria de Ciencia, Humanidades, Tecnolog\u00eda e Innovaci\u00f3n, sostuvo que Olinia, que en n\u00e1huatl significa movimiento, \u201cconstituye un hecho hist\u00f3rico porque va m\u00e1s all\u00e1 de manufacturar miniveh\u00edculos el\u00e9ctricos mexicanos\u201d, pues, \u201ctiene el potencial de ser un parteaguas en la industria mexicana\u201d.<\/p>\n<blockquote><p>\u201cA trav\u00e9s de Olinia, se busca lograr una transferencia tecnol\u00f3gica exitosa del sector acad\u00e9mico y de investigaci\u00f3n para la creaci\u00f3n de empresas, en este caso una asociaci\u00f3n p\u00fablico-privada\u201d, coment\u00f3.<\/p><\/blockquote>\n<p>La funcionaria detall\u00f3 que parte de los ingresos se destinar\u00e1 a ciencia e innovaci\u00f3n.<\/p>\n<p>Y enunci\u00f3 que las tres caracter\u00edsticas del auto es que sea el\u00e9ctrico, de bajo costo e id\u00f3neo para la movilidad urbana.<\/p>\n<p>\u201cOlinia atiende un tema de gran inter\u00e9s para la presidenta, ya que contribuye a la transici\u00f3n energ\u00e9tica y el cuidado del medioambiente al reducir las emisiones de combustibles f\u00f3siles y, gracias a su tama\u00f1o compacto, optimizar\u00e1 la ocupaci\u00f3n del espacio urbano\u201d, manifest\u00f3 Ruiz Guti\u00e9rrez.<\/p>\n<p>Con informaci\u00f3n de L\u00f3pez-D\u00f3riga Digital y EFE<\/p>\n","protected":false},"excerpt":{"rendered":"<p>El Gobierno federal revel\u00f3 el proyecto Olinia, que construir\u00e1 veh\u00edculos el\u00e9ctricos 100 por ciento mexicanos. El\u00a0Gobierno de M\u00e9xico\u00a0lanz\u00f3\u00a0Olinia, primera\u00a0armadora\u00a0mexicana de\u00a0mini veh\u00edculos el\u00e9ctricos,\u00a0que para finales del sexenio se espera que fabrique tres modelos con precios que van de los 90 mil a los 150 mil pesos. Dicho proyecto fue presentado en la conferencia matutina de Palacio nacional por la presidenta\u00a0Claudia\u00a0Sheinbaum Pardo, donde detall\u00f3 que estos autos ser\u00e1n 100 por ciento mexicanos. Olinia es esta red de autos el\u00e9ctricos que queremos construir 100 por ciento mexicanos. Ya\u00a0 est\u00e1 el proyecto de estrategia y se los vamos a presentar hoy\u201d, indic\u00f3. \u201cEste auto [&hellip;]<\/p>\n","protected":false},"author":3,"featured_media":111637,"comment_status":"open","ping_status":"open","sticky":false,"template":"","format":"standard","meta":{"_jetpack_newsletter_access":"","_jetpack_dont_email_post_to_subs":false,"_jetpack_newsletter_tier_id":0,"_jetpack_memberships_contains_paywalled_content":false,"_jetpack_feature_clip_id":0,"_jetpack_memberships_contains_paid_content":false,"footnotes":"","jetpack_publicize_message":"","jetpack_publicize_feature_enabled":true,"jetpack_social_post_already_shared":true,"jetpack_social_options":{"image_generator_settings":{"template":"highway","default_image_id":0,"font":"","enabled":false},"version":2},"jetpack_post_was_ever_published":false},"categories":[75,72],"tags":[],"class_list":["post-111635","post","type-post","status-publish","format-standard","has-post-thumbnail","hentry","category-nacional","category-portada","post--single"],"jetpack_publicize_connections":[],"jetpack_featured_media_url":"https:\/\/ovelanalista.com\/wp-content\/uploads\/2025\/01\/olinia-autos-electricos.webp","jetpack_sharing_enabled":true,"_links":{"self":[{"href":"https:\/\/ovelanalista.com\/index.php?rest_route=\/wp\/v2\/posts\/111635","targetHints":{"allow":["GET"]}}],"collection":[{"href":"https:\/\/ovelanalista.com\/index.php?rest_route=\/wp\/v2\/posts"}],"about":[{"href":"https:\/\/ovelanalista.com\/index.php?rest_route=\/wp\/v2\/types\/post"}],"author":[{"embeddable":true,"href":"https:\/\/ovelanalista.com\/index.php?rest_route=\/wp\/v2\/users\/3"}],"replies":[{"embeddable":true,"href":"https:\/\/ovelanalista.com\/index.php?rest_route=%2Fwp%2Fv2%2Fcomments&post=111635"}],"version-history":[{"count":1,"href":"https:\/\/ovelanalista.com\/index.php?rest_route=\/wp\/v2\/posts\/111635\/revisions"}],"predecessor-version":[{"id":111639,"href":"https:\/\/ovelanalista.com\/index.php?rest_route=\/wp\/v2\/posts\/111635\/revisions\/111639"}],"wp:featuredmedia":[{"embeddable":true,"href":"https:\/\/ovelanalista.com\/index.php?rest_route=\/wp\/v2\/media\/111637"}],"wp:attachment":[{"href":"https:\/\/ovelanalista.com\/index.php?rest_route=%2Fwp%2Fv2%2Fmedia&parent=111635"}],"wp:term":[{"taxonomy":"category","embeddable":true,"href":"https:\/\/ovelanalista.com\/index.php?rest_route=%2Fwp%2Fv2%2Fcategories&post=111635"},{"taxonomy":"post_tag","embeddable":true,"href":"https:\/\/ovelanalista.com\/index.php?rest_route=%2Fwp%2Fv2%2Ftags&post=111635"}],"curies":[{"name":"wp","href":"https:\/\/api.w.org\/{rel}","templated":true}]}}