{"id":111638,"date":"2025-01-06T14:00:54","date_gmt":"2025-01-06T21:00:54","guid":{"rendered":"https:\/\/ovelanalista.com\/?p=111638"},"modified":"2025-01-06T12:12:41","modified_gmt":"2025-01-06T19:12:41","slug":"obispo-denuncia-captacion-de-jovenes-como-halcones-y-sicarios-debemos-preocuparnos-dice","status":"publish","type":"post","link":"https:\/\/ovelanalista.com\/?p=111638","title":{"rendered":"Obispo denuncia captaci\u00f3n de j\u00f3venes como halcones y sicarios; \u201cdebemos preocuparnos\u201d, dice"},"content":{"rendered":"<p>El obispo de Irapuato hizo un llamado a autoridades, madres y padres de familia, a las escuelas y la Iglesia a trabajar en la prevenci\u00f3n de la violencia.<\/p>\n<p>El\u00a0<strong>obispo de la Di\u00f3cesis de Irapuato<\/strong>, Enrique D\u00edaz D\u00edaz, lament\u00f3 la creciente\u00a0<strong>violencia<\/strong>\u00a0que afecta a\u00a0los\u00a0<strong>j\u00f3venes<\/strong>, y a\u00fan m\u00e1s la que los hace part\u00edcipes.<\/p>\n<blockquote><p>La violencia cada vez m\u00e1s est\u00e1 alcanzando a menores de edad\u2026 parece que se extiende sin control\u201d, alert\u00f3.<\/p><\/blockquote>\n<p>El obispo relat\u00f3 que en sus visitas a las c\u00e1rceles se ha percatado de un creciente n\u00famero de\u00a0<strong>j\u00f3venes reclusos<\/strong>\u00a0con largas historias de\u00a0<strong>homicidios<\/strong>.<\/p>\n<blockquote><p>Es alarmante c\u00f3mo algunos han sido cooptados por el crimen organizado, transformados en halcones y sicarios\u201d, dijo.<\/p><\/blockquote>\n<p>Al sentenciar que la violencia est\u00e1 presente en todos lados, el obispo refiri\u00f3 que no solo hay que preocuparse sino \u201cocuparnos en acciones concretas\u201d.<\/p>\n<p>Hizo as\u00ed un llamado a autoridades, madres y padres de familia, a las escuelas y la Iglesia a trabajar en conjunto en la\u00a0<strong>prevenci\u00f3n<\/strong>\u00a0de la\u00a0<strong>violencia<\/strong>.<\/p>\n<div id=\"ros-inread-multiple-ng40os\" class=\"ad-container dfp-ad-unit ad-inread ad-slot\" data-ad-type=\"inreadbox\" data-slot=\"inread-multiple\" data-ad-loaded=\"1\" data-ad-setup=\"{&quot;postID&quot;:1680077,&quot;canRefresh&quot;:false,&quot;infinitescroll&quot;:false}\" data-google-query-id=\"CMz4lvDl4YoDFTakpgQdfGo7nw\"><\/div>\n<div data-ad-type=\"inreadbox\" data-slot=\"inread-multiple\" data-ad-loaded=\"1\" data-ad-setup=\"{&quot;postID&quot;:1680077,&quot;canRefresh&quot;:false,&quot;infinitescroll&quot;:false}\" data-google-query-id=\"CMz4lvDl4YoDFTakpgQdfGo7nw\">\n<blockquote><p>Es un problema que se est\u00e1 propagando con fuerza. Nos debe cuestionar a todos, \u00bfqu\u00e9 estamos haciendo para resolver esta situaci\u00f3n? No basta se\u00f1alar, cada uno tiene una responsabilidad en la construcci\u00f3n de la paz\u201d, refiri\u00f3.<\/p><\/blockquote>\n<p>Con informaci\u00f3n de El Sol de Irapuato<\/p>\n<\/div>\n","protected":false},"excerpt":{"rendered":"<p>El obispo de Irapuato hizo un llamado a autoridades, madres y padres de familia, a las escuelas y la Iglesia a trabajar en la prevenci\u00f3n de la violencia. El\u00a0obispo de la Di\u00f3cesis de Irapuato, Enrique D\u00edaz D\u00edaz, lament\u00f3 la creciente\u00a0violencia\u00a0que afecta a\u00a0los\u00a0j\u00f3venes, y a\u00fan m\u00e1s la que los hace part\u00edcipes. La violencia cada vez m\u00e1s est\u00e1 alcanzando a menores de edad\u2026 parece que se extiende sin control\u201d, alert\u00f3. El obispo relat\u00f3 que en sus visitas a las c\u00e1rceles se ha percatado de un creciente n\u00famero de\u00a0j\u00f3venes reclusos\u00a0con largas historias de\u00a0homicidios. Es alarmante c\u00f3mo algunos han sido cooptados por el crimen [&hellip;]<\/p>\n","protected":false},"author":3,"featured_media":111641,"comment_status":"open","ping_status":"open","sticky":false,"template":"","format":"standard","meta":{"_jetpack_newsletter_access":"","_jetpack_dont_email_post_to_subs":false,"_jetpack_newsletter_tier_id":0,"_jetpack_memberships_contains_paywalled_content":false,"_jetpack_feature_clip_id":0,"_jetpack_memberships_contains_paid_content":false,"footnotes":"","jetpack_publicize_message":"","jetpack_publicize_feature_enabled":true,"jetpack_social_post_already_shared":true,"jetpack_social_options":{"image_generator_settings":{"template":"highway","default_image_id":0,"font":"","enabled":false},"version":2},"jetpack_post_was_ever_published":false},"categories":[75,72],"tags":[],"class_list":["post-111638","post","type-post","status-publish","format-standard","has-post-thumbnail","hentry","category-nacional","category-portada","post--single"],"jetpack_publicize_connections":[],"jetpack_featured_media_url":"https:\/\/ovelanalista.com\/wp-content\/uploads\/2025\/01\/jose-joaquin-de-herrera-ninos-guerrero-armas-3.webp","jetpack_sharing_enabled":true,"_links":{"self":[{"href":"https:\/\/ovelanalista.com\/index.php?rest_route=\/wp\/v2\/posts\/111638","targetHints":{"allow":["GET"]}}],"collection":[{"href":"https:\/\/ovelanalista.com\/index.php?rest_route=\/wp\/v2\/posts"}],"about":[{"href":"https:\/\/ovelanalista.com\/index.php?rest_route=\/wp\/v2\/types\/post"}],"author":[{"embeddable":true,"href":"https:\/\/ovelanalista.com\/index.php?rest_route=\/wp\/v2\/users\/3"}],"replies":[{"embeddable":true,"href":"https:\/\/ovelanalista.com\/index.php?rest_route=%2Fwp%2Fv2%2Fcomments&post=111638"}],"version-history":[{"count":1,"href":"https:\/\/ovelanalista.com\/index.php?rest_route=\/wp\/v2\/posts\/111638\/revisions"}],"predecessor-version":[{"id":111642,"href":"https:\/\/ovelanalista.com\/index.php?rest_route=\/wp\/v2\/posts\/111638\/revisions\/111642"}],"wp:featuredmedia":[{"embeddable":true,"href":"https:\/\/ovelanalista.com\/index.php?rest_route=\/wp\/v2\/media\/111641"}],"wp:attachment":[{"href":"https:\/\/ovelanalista.com\/index.php?rest_route=%2Fwp%2Fv2%2Fmedia&parent=111638"}],"wp:term":[{"taxonomy":"category","embeddable":true,"href":"https:\/\/ovelanalista.com\/index.php?rest_route=%2Fwp%2Fv2%2Fcategories&post=111638"},{"taxonomy":"post_tag","embeddable":true,"href":"https:\/\/ovelanalista.com\/index.php?rest_route=%2Fwp%2Fv2%2Ftags&post=111638"}],"curies":[{"name":"wp","href":"https:\/\/api.w.org\/{rel}","templated":true}]}}