{"id":111640,"date":"2025-01-06T14:15:04","date_gmt":"2025-01-06T21:15:04","guid":{"rendered":"https:\/\/ovelanalista.com\/?p=111640"},"modified":"2025-01-06T12:14:11","modified_gmt":"2025-01-06T19:14:11","slug":"abaten-a-ocho-presuntos-criminales-en-bacum-sonora","status":"publish","type":"post","link":"https:\/\/ovelanalista.com\/?p=111640","title":{"rendered":"Abaten a ocho presuntos criminales en B\u00e1cum, Sonora"},"content":{"rendered":"<p>Ocho criminales fueron abatidos en B\u00e1cum, Sonora, emboscaron a elementos de la Agencia Ministerial de Investigaci\u00f3n Criminal (AMIC).<\/p>\n<p>Autoridades de\u00a0<strong>Sonora<\/strong>\u00a0confirmaron que\u00a0<strong>ocho criminales<\/strong>\u00a0fueron\u00a0<strong>abatidos<\/strong>\u00a0en\u00a0<strong>B\u00e1cum<\/strong>, regi\u00f3n sur de la entidad.<\/p>\n<p><a href=\"https:\/\/x.com\/fgjesonora\/status\/1876034591053521012?ref_src=twsrc%5Etfw%7Ctwcamp%5Etweetembed%7Ctwterm%5E1876034591053521012%7Ctwgr%5E93df6e813729f712e1814aa555242aca1b98a68b%7Ctwcon%5Es1_c10&amp;ref_url=https%3A%2F%2Flopezdoriga.com%2Fnacional%2Fabaten-ocho-presuntos-criminales-bacum-sonora%2F\">https:\/\/x.com\/fgjesonora\/status\/1876034591053521012?ref_src=twsrc%5Etfw%7Ctwcamp%5Etweetembed%7Ctwterm%5E1876034591053521012%7Ctwgr%5E93df6e813729f712e1814aa555242aca1b98a68b%7Ctwcon%5Es1_c10&amp;ref_url=https%3A%2F%2Flopezdoriga.com%2Fnacional%2Fabaten-ocho-presuntos-criminales-bacum-sonora%2F<\/a><\/p>\n<p>En redes sociales, la Fiscal\u00eda de la entidad apunt\u00f3 que la tarde del pasado s\u00e1bado 4 de enero se registr\u00f3 una agresi\u00f3n en contra de elementos de la Agencia Ministerial de Investigaci\u00f3n Criminal (AMIC) en el citado municipio, el cual fue repelido.<\/p>\n<blockquote><p>Se neutralizaron a ocho sujetos generadores de violencia en la regi\u00f3n\u201d, destac\u00f3 en el comunicado.<\/p><\/blockquote>\n<p>La autoridad enfatiz\u00f3 que entre las personas neutralizadas se encontraban\u00a0<strong>Jos\u00e9 Alonso Borb\u00f3n Ortiz<\/strong>, alias\u00a0<em><strong>Chapo Valle<\/strong><\/em>, y<strong>\u00a0Brandon Antonio Garc\u00eda Cejudo<\/strong>, tambi\u00e9n conocido como\u00a0<em><strong>Sipi<\/strong><\/em>, quienes eran los objetivos criminales que contaban con orden de aprehensi\u00f3n.<\/p>\n<p>\u201cA las 15:10 h de ese d\u00eda se efectuaba un operativo con el objetivo de ubicar y detener a dos objetivos criminales, quienes contaban con \u00f3rdenes de aprehensi\u00f3n vigentes por los delitos de asociaci\u00f3n delictuosa y desaparici\u00f3n cometida por particulares en n\u00famero de cuatro, con resultado de muerte\u201d, explic\u00f3.<\/p>\n<p>\u201cEn el marco de estas acciones, agentes de la AMIC se dispon\u00edan a cumplimentar el mandato judicial cuando desde de dos viviendas fueron agredidos con armas de fuego, posteriormente detectaron un veh\u00edculo tipo pick-up, marca Toyota Tacoma, de color blanco, cuatro puertas, en San Jos\u00e9 de B\u00e1cum en el cual hu\u00edan\u201d, puntualiz\u00f3.<\/p>\n<p>La Fiscal\u00eda de Sonora recalc\u00f3 que la persecuci\u00f3n termin\u00f3 cerca de un canal de riego.<\/p>\n<p>\u201cLos agentes lograron neutralizar a los agresores y se constat\u00f3 que ocho de estos \u00faltimos resultaron lesionados y tras ser atendidos por param\u00e9dicos de la Cruz Roja, se confirm\u00f3 que ya no contaban con signos vitales\u201d, se inform\u00f3.<\/p>\n<p>En el lugar de los hechos fueron aseguradas cuatro armas largas AK-47 con varios cargadores, un arma larga tipo AR-15, calibre .223 tambi\u00e9n con cargadores, as\u00ed como varios envoltorios con metanfetamina.<\/p>\n<p>Tambi\u00e9n se localizaron m\u00faltiples casquillos percutidos de diferentes calibres y un veh\u00edculo Toyota Tacoma, con reporte de robo desde el 26 de noviembre de 2024.<\/p>\n<div id=\"ros-inread-multiple-zs4r28\" class=\"ad-container dfp-ad-unit ad-inread ad-slot\" data-ad-type=\"inreadbox\" data-slot=\"inread-multiple\" data-ad-loaded=\"1\" data-ad-setup=\"{&quot;postID&quot;:1680035,&quot;canRefresh&quot;:false,&quot;infinitescroll&quot;:false}\" data-google-query-id=\"CMLg197m4YoDFX20pgQd-gQyMw\">Con informaci\u00f3n de L\u00f3pez-D\u00f3riga Digital<\/div>\n<div data-ad-type=\"inreadbox\" data-slot=\"inread-multiple\" data-ad-loaded=\"1\" data-ad-setup=\"{&quot;postID&quot;:1680035,&quot;canRefresh&quot;:false,&quot;infinitescroll&quot;:false}\" data-google-query-id=\"CMLg197m4YoDFX20pgQd-gQyMw\"><\/div>\n","protected":false},"excerpt":{"rendered":"<p>Ocho criminales fueron abatidos en B\u00e1cum, Sonora, emboscaron a elementos de la Agencia Ministerial de Investigaci\u00f3n Criminal (AMIC). Autoridades de\u00a0Sonora\u00a0confirmaron que\u00a0ocho criminales\u00a0fueron\u00a0abatidos\u00a0en\u00a0B\u00e1cum, regi\u00f3n sur de la entidad. https:\/\/x.com\/fgjesonora\/status\/1876034591053521012?ref_src=twsrc%5Etfw%7Ctwcamp%5Etweetembed%7Ctwterm%5E1876034591053521012%7Ctwgr%5E93df6e813729f712e1814aa555242aca1b98a68b%7Ctwcon%5Es1_c10&amp;ref_url=https%3A%2F%2Flopezdoriga.com%2Fnacional%2Fabaten-ocho-presuntos-criminales-bacum-sonora%2F En redes sociales, la Fiscal\u00eda de la entidad apunt\u00f3 que la tarde del pasado s\u00e1bado 4 de enero se registr\u00f3 una agresi\u00f3n en contra de elementos de la Agencia Ministerial de Investigaci\u00f3n Criminal (AMIC) en el citado municipio, el cual fue repelido. Se neutralizaron a ocho sujetos generadores de violencia en la regi\u00f3n\u201d, destac\u00f3 en el comunicado. La autoridad enfatiz\u00f3 que entre las personas neutralizadas se encontraban\u00a0Jos\u00e9 Alonso Borb\u00f3n Ortiz, alias\u00a0Chapo Valle, [&hellip;]<\/p>\n","protected":false},"author":3,"featured_media":111643,"comment_status":"open","ping_status":"open","sticky":false,"template":"","format":"standard","meta":{"_jetpack_newsletter_access":"","_jetpack_dont_email_post_to_subs":false,"_jetpack_newsletter_tier_id":0,"_jetpack_memberships_contains_paywalled_content":false,"_jetpack_feature_clip_id":0,"_jetpack_memberships_contains_paid_content":false,"footnotes":"","jetpack_publicize_message":"","jetpack_publicize_feature_enabled":true,"jetpack_social_post_already_shared":true,"jetpack_social_options":{"image_generator_settings":{"template":"highway","default_image_id":0,"font":"","enabled":false},"version":2},"jetpack_post_was_ever_published":false},"categories":[75,72],"tags":[],"class_list":["post-111640","post","type-post","status-publish","format-standard","has-post-thumbnail","hentry","category-nacional","category-portada","post--single"],"jetpack_publicize_connections":[],"jetpack_featured_media_url":"https:\/\/ovelanalista.com\/wp-content\/uploads\/2025\/01\/sonora-bacum-ocho-criminales-abatidos.webp","jetpack_sharing_enabled":true,"_links":{"self":[{"href":"https:\/\/ovelanalista.com\/index.php?rest_route=\/wp\/v2\/posts\/111640","targetHints":{"allow":["GET"]}}],"collection":[{"href":"https:\/\/ovelanalista.com\/index.php?rest_route=\/wp\/v2\/posts"}],"about":[{"href":"https:\/\/ovelanalista.com\/index.php?rest_route=\/wp\/v2\/types\/post"}],"author":[{"embeddable":true,"href":"https:\/\/ovelanalista.com\/index.php?rest_route=\/wp\/v2\/users\/3"}],"replies":[{"embeddable":true,"href":"https:\/\/ovelanalista.com\/index.php?rest_route=%2Fwp%2Fv2%2Fcomments&post=111640"}],"version-history":[{"count":1,"href":"https:\/\/ovelanalista.com\/index.php?rest_route=\/wp\/v2\/posts\/111640\/revisions"}],"predecessor-version":[{"id":111644,"href":"https:\/\/ovelanalista.com\/index.php?rest_route=\/wp\/v2\/posts\/111640\/revisions\/111644"}],"wp:featuredmedia":[{"embeddable":true,"href":"https:\/\/ovelanalista.com\/index.php?rest_route=\/wp\/v2\/media\/111643"}],"wp:attachment":[{"href":"https:\/\/ovelanalista.com\/index.php?rest_route=%2Fwp%2Fv2%2Fmedia&parent=111640"}],"wp:term":[{"taxonomy":"category","embeddable":true,"href":"https:\/\/ovelanalista.com\/index.php?rest_route=%2Fwp%2Fv2%2Fcategories&post=111640"},{"taxonomy":"post_tag","embeddable":true,"href":"https:\/\/ovelanalista.com\/index.php?rest_route=%2Fwp%2Fv2%2Ftags&post=111640"}],"curies":[{"name":"wp","href":"https:\/\/api.w.org\/{rel}","templated":true}]}}