{"id":111647,"date":"2025-01-06T14:45:51","date_gmt":"2025-01-06T21:45:51","guid":{"rendered":"https:\/\/ovelanalista.com\/?p=111647"},"modified":"2025-01-06T12:18:05","modified_gmt":"2025-01-06T19:18:05","slug":"es-parte-de-una-revision-de-su-plan-sheinbaum-sobre-reduccion-de-8-rutas-en-mexicana-de-aviacion","status":"publish","type":"post","link":"https:\/\/ovelanalista.com\/?p=111647","title":{"rendered":"\u201cEs parte de una revisi\u00f3n de su plan\u201d: Sheinbaum sobre reducci\u00f3n de 8 rutas en Mexicana de Aviaci\u00f3n"},"content":{"rendered":"<p>La presidenta Claudia Sheinbaum dej\u00f3 en claro este lunes que Mexicana de Aviaci\u00f3n \u201cseguir\u00e1 volando\u201d y siendo del pueblo de m\u00e9xico.<\/p>\n<p class=\"p1\">La presidenta\u00a0<a href=\"https:\/\/x.com\/Claudiashein\" target=\"_blank\" rel=\"noreferrer noopener\"><span class=\"s1\"><b>Claudia<\/b><\/span><\/a><b>\u00a0Sheinbaum Pardo<\/b>\u00a0explic\u00f3 este lunes que la<a href=\"https:\/\/lopezdoriga.com\/economia-y-finanzas\/mexicana-de-aviacion-dejara-operar-ocho-rutas-6-enero-2025\/\" target=\"_blank\" rel=\"noopener\"><strong>\u00a0reducci\u00f3n de rutas<\/strong><\/a>\u00a0de la aerol\u00ednea\u00a0<strong>Mexicana de Aviaci\u00f3n<\/strong>\u00a0corresponde a una\u00a0<strong>revisi\u00f3n<\/strong>\u00a0del<strong>\u00a0plan estrat\u00e9gico<\/strong> de la empresa para este nuevo a\u00f1o.<\/p>\n<p><iframe loading=\"lazy\" title=\"Olinia, estrategia de producci\u00f3n de autos el\u00e9ctricos mexicanos. Conferencia presidenta Sheinbaum\" width=\"1200\" height=\"675\" src=\"https:\/\/www.youtube.com\/embed\/ecq9n8Doa8Q?feature=oembed\" frameborder=\"0\" allow=\"accelerometer; autoplay; clipboard-write; encrypted-media; gyroscope; picture-in-picture; web-share\" referrerpolicy=\"strict-origin-when-cross-origin\" allowfullscreen><\/iframe><\/p>\n<p>En la conferencia matutina de Palacio Nacional, Sheinbaum Pardo dej\u00f3 en claro que dicha aerol\u00ednea estatal \u201cseguir\u00e1 volando\u201d y que esta semana le ser\u00e1 presentado un nuevo plan maestro de la empresa.<\/p>\n<p>\u201cEst\u00e1n haciendo una revisi\u00f3n, algunos de los aviones son rentados entonces tienen que renovar esta renta, van a llegar los nuevos aviones y como en cualquier empresa se est\u00e1 haciendo una revisi\u00f3n cu\u00e1les son las rutas que tuvieron m\u00e1s pasajeros, cu\u00e1les menos\u201d, destac\u00f3.<\/p>\n<blockquote><p>Esta misma semana me van a presentar el plan maestro de la empresa. Mexicana va seguir siendo la empresa del pueblo de M\u00e9xico, seguir volando y no hay nada m\u00e1s que sencillamente una revisi\u00f3n de su plan estrat\u00e9gico para el 2025\u2033, extern\u00f3.<\/p><\/blockquote>\n<p>Mexicana de Aviaci\u00f3n, aerol\u00ednea del Estado operada por el Ej\u00e9rcito, anunci\u00f3 en la previa que dejar\u00e1 de operar ocho rutas a partir de este lunes 6 de enero.<\/p>\n<p>En un aviso publicado en su p\u00e1gina web, la empresa inform\u00f3 que dejar\u00e1 de volar a Acapulco, Campeche, Guadalajara, Ixtapa, Nuevo Laredo, Puerto Vallarta, Uruapan y Villahermosa, sin dar mayores detalles sobre el cese de operaciones hacia esos destinos.<\/p>\n<p>Apenas el pasado 26 de diciembre,\u00a0<strong>Leobardo \u00c1vila Boj\u00f3rquez,<\/strong>\u00a0director de Mexicana de Aviaci\u00f3n, renovada durante la administraci\u00f3n del expresidente Andr\u00e9s Manuel L\u00f3pez Obrador (2018-2024), inform\u00f3 que la aerol\u00ednea hab\u00eda transportado en un a\u00f1o de operaciones a 382 mil 11 pasajeros, cerca del 13 por ciento de su meta de 3 millones anuales planteada para 2027.<\/p>\n<p>Adem\u00e1s, anunci\u00f3 la llegada de cinco nuevos aviones Embraer desde Brasil para este 2025.<\/p>\n<p>La compa\u00f1\u00eda a\u00e9rea, con una inversi\u00f3n inicial de cuatro mil millones de pesos (casi 194 millones de d\u00f3lares), empez\u00f3 con tres aviones Boeing 737-800 propios y dos Embraer alquilados, con la promesa de rentar cinco m\u00e1s en el primer bimestre de 2024 y la fabricaci\u00f3n de aeronaves Boeing.<\/p>\n<p>Con informaci\u00f3n de L\u00f3pez-D\u00f3riga Digital<\/p>\n","protected":false},"excerpt":{"rendered":"<p>La presidenta Claudia Sheinbaum dej\u00f3 en claro este lunes que Mexicana de Aviaci\u00f3n \u201cseguir\u00e1 volando\u201d y siendo del pueblo de m\u00e9xico. La presidenta\u00a0Claudia\u00a0Sheinbaum Pardo\u00a0explic\u00f3 este lunes que la\u00a0reducci\u00f3n de rutas\u00a0de la aerol\u00ednea\u00a0Mexicana de Aviaci\u00f3n\u00a0corresponde a una\u00a0revisi\u00f3n\u00a0del\u00a0plan estrat\u00e9gico de la empresa para este nuevo a\u00f1o. En la conferencia matutina de Palacio Nacional, Sheinbaum Pardo dej\u00f3 en claro que dicha aerol\u00ednea estatal \u201cseguir\u00e1 volando\u201d y que esta semana le ser\u00e1 presentado un nuevo plan maestro de la empresa. \u201cEst\u00e1n haciendo una revisi\u00f3n, algunos de los aviones son rentados entonces tienen que renovar esta renta, van a llegar los nuevos aviones y como [&hellip;]<\/p>\n","protected":false},"author":3,"featured_media":111649,"comment_status":"open","ping_status":"open","sticky":false,"template":"","format":"standard","meta":{"_jetpack_newsletter_access":"","_jetpack_dont_email_post_to_subs":false,"_jetpack_newsletter_tier_id":0,"_jetpack_memberships_contains_paywalled_content":false,"_jetpack_feature_clip_id":0,"_jetpack_memberships_contains_paid_content":false,"footnotes":"","jetpack_publicize_message":"","jetpack_publicize_feature_enabled":true,"jetpack_social_post_already_shared":true,"jetpack_social_options":{"image_generator_settings":{"template":"highway","default_image_id":0,"font":"","enabled":false},"version":2},"jetpack_post_was_ever_published":false},"categories":[75,72],"tags":[],"class_list":["post-111647","post","type-post","status-publish","format-standard","has-post-thumbnail","hentry","category-nacional","category-portada","post--single"],"jetpack_publicize_connections":[],"jetpack_featured_media_url":"https:\/\/ovelanalista.com\/wp-content\/uploads\/2025\/01\/mexicana-de-aviacion.webp","jetpack_sharing_enabled":true,"_links":{"self":[{"href":"https:\/\/ovelanalista.com\/index.php?rest_route=\/wp\/v2\/posts\/111647","targetHints":{"allow":["GET"]}}],"collection":[{"href":"https:\/\/ovelanalista.com\/index.php?rest_route=\/wp\/v2\/posts"}],"about":[{"href":"https:\/\/ovelanalista.com\/index.php?rest_route=\/wp\/v2\/types\/post"}],"author":[{"embeddable":true,"href":"https:\/\/ovelanalista.com\/index.php?rest_route=\/wp\/v2\/users\/3"}],"replies":[{"embeddable":true,"href":"https:\/\/ovelanalista.com\/index.php?rest_route=%2Fwp%2Fv2%2Fcomments&post=111647"}],"version-history":[{"count":1,"href":"https:\/\/ovelanalista.com\/index.php?rest_route=\/wp\/v2\/posts\/111647\/revisions"}],"predecessor-version":[{"id":111651,"href":"https:\/\/ovelanalista.com\/index.php?rest_route=\/wp\/v2\/posts\/111647\/revisions\/111651"}],"wp:featuredmedia":[{"embeddable":true,"href":"https:\/\/ovelanalista.com\/index.php?rest_route=\/wp\/v2\/media\/111649"}],"wp:attachment":[{"href":"https:\/\/ovelanalista.com\/index.php?rest_route=%2Fwp%2Fv2%2Fmedia&parent=111647"}],"wp:term":[{"taxonomy":"category","embeddable":true,"href":"https:\/\/ovelanalista.com\/index.php?rest_route=%2Fwp%2Fv2%2Fcategories&post=111647"},{"taxonomy":"post_tag","embeddable":true,"href":"https:\/\/ovelanalista.com\/index.php?rest_route=%2Fwp%2Fv2%2Ftags&post=111647"}],"curies":[{"name":"wp","href":"https:\/\/api.w.org\/{rel}","templated":true}]}}