{"id":111650,"date":"2025-01-06T15:00:39","date_gmt":"2025-01-06T22:00:39","guid":{"rendered":"https:\/\/ovelanalista.com\/?p=111650"},"modified":"2025-01-06T12:26:18","modified_gmt":"2025-01-06T19:26:18","slug":"revelan-video-de-sujetos-que-perpetraron-masacre-en-bar-de-villahermosa","status":"publish","type":"post","link":"https:\/\/ovelanalista.com\/?p=111650","title":{"rendered":"Revelan video de sujetos que perpetraron masacre en bar de Villahermosa"},"content":{"rendered":"<p>El gobernador de Tabasco asegur\u00f3 que ya se tiene identificado al grupo criminal involucrado en la masacre en el bar.<\/p>\n<p>Un d\u00eda despu\u00e9s de la\u00a0<strong>masacre<\/strong>\u00a0al interior de un\u00a0<strong>bar<\/strong>\u00a0en\u00a0<strong>Tabasco<\/strong>\u00a0que dej\u00f3\u00a0<a href=\"https:\/\/lopezdoriga.com\/nacional\/suman-siete-muertos-ataque-bar-villahermosa-tabasco\/\" target=\"_blank\" rel=\"noopener\">siete personas muertas<\/a>\u00a0se revel\u00f3 un video de los responsables.<\/p>\n<blockquote class=\"twitter-tweet\" data-width=\"550\" data-dnt=\"true\">\n<p lang=\"es\" dir=\"ltr\"><a href=\"https:\/\/twitter.com\/hashtag\/ReporteRojo?src=hash&amp;ref_src=twsrc%5Etfw\">#ReporteRojo<\/a> <a href=\"https:\/\/twitter.com\/hashtag\/Tabasco?src=hash&amp;ref_src=twsrc%5Etfw\">#Tabasco<\/a> <a href=\"https:\/\/twitter.com\/hashtag\/videoviral?src=hash&amp;ref_src=twsrc%5Etfw\">#videoviral<\/a> <\/p>\n<p>\ud83d\udca5Ser\u00edan del <a href=\"https:\/\/twitter.com\/hashtag\/CJNG?src=hash&amp;ref_src=twsrc%5Etfw\">#CJNG<\/a>, autores de la masacre<\/p>\n<p>\ud83d\udea8<a href=\"https:\/\/twitter.com\/hashtag\/Villahermosa?src=hash&amp;ref_src=twsrc%5Etfw\">#Villahermosa<\/a> | Circula <a href=\"https:\/\/twitter.com\/hashtag\/video?src=hash&amp;ref_src=twsrc%5Etfw\">#video<\/a> de la llegada del comando armado que atac\u00f3 el <a href=\"https:\/\/twitter.com\/hashtag\/BarAzul?src=hash&amp;ref_src=twsrc%5Etfw\">#BarAzul<\/a> cobrando la vida de 7 personas; fueron al menos 12 <a href=\"https:\/\/twitter.com\/hashtag\/sicarios?src=hash&amp;ref_src=twsrc%5Etfw\">#sicarios<\/a> en cuatro veh\u00edculos los que cometieron el crimen <a href=\"https:\/\/t.co\/eCCaqCfoPy\">pic.twitter.com\/eCCaqCfoPy<\/a><\/p>\n<p>&mdash; Reporte Maya (@ReporteMayaMX) <a href=\"https:\/\/twitter.com\/ReporteMayaMX\/status\/1876087982849192259?ref_src=twsrc%5Etfw\">January 6, 2025<\/a><\/p><\/blockquote>\n<p><script async src=\"https:\/\/platform.twitter.com\/widgets.js\" charset=\"utf-8\"><\/script><\/p>\n<p>Una c\u00e1mara de seguridad capt\u00f3 la llegada al\u00a0<strong>bar \u2018La Casita Azul\u2019<\/strong>\u00a0de\u00a0<strong>dos autom\u00f3viles<\/strong>, de los que descendieron al menos seis hombres armados.<\/p>\n<p>Algunos de los delincuentes ingresaron al bar y\u00a0<strong>dispararon<\/strong>\u00a0en repetidas ocasiones, siendo cubiertos por quienes se quedaron afuera.<\/p>\n<p>Instantes despu\u00e9s un tercer auto aparece en escena, cuyos ocupantes tambi\u00e9n se bajan para disparar desde el otro lado de la calle.<\/p>\n<p>Se presume que un cuarto veh\u00edculo estuvo involucrado en el acto, mismo que arranca despu\u00e9s de que los tres principales huyen del lugar.<\/p>\n<p>El gobernador Javier May inform\u00f3 en conferencia de prensa que el\u00a0<strong>bar<\/strong>\u00a0operaba de forma\u00a0<strong>clandestina<\/strong>\u00a0en una casa,<strong>\u00a0sin licencia<\/strong>\u00a0para vender alcohol.<\/p>\n<p>Afirm\u00f3 que ya se tiene identificado al\u00a0<strong>grupo criminal<\/strong>\u00a0responsable y argument\u00f3 una disputa por el\u00a0<strong>control de la plaza<\/strong>.<\/p>\n<blockquote><p>Son los dos grupos antag\u00f3nicos que est\u00e1n en el estado, que se est\u00e1n enfrentando por el control del mercado, de la venta de droga\u201d, refiri\u00f3.<\/p><\/blockquote>\n<p>Con informaci\u00f3n de L\u00f3pez-D\u00f3riga Digital<\/p>\n","protected":false},"excerpt":{"rendered":"<p>El gobernador de Tabasco asegur\u00f3 que ya se tiene identificado al grupo criminal involucrado en la masacre en el bar. Un d\u00eda despu\u00e9s de la\u00a0masacre\u00a0al interior de un\u00a0bar\u00a0en\u00a0Tabasco\u00a0que dej\u00f3\u00a0siete personas muertas\u00a0se revel\u00f3 un video de los responsables. #ReporteRojo #Tabasco #videoviral \ud83d\udca5Ser\u00edan del #CJNG, autores de la masacre \ud83d\udea8#Villahermosa | Circula #video de la llegada del comando armado que atac\u00f3 el #BarAzul cobrando la vida de 7 personas; fueron al menos 12 #sicarios en cuatro veh\u00edculos los que cometieron el crimen pic.twitter.com\/eCCaqCfoPy &mdash; Reporte Maya (@ReporteMayaMX) January 6, 2025 Una c\u00e1mara de seguridad capt\u00f3 la llegada al\u00a0bar \u2018La Casita Azul\u2019\u00a0de\u00a0dos autom\u00f3viles, [&hellip;]<\/p>\n","protected":false},"author":3,"featured_media":111652,"comment_status":"open","ping_status":"open","sticky":false,"template":"","format":"standard","meta":{"_jetpack_newsletter_access":"","_jetpack_dont_email_post_to_subs":false,"_jetpack_newsletter_tier_id":0,"_jetpack_memberships_contains_paywalled_content":false,"_jetpack_feature_clip_id":0,"_jetpack_memberships_contains_paid_content":false,"footnotes":"","jetpack_publicize_message":"","jetpack_publicize_feature_enabled":true,"jetpack_social_post_already_shared":true,"jetpack_social_options":{"image_generator_settings":{"template":"highway","default_image_id":0,"font":"","enabled":false},"version":2},"jetpack_post_was_ever_published":false},"categories":[75,72],"tags":[],"class_list":["post-111650","post","type-post","status-publish","format-standard","has-post-thumbnail","hentry","category-nacional","category-portada","post--single"],"jetpack_publicize_connections":[],"jetpack_featured_media_url":"https:\/\/ovelanalista.com\/wp-content\/uploads\/2025\/01\/la-casita-azul-masacre-villahermosa-tabasco-1.webp","jetpack_sharing_enabled":true,"_links":{"self":[{"href":"https:\/\/ovelanalista.com\/index.php?rest_route=\/wp\/v2\/posts\/111650","targetHints":{"allow":["GET"]}}],"collection":[{"href":"https:\/\/ovelanalista.com\/index.php?rest_route=\/wp\/v2\/posts"}],"about":[{"href":"https:\/\/ovelanalista.com\/index.php?rest_route=\/wp\/v2\/types\/post"}],"author":[{"embeddable":true,"href":"https:\/\/ovelanalista.com\/index.php?rest_route=\/wp\/v2\/users\/3"}],"replies":[{"embeddable":true,"href":"https:\/\/ovelanalista.com\/index.php?rest_route=%2Fwp%2Fv2%2Fcomments&post=111650"}],"version-history":[{"count":1,"href":"https:\/\/ovelanalista.com\/index.php?rest_route=\/wp\/v2\/posts\/111650\/revisions"}],"predecessor-version":[{"id":111653,"href":"https:\/\/ovelanalista.com\/index.php?rest_route=\/wp\/v2\/posts\/111650\/revisions\/111653"}],"wp:featuredmedia":[{"embeddable":true,"href":"https:\/\/ovelanalista.com\/index.php?rest_route=\/wp\/v2\/media\/111652"}],"wp:attachment":[{"href":"https:\/\/ovelanalista.com\/index.php?rest_route=%2Fwp%2Fv2%2Fmedia&parent=111650"}],"wp:term":[{"taxonomy":"category","embeddable":true,"href":"https:\/\/ovelanalista.com\/index.php?rest_route=%2Fwp%2Fv2%2Fcategories&post=111650"},{"taxonomy":"post_tag","embeddable":true,"href":"https:\/\/ovelanalista.com\/index.php?rest_route=%2Fwp%2Fv2%2Ftags&post=111650"}],"curies":[{"name":"wp","href":"https:\/\/api.w.org\/{rel}","templated":true}]}}