{"id":111657,"date":"2025-01-07T09:43:26","date_gmt":"2025-01-07T16:43:26","guid":{"rendered":"https:\/\/ovelanalista.com\/?p=111657"},"modified":"2025-01-07T09:43:26","modified_gmt":"2025-01-07T16:43:26","slug":"prevaricacion-en-la-fiscalia-de-la-cdmx-f-norona-los-delata","status":"publish","type":"post","link":"https:\/\/ovelanalista.com\/?p=111657","title":{"rendered":"Prevaricaci\u00f3n en la Fiscal\u00eda de la CDMX; F. Noro\u00f1a los delata"},"content":{"rendered":"<p><strong>H\u00e9ctor Calder\u00f3n Hallal<\/strong><\/p>\n<p>Ha quedado descubierta la verdadera intencionalidad de aquella\u00a0\u201cburda peonada\u201d\u00a0pretendida por la\u00a0Jefatura de Gobierno de la CDMX, a trav\u00e9s de Ulises Lara, el encargado de despacho de la Fiscal\u00eda General de Justicia de la CDMX, el\u00a0pasado\u00a015 de agosto,\u00a0en favor del exgobernador de extracci\u00f3n panista chihuahuense,\u00a0Javier Corral,\u00a0a quien se propon\u00edan esconder y poner lejos del alcance de la pretensi\u00f3n punitiva del\u00a0Gobierno del Estado de Chihuahua,\u00a0que lo busca desde entonces por el delito de peculado.<br \/>\nFue en un restaurante de la colonia Roma de la capital de la Rep\u00fablica, donde\u00a0agentes de la Fiscal\u00eda Estatal de Justicia de Chihuahua pretendieron arrestar al exmandatario por el delito arriba citado,\u00a0haciendo v\u00e1lido un medio de comunicaci\u00f3n en forma de Exhorto y tambi\u00e9n a trav\u00e9s de comunicaci\u00f3n expedita mediante la frecuencia de telecomunicaciones oficial (v\u00eda radio) y de manera personal, el titular de la dependencia, el propio Ulises Lara; para as\u00ed dar cumplimiento cabal al\u00a0art\u00edculo 75 del C\u00f3digo Nacional de Procedimientos Penales.<br \/>\nEsa ley adjetiva penal vigente cita textualmente que:\u00a0\u201cCuando tengan que practicarse actos procesales fuera del \u00e1mbito territorial del \u00d3rgano jurisdiccional que conozca del asunto (en este caso fuera de Chihuahua, en territorio de la CDMX, entidades que suscribieron convenios de colaboraci\u00f3n como todas las entidades del pa\u00eds entre s\u00ed)\u2026 \u00e9ste solicitar\u00e1 su cumplimiento por medio de exhorto, si la autoridad requerida es de la misma jerarqu\u00eda que la requirente, o por medio de requisitoria, si \u00e9sta es inferior. La comunicaci\u00f3n que deba hacerse a autoridades no judiciales se har\u00e1 por cualquier medio de comunicaci\u00f3n expedito y seguro que garantice su autenticidad, siendo aplicable en lo conducente lo previsto en el art\u00edculo siguiente\u201d\u00a0\u2026 Dicho art\u00edculo,\u00a0el 76, establece entonces que \u201cPara el env\u00edo de oficios, exhortos o requisitorias, el \u00d3rgano jurisdiccional, el Ministerio P\u00fablico, o la Polic\u00eda, podr\u00e1n emplear cualquier medio de comunicaci\u00f3n id\u00f3neo y \u00e1gil que ofrezca las condiciones razonables de seguridad, de autenticidad y de confirmaci\u00f3n posterior en caso de ser necesario, debiendo expresarse, con toda claridad, la actuaci\u00f3n que ha de practicarse, el nombre del imputado si fuere posible, el delito de que se trate, el n\u00famero \u00fanico de causa, as\u00ed como el fundamento de la providencia y, en caso necesario, el aviso de que se mandar\u00e1 la informaci\u00f3n: el oficio de colaboraci\u00f3n y el exhorto o requisitoria que ratifique el mensaje. La autoridad requirente deber\u00e1 cerciorarse de que el requerido recibi\u00f3 la comunicaci\u00f3n que se le dirigi\u00f3 y el receptor resolver\u00e1 lo conducente, acreditando el origen de la petici\u00f3n y la urgencia de su atenci\u00f3n\u201d.<br \/>\nAs\u00ed entonces, la respuesta y justificaci\u00f3n que dio al llegar al lugar el fiscal en funciones Ulises Lara, en aquella fecha de agosto, para notificarle a los agentes de Chihuahua que \u201cno pod\u00edan ejecutar la orden de aprehensi\u00f3n\u201d contra el panista Javier Corral, ante la opini\u00f3n p\u00fablica \u00a0y luego del esc\u00e1ndalo medi\u00e1tico como vecinal, producido por el altercado en el Restaurante Gin-Gin, fue por dem\u00e1s absurda, neur\u00f3tica, carente de profesionalismo:\u00a0\u201cEn la FGJCDMX hemos decidido \u201cno colaborar\u201d, refiri\u00e9ndose a un oficio enviado por las autoridades de Chihuahua en el que contemplan seis d\u00edas para estar en la Ciudad de M\u00e9xico y en ese lapso\u2026 sin precisarle a la autoridad requisitada la fecha exacta por raz\u00f3n de la naturaleza de la operaci\u00f3n\u2026 detener a Corral.<br \/>\n\u00bfQu\u00e9 parte es la que atenta con la normatividad o es poco clara o convencional, seg\u00fan los requisitos establecidos en los art\u00edculos 75 y 76 del C\u00f3digo Nacional de Procedimientos Penales?<br \/>\n\u201cUna cosa es recibirlo y otra es que ustedes hayan arriesgado as\u00ed sin actuar\u201d,\u00a0se escucha decir al titular de la otrora Procuradur\u00eda capitalina.<br \/>\n\u201cUstedes nos ingresaron este documento el d\u00eda de hoy, 14 de agosto, nada m\u00e1s lo dimos como recibido, pero no hemos respondido para que ustedes puedan actuar en la Ciudad de M\u00e9xico\u201d, remat\u00f3 el funcionario capitalino.<br \/>\nSon aut\u00e9nticos pretextos para esconder su aut\u00e9ntica intencionalidad, que es privilegiar el criterio de la \u201cgrilla barata\u201d \u2026. Como todo lo que hacen estos gobiernos emanados de la autoproclamada \u201cCuatrot\u00e9\u201d.<br \/>\nSi la sospecha de que era una jugada para\u00a0\u201csalvarle el pellejo\u201d\u00a0a un senador de extracci\u00f3n panista ya estaba en la opini\u00f3n p\u00fablica, la infidencia del\u00a0senador Gerardo Fern\u00e1ndez Noro\u00f1a\u00a0ayer por la tarde, termin\u00f3 por confirmar y hacer v\u00e1lida la especie de que\u00a0fueron capaces de desobedecer la ley y cometer el delito del rubro de la prevaricaci\u00f3n, con tal de construir la mayor\u00eda en la C\u00e1mara de Senadores y aplastar cualquier voz discordante a su proyecto \u201ctransformador\u201d.<br \/>\nY es que al senador Javier Corral, \u00a0a quien ten\u00edan ya en la bolsa desde entonces para que \u201chiciera mont\u00f3n\u201d a favor de Morena y aliados en la votaci\u00f3n del Congreso\u2026 el presidente de la Mesa Directiva del Senado, Fern\u00e1ndez Noro\u00f1a le reproch\u00f3 deliberadamente ayer tarde desde una entrevista de prensa, que \u201cera un malagradecido, al haber votado en contra de la propuesta de Morena y aliados para desaparecer los \u00f3rganos aut\u00f3nomos el pasado 28 de noviembre\u201d, a cambio de toda clase de impunidad -como en este caso- \u2026.a cambio de subestimar el peso del dictado de la ley misma en el caso de la existencia de un delito y\u00a0al estar siendo perseguido por la Representaci\u00f3n Social de una entidad,\u00a0enfrente la obstrucci\u00f3n de justicia de parte de otra autoridad de su mismo nivel\u2026 aun cuando la autoridad obstructora tenga pleno conocimiento de la gravedad (punible) de la conducta que observa\u2026 pero sobre todo, por que la esencia (o esp\u00edritu del legislador) de la ley en todo momento en que hace una alusi\u00f3n a una detenci\u00f3n urgente por delito comprobado, es que el ordenamiento supremo dicta que debe ponerse inmediatamente (en el acto) a disposici\u00f3n de la autoridad competente al imputado.<br \/>\nEl senador Fern\u00e1ndez Noro\u00f1a le mand\u00f3 decir a\u00a0Javier Corral: \u201cApenas se integra al movimiento y no quiere darse cuenta que manda mensajes equ\u00edvocos. Te acaban de salvar de que te metieran a la c\u00e1rcel porque Maru Campos, la gobernadora iba con todo, estuvo a punto, no debes mandar ning\u00fan mensaje equ\u00edvoco que pareciera, pues s\u00ed lo voy a decir\u2026 que pareciera que uno es malagradecido\u201d, dijo en su videoconferencia habitual.<br \/>\nAunque luego, tal cual es su costumbre y en entrevista posterior, con minutos de diferencia, el pol\u00e9mico soci\u00f3logo y senador capitalino se desdijo y matiz\u00f3 lo que declar\u00f3:\u00a0\u201cNo, yo no dije textualmente que Javier Corral era un malagradecido\u201d\u00a0\u2026 como siempre los protagonistas de Morena, todo lo quieren arreglar a base de \u201cverdades a medias\u2026 de las verdades aparentes\u201d\u2026 son los\u00a0\u201ccampeones mundiales del sofisma en espa\u00f1ol\u201d.<br \/>\n\u201cLamento las declaraciones de Gerardo, me parecen muy\u2026 muy injustas hacia mi persona\u2026 yo no he venido a refugiarme, he venido a contribuir, a aportar mi experiencia y vengo como aliado pol\u00edtico. Renunci\u00e9 al PAN, no renunci\u00e9 a mis valores ni a mis principios\u201d,\u00a0le respondi\u00f3 Javier Corral a lo dicho por Noro\u00f1a.<br \/>\nCon esto quedan evidenciados por el propio Noro\u00f1a, que en Morena act\u00faan desde el Gobierno bajo criterios utilitaristas de la pol\u00edtica\u2026 que representan lo mismo y hasta potenciado, de los males que siempre han dicho combatir y abominar: la simulaci\u00f3n, el inter\u00e9s pol\u00edtico, el influyentismo, entre otras grandes calamidades.<br \/>\nEn M\u00e9xico, fieles a esa mala costumbre francesa de usar \u2018eufemismos\u2019 para referirse con suavidad a lo grotesco o majadero, suprimimos de todos nuestros ordenamientos punitivos (desde hace casi un siglo aproximadamente) los t\u00e9rminos \u2018prevaricaci\u00f3n\u2019 o \u2018prevaricato\u2019, que engloba al rubro de los delitos cometidos por los gobernantes, en los t\u00e9rminos de abuso de autoridad, corrupci\u00f3n u omisi\u00f3n, informaci\u00f3n falsa dada a una autoridad o autoridad encubierta falsamente por t\u00edtulo o cargo distinto al que posee; abuso de confianza, negligencia en el desarrollo de una funci\u00f3n y entre otros.<br \/>\nNo as\u00ed en la mayor\u00eda de pa\u00edses de Am\u00e9rica latina, donde la prevaricaci\u00f3n es un tipo penal espec\u00edfico y est\u00e1 claramente definida como aquella conducta de cualquier individuo investido de autoridad: \u00a0La prevaricaci\u00f3n es un delito que se comete cuando una conducta desobediente pone en peligro o lesiona el desarrollo de la administraci\u00f3n de justicia.\u00a0Para que sea punible, es necesario acreditar que la desobediencia afect\u00f3 de forma directa e inmediata el desarrollo de la administraci\u00f3n de justicia\u2026 como este precisamente en que se afect\u00f3 la administraci\u00f3n de justicia por otra autoridad equiparable.<br \/>\nEn M\u00e9xico,\u00a0la corrupci\u00f3n, el abuso de autoridad, los delitos de servidores p\u00fablicos, son tipos penales en s\u00ed mismos pero giran en torno a una categor\u00eda \u00a0folos\u00f3fica doctrinal que las une: la\u00a0prevaricaci\u00f3n.<br \/>\nLas penas para el delito de\u00a0prevaricaci\u00f3n por parte de un servidor p\u00fablico son:<br \/>\nPrisi\u00f3n de 2 a 5 a\u00f1os<br \/>\nMulta de 10 a 50 salarios m\u00ednimos legales mensuales vigentes<br \/>\nInhabilitaci\u00f3n para el ejercicio de derechos y funciones p\u00fablicas por 5 a\u00f1os<br \/>\nLas sanciones para los delitos de corrupci\u00f3n pueden ser:<br \/>\nPrisi\u00f3n<br \/>\nMulta<br \/>\nDestituci\u00f3n<br \/>\nInhabilitaci\u00f3n para desempe\u00f1ar un empleo, cargo o comisi\u00f3n p\u00fablicos<br \/>\nDecomiso de bienes derivados del enriquecimiento il\u00edcito\u2026si lo hubiese.<br \/>\nDe acreditarse y si en este pa\u00eds hubiera justicia plena, observancia de la ley en los t\u00e9rminos deseados, tanto Ulises Lara, encargado de la\u00a0Fiscal\u00eda General de Justicia,\u00a0como el entonces Jefe de Gobierno de la CDMX,\u00a0Mart\u00ed Batres, en su calidad de superior jer\u00e1rquico de Lara, deber\u00edan sujetos de pretensi\u00f3n punitiva del Estado por cuanto violentaron por lo menos lo dispuesto por la tesis jurisprudencial\u00a0I.9o.P.218 P (10a.), de los Tribunales Colegiados de Circuito, de la D\u00e9cima \u00c9poca, en materia Penal, Aislada, cuya fuente es la Gaceta del Semanario Judicial de la Federaci\u00f3n y con registro digital 2017700, que actualiz\u00f3 en su momento el delito de prevaricaci\u00f3n previsto en el art\u00edculo 290 fracci\u00f3n II, del C\u00f3digo Penal para el Distrito Federal y que impon\u00eda como necesario el hecho de que la conducta desobediente del servidor p\u00fablico, lesionara o pusiera en peligro inmediato y directamente el adecuado desarrollo de la administraci\u00f3n de justicia. (Tesis publicada el 24 de agosto de 2018, a las 10:32 horas en el Semanario Judicial de la Federaci\u00f3n, por el impulso procesal del Amparo directo 74\/2018).<br \/>\nAs\u00ed que,\u00a0Fern\u00e1ndez Noro\u00f1a\u00a0defenestra con su diarrea verbal de ayer, a sus dos compa\u00f1eros de movimiento:\u00a0Mart\u00ed Batres, exjefe de Gobierno capitalino y a\u00a0Ulises Lara, exencargado de la\u00a0FGJCDMX\u00a0quienes, con su conducta, incurrieron probadamente en actos de prevaricaci\u00f3n, identificaci\u00f3n en la norma penal vigente mexicana, como\u00a0desobediencia y resistencia a la autoridad, en su\u00a0art\u00edculo 368 del C\u00f3digo Penal Federal.<\/p>\n<p>Autor:\u00a0H\u00e9ctor Calder\u00f3n Hallal<\/p>\n<p>@CalderonHallal1;<br \/>\nfixiflaux99@gmail.com;<\/p>\n<p>\u201cLas opiniones vertidas en este art\u00edculo, son responsabilidad exclusiva de su autor; por lo que no necesariamente representan el criterio editorial institucional de este medio\u201d.<\/p>\n","protected":false},"excerpt":{"rendered":"<p>H\u00e9ctor Calder\u00f3n Hallal Ha quedado descubierta la verdadera intencionalidad de aquella\u00a0\u201cburda peonada\u201d\u00a0pretendida por la\u00a0Jefatura de Gobierno de la CDMX, a trav\u00e9s de Ulises Lara, el encargado de despacho de la Fiscal\u00eda General de Justicia de la CDMX, el\u00a0pasado\u00a015 de agosto,\u00a0en favor del exgobernador de extracci\u00f3n panista chihuahuense,\u00a0Javier Corral,\u00a0a quien se propon\u00edan esconder y poner lejos del alcance de la pretensi\u00f3n punitiva del\u00a0Gobierno del Estado de Chihuahua,\u00a0que lo busca desde entonces por el delito de peculado. Fue en un restaurante de la colonia Roma de la capital de la Rep\u00fablica, donde\u00a0agentes de la Fiscal\u00eda Estatal de Justicia de Chihuahua pretendieron arrestar [&hellip;]<\/p>\n","protected":false},"author":3,"featured_media":92679,"comment_status":"open","ping_status":"open","sticky":false,"template":"","format":"standard","meta":{"_jetpack_newsletter_access":"","_jetpack_dont_email_post_to_subs":false,"_jetpack_newsletter_tier_id":0,"_jetpack_memberships_contains_paywalled_content":false,"_jetpack_feature_clip_id":0,"_jetpack_memberships_contains_paid_content":false,"footnotes":"","jetpack_publicize_message":"","jetpack_publicize_feature_enabled":true,"jetpack_social_post_already_shared":true,"jetpack_social_options":{"image_generator_settings":{"template":"highway","default_image_id":0,"font":"","enabled":false},"version":2},"jetpack_post_was_ever_published":false},"categories":[79],"tags":[],"class_list":["post-111657","post","type-post","status-publish","format-standard","has-post-thumbnail","hentry","category-columnistas-nacionales","post--single"],"jetpack_publicize_connections":[],"jetpack_featured_media_url":"https:\/\/ovelanalista.com\/wp-content\/uploads\/2024\/04\/WhatsApp-Image-2024-04-02-at-08.34.24.jpeg","jetpack_sharing_enabled":true,"_links":{"self":[{"href":"https:\/\/ovelanalista.com\/index.php?rest_route=\/wp\/v2\/posts\/111657","targetHints":{"allow":["GET"]}}],"collection":[{"href":"https:\/\/ovelanalista.com\/index.php?rest_route=\/wp\/v2\/posts"}],"about":[{"href":"https:\/\/ovelanalista.com\/index.php?rest_route=\/wp\/v2\/types\/post"}],"author":[{"embeddable":true,"href":"https:\/\/ovelanalista.com\/index.php?rest_route=\/wp\/v2\/users\/3"}],"replies":[{"embeddable":true,"href":"https:\/\/ovelanalista.com\/index.php?rest_route=%2Fwp%2Fv2%2Fcomments&post=111657"}],"version-history":[{"count":1,"href":"https:\/\/ovelanalista.com\/index.php?rest_route=\/wp\/v2\/posts\/111657\/revisions"}],"predecessor-version":[{"id":111658,"href":"https:\/\/ovelanalista.com\/index.php?rest_route=\/wp\/v2\/posts\/111657\/revisions\/111658"}],"wp:featuredmedia":[{"embeddable":true,"href":"https:\/\/ovelanalista.com\/index.php?rest_route=\/wp\/v2\/media\/92679"}],"wp:attachment":[{"href":"https:\/\/ovelanalista.com\/index.php?rest_route=%2Fwp%2Fv2%2Fmedia&parent=111657"}],"wp:term":[{"taxonomy":"category","embeddable":true,"href":"https:\/\/ovelanalista.com\/index.php?rest_route=%2Fwp%2Fv2%2Fcategories&post=111657"},{"taxonomy":"post_tag","embeddable":true,"href":"https:\/\/ovelanalista.com\/index.php?rest_route=%2Fwp%2Fv2%2Ftags&post=111657"}],"curies":[{"name":"wp","href":"https:\/\/api.w.org\/{rel}","templated":true}]}}