{"id":111659,"date":"2025-01-07T10:25:02","date_gmt":"2025-01-07T17:25:02","guid":{"rendered":"https:\/\/ovelanalista.com\/?p=111659"},"modified":"2025-01-07T10:25:02","modified_gmt":"2025-01-07T17:25:02","slug":"ni-oro-ni-incienso-ni-mirra-para-el-2025","status":"publish","type":"post","link":"https:\/\/ovelanalista.com\/?p=111659","title":{"rendered":"Ni oro ni incienso ni mirra para el 2025"},"content":{"rendered":"<p class=\"name-person\"><strong>Francisco Garfias<\/strong><\/p>\n<p>Esta es mi primera columna de 2025. La escribo el D\u00eda de Reyes. Reviso los temas de actualidad y me doy cuenta de que los Reyes Magos no trajeron oro, incienso y mirra. Lo que se perfila es un a\u00f1o dif\u00edcil y peligroso. El 20 de enero regresa\u00a0<strong>Donald Trump<\/strong>\u00a0a la Casa Blanca. Ya avis\u00f3 que desde el primer d\u00eda va a declarar como \u201corganizaciones terroristas\u201d a los c\u00e1rteles de la droga. En otras palabras, se dar\u00e1 permiso de intervenir militarmente en pa\u00edses que han sido matriz de organizaciones criminales, sin importar la soberan\u00eda. Eso pone a M\u00e9xico en la mira de una invasi\u00f3n gringa, blanda o dura, seg\u00fan el caso.<\/p>\n<p>Otra amenaza son las deportaciones masivas de migrantes sin papeles. El magnate republicano se comprometi\u00f3 a deportar, por lo menos, a un mill\u00f3n de ilegales anualmente.<\/p>\n<p>El gobierno de\u00a0<strong>Sheinbaum<\/strong>\u00a0ya adelant\u00f3 que s\u00f3lo va a admitir a migrantes de nacionalidad mexicana. Pide a las autoridades estadunidenses que a los ilegales de otros pa\u00edses los devuelva directamente a sus lugares de origen.<\/p>\n<p>\u00bfQu\u00e9 har\u00e1 con los migrantes no mexicanos que nos pongan en la frontera norte? Es la gran pregunta. La tercera gran amenaza que nos viene de\u00a0<em>mister<\/em>\u00a0<strong>Trump<\/strong>\u00a0es la imposici\u00f3n de aranceles de 25% a las exportaciones de M\u00e9xico y de Canad\u00e1.<\/p>\n<p>No es necesario hacer un sesudo an\u00e1lisis para adelantar el desastre que eso implicar\u00eda, si tomamos en cuenta que M\u00e9xico le vende a EU ocho de cada diez productos de exportaci\u00f3n.<\/p>\n<p>* Los delirios de\u00a0<strong>Trump<\/strong>\u00a0llegaron a extremos inimaginables. Luego de la renuncia de\u00a0<strong>Justin Trudeau<\/strong>\u00a0como primer ministro de Canad\u00e1, el presidente electo de EU dio rienda suelta a su imaginaci\u00f3n. Insisti\u00f3 en que Canad\u00e1 debe convertirse en el \u201cestado 51\u201d para no imponerle aranceles. \u201cA muchos canadienses les encantar\u00eda ser el estado n\u00famero 51. Estados Unidos ya no puede sufrir los enormes d\u00e9ficits comerciales y subsidios que Canad\u00e1 necesita para mantenerse a flote.\u00a0<strong>Justin Trudeau<\/strong>\u00a0lo sab\u00eda y por eso renunci\u00f3\u201d, asegur\u00f3.<\/p>\n<p>* Me queda claro que la pol\u00edtica de \u201cabrazos, no balazos\u201d, que caracteriz\u00f3 el sexenio de\u00a0<strong>AMLO<\/strong>, ya es historia. Ayer se suscitaron dos hechos que lo confirman. En Yuridia, Guanajuato, fueron abatidos ocho sicarios por militares y polic\u00edas estatales. En el municipio de Costa Rica, Sinaloa, las Fuerzas Armadas enfrentaron a criminales armados con un saldo de tres civiles muertos \u2014hay fuentes que hablan de cinco\u2014 y un herido, seg\u00fan la Fiscal\u00eda del estado. Sobre esto \u00faltimo recibimos el mensaje de una fuente confiable, que es originaria de Costa Rica. Habla sobre los sucesos que han tensado ese municipio sinaloense.<\/p>\n<p>Dice que los tres muertos son de la banda de Los Chapitos. A\u00f1ade, textual: \u201cLos Chapitos quieren entrar a Costa Rica, plaza de Los Mayos, porque est\u00e1 pegado a El Salado y de all\u00ed es El Mayo. Todos los d\u00edas hay toque de queda y la guerra sigue.<\/p>\n<p>\u201cReci\u00e9n tiraron dos cuerpos en \u2018La Tambora\u2019, que es la plazuela principal del pueblo. Hay varios cuerpos tirados en la salida de Costa Rica a Culiac\u00e1n. El camino est\u00e1 cerrado. No se puede salir del lugar. \u00a1Jam\u00e1s hab\u00eda visto esto, jam\u00e1s!\u201d.<\/p>\n<p>* Melchor, Gaspar y Baltazar nos trajeron tambi\u00e9n el cierre de ocho de las 17 rutas de Mexicana de Aviaci\u00f3n, empresa estatal que opera con el respaldo de militares. Las rutas canceladas, casi la mitad de las que tiene, son:\u00a0Acapulco, Campeche, Guadalajara, Nuevo Laredo, Puerto Vallarta, Uruapan y Villahermosa. \u00bfMala planeaci\u00f3n? \u00bfFalta de estudio de mercado? \u00bfNo se trazaron metas alcanzables? \u00bfImprovisaci\u00f3n en la \u201caerol\u00ednea del pueblo\u201d? Son preguntas. \u201cEs nada m\u00e1s que una revisi\u00f3n de su plan estrat\u00e9gico para el 2025\u2026 Mexicana seguir\u00e1 volando\u201d, responde la presidenta\u00a0<strong>Sheinbaum<\/strong>.<\/p>\n<p>* La propuesta de declarar personas\u00a0<em>non gratas<\/em>\u00a0a los expresidentes mexicanos\u00a0<strong>Felipe Calder\u00f3n<\/strong>\u00a0y\u00a0<strong>Vicente Fox<\/strong>\u00a0es reflejo de la debilidad del r\u00e9gimen dictatorial de\u00a0<strong>Nicol\u00e1s Maduro<\/strong>\u00a0en Venezuela. Ambos exmandatarios, junto con otros de Latinoam\u00e9rica, han anunciado sus intenciones de viajar a ese pa\u00eds para mostrar su apoyo al opositor\u00a0<strong>Edmundo Gonz\u00e1lez<\/strong>.<\/p>\n<p>Eso bast\u00f3 para que el presidente del Congreso de Venezuela,\u00a0<strong>Jorge Rodr\u00edguez<\/strong>, los comparara con \u201cinvasores\u201d y amenazara: \u201cAtr\u00e9vanse a entrar para que vean de qu\u00e9 estamos hablando cuando hablamos de defensa de la patria\u201d.<\/p>\n<p><strong>Gonz\u00e1lez<\/strong>\u00a0sostiene que gan\u00f3 las elecciones presidenciales el a\u00f1o pasado. La dictadura de\u00a0<strong>Maduro<\/strong>\u00a0niega que haya habido fraude, pero esconde las actas electorales por razones obvias.<\/p>\n<p>La amenaza del r\u00e9gimen de\u00a0<strong>Maduro<\/strong>\u00a0contrasta con la decisi\u00f3n de\u00a0<strong>Sheinbaum<\/strong>\u00a0de enviar un representante del gobierno mexicano a la investidura del dictador venezolano el pr\u00f3ximo 10 de enero. \u201cNo vemos por qu\u00e9 no deba ser as\u00ed, le corresponde a las y los venezolanos, no a M\u00e9xico, definir\u2026\u201d, dijo la mandataria. Justamente porque les corresponde a los venezolanos \u201cdefinir\u201d qui\u00e9n ser\u00e1 su presidente,\u00a0<strong>Sheinbaum<\/strong>\u00a0no deber\u00eda dar su aval.<\/p>\n<p>El r\u00e9gimen de\u00a0<strong>Maduro<\/strong>\u00a0(una d\u00e9cada en el poder) se ha negado a publicar las actas electorales que demostrar\u00edan su triunfo. A esa demanda se sum\u00f3 hasta\u00a0<strong>AMLO<\/strong>.<\/p>\n","protected":false},"excerpt":{"rendered":"<p>Francisco Garfias Esta es mi primera columna de 2025. La escribo el D\u00eda de Reyes. Reviso los temas de actualidad y me doy cuenta de que los Reyes Magos no trajeron oro, incienso y mirra. Lo que se perfila es un a\u00f1o dif\u00edcil y peligroso. El 20 de enero regresa\u00a0Donald Trump\u00a0a la Casa Blanca. Ya avis\u00f3 que desde el primer d\u00eda va a declarar como \u201corganizaciones terroristas\u201d a los c\u00e1rteles de la droga. En otras palabras, se dar\u00e1 permiso de intervenir militarmente en pa\u00edses que han sido matriz de organizaciones criminales, sin importar la soberan\u00eda. Eso pone a M\u00e9xico en [&hellip;]<\/p>\n","protected":false},"author":3,"featured_media":104284,"comment_status":"open","ping_status":"open","sticky":false,"template":"","format":"standard","meta":{"_jetpack_newsletter_access":"","_jetpack_dont_email_post_to_subs":false,"_jetpack_newsletter_tier_id":0,"_jetpack_memberships_contains_paywalled_content":false,"_jetpack_feature_clip_id":0,"_jetpack_memberships_contains_paid_content":false,"footnotes":"","jetpack_publicize_message":"","jetpack_publicize_feature_enabled":true,"jetpack_social_post_already_shared":true,"jetpack_social_options":{"image_generator_settings":{"template":"highway","default_image_id":0,"font":"","enabled":false},"version":2},"jetpack_post_was_ever_published":false},"categories":[79],"tags":[],"class_list":["post-111659","post","type-post","status-publish","format-standard","has-post-thumbnail","hentry","category-columnistas-nacionales","post--single"],"jetpack_publicize_connections":[],"jetpack_featured_media_url":"https:\/\/ovelanalista.com\/wp-content\/uploads\/2024\/09\/Garfias-5-2.jpg","jetpack_sharing_enabled":true,"_links":{"self":[{"href":"https:\/\/ovelanalista.com\/index.php?rest_route=\/wp\/v2\/posts\/111659","targetHints":{"allow":["GET"]}}],"collection":[{"href":"https:\/\/ovelanalista.com\/index.php?rest_route=\/wp\/v2\/posts"}],"about":[{"href":"https:\/\/ovelanalista.com\/index.php?rest_route=\/wp\/v2\/types\/post"}],"author":[{"embeddable":true,"href":"https:\/\/ovelanalista.com\/index.php?rest_route=\/wp\/v2\/users\/3"}],"replies":[{"embeddable":true,"href":"https:\/\/ovelanalista.com\/index.php?rest_route=%2Fwp%2Fv2%2Fcomments&post=111659"}],"version-history":[{"count":1,"href":"https:\/\/ovelanalista.com\/index.php?rest_route=\/wp\/v2\/posts\/111659\/revisions"}],"predecessor-version":[{"id":111660,"href":"https:\/\/ovelanalista.com\/index.php?rest_route=\/wp\/v2\/posts\/111659\/revisions\/111660"}],"wp:featuredmedia":[{"embeddable":true,"href":"https:\/\/ovelanalista.com\/index.php?rest_route=\/wp\/v2\/media\/104284"}],"wp:attachment":[{"href":"https:\/\/ovelanalista.com\/index.php?rest_route=%2Fwp%2Fv2%2Fmedia&parent=111659"}],"wp:term":[{"taxonomy":"category","embeddable":true,"href":"https:\/\/ovelanalista.com\/index.php?rest_route=%2Fwp%2Fv2%2Fcategories&post=111659"},{"taxonomy":"post_tag","embeddable":true,"href":"https:\/\/ovelanalista.com\/index.php?rest_route=%2Fwp%2Fv2%2Ftags&post=111659"}],"curies":[{"name":"wp","href":"https:\/\/api.w.org\/{rel}","templated":true}]}}