{"id":112044,"date":"2025-01-13T17:45:36","date_gmt":"2025-01-14T00:45:36","guid":{"rendered":"https:\/\/ovelanalista.com\/?p=112044"},"modified":"2025-01-13T17:45:36","modified_gmt":"2025-01-14T00:45:36","slug":"violencia-tumba-al-turismo-en-culiacan","status":"publish","type":"post","link":"https:\/\/ovelanalista.com\/?p=112044","title":{"rendered":"Violencia tumba al turismo en Culiac\u00e1n"},"content":{"rendered":"<div class=\"Summary_summary__gpJTn\">\n<p class=\"Typography_text-xl__yFuoP Typography_weight-normal__pqUbH\">Entre enero y noviembre, la llegada de turistas por v\u00eda a\u00e9rea a la capital de Sinaloa cay\u00f3 15.4 por ciento, seg\u00fan datos del Grupo Aeroportuario Centro Norte (OMA).<\/p>\n<p class=\"Typography_text-l__QLRR8 Typography_weight-bold__uT6mq\"><strong>Juan Luis Ramos<\/strong><\/p>\n<p class=\"Typography_text-default__P3otY Typography_weight-normal__pqUbH Typography_text-default__P3otY Typography_weight-normal__pqUbH\">La ciudad de\u00a0<b class=\"bold\"><a class=\"AnnotatedMarkup_link__sO9N0\" href=\"https:\/\/oem.com.mx\/elsoldemexico\/mexico\/defensa-nombra-al-general-maximiliano-cruz-ramos-nuevo-contralor-20949789\" target=\"_blank\" rel=\"nofollow noopener\">Culiac\u00e1n<\/a><\/b>\u00a0cerrar\u00e1 el a\u00f1o con una baja en la llegada de\u00a0<b class=\"bold\">turistas<\/b>\u00a0debido principalmente a los hechos de\u00a0<b class=\"bold\">violencia<\/b>\u00a0en los \u00faltimos meses, para tener su peor resultado desde\u00a0<b class=\"bold\">2021<\/b>, a\u00f1o que padeci\u00f3 a\u00fan el impacto por la\u00a0<b class=\"bold\">pandemia<\/b>.<\/p>\n<p class=\"Typography_text-default__P3otY Typography_weight-normal__pqUbH Typography_text-default__P3otY Typography_weight-normal__pqUbH\">Entre enero y noviembre, la llegada de\u00a0<b class=\"bold\">turistas<\/b>\u00a0por v\u00eda a\u00e9rea a la capital de\u00a0<b class=\"bold\">Sinaloa<\/b>\u00a0cay\u00f3\u00a0<b class=\"bold\">15.4 por ciento<\/b>, seg\u00fan datos del\u00a0<b class=\"bold\">Grupo Aeroportuario Centro Norte (OMA)<\/b>, para tener su peor resultado en dicho periodo en tres a\u00f1os de recuperaci\u00f3n de la crisis por el\u00a0<b class=\"bold\">Covid-19<\/b>.<\/p>\n<div class=\"ad\"><\/div>\n<p class=\"Typography_text-default__P3otY Typography_weight-normal__pqUbH Typography_text-default__P3otY Typography_weight-normal__pqUbH\">Esta contracci\u00f3n se debe principalmente a una baja de\u00a0<b class=\"bold\">16 por ciento<\/b>\u00a0en la llegada de\u00a0<b class=\"bold\">pasajeros nacionales<\/b>\u00a0a la ciudad norte\u00f1a.<br \/>\nLa\u00a0<b class=\"bold\">violencia<\/b>\u00a0desatada en el estado por los enfrentamientos entre\u00a0<b class=\"bold\">grupos criminales<\/b>\u00a0\u201c<b class=\"bold\">Los Mayos<\/b>\u201d y \u201c<b class=\"bold\">Los Chapitos<\/b>\u201d, durante la segunda mitad del a\u00f1o, tir\u00f3 la llegada de visitantes por avi\u00f3n en los \u00faltimos meses de\u00a0<b class=\"bold\">2024<\/b>.<\/p>\n<p class=\"Typography_text-default__P3otY Typography_weight-normal__pqUbH Typography_text-default__P3otY Typography_weight-normal__pqUbH\">El estado del\u00a0<b class=\"bold\">Pac\u00edfico norte<\/b>\u00a0ha vivido un incremento en la\u00a0<b class=\"bold\">violencia<\/b>\u00a0desde la captura de\u00a0<b class=\"bold\">Ismael El Mayo Zambada<\/b>\u00a0por autoridades estadounidenses en\u00a0<b class=\"bold\">El Paso, Texas<\/b>, a finales de julio pasado.<\/p>\n<p class=\"Typography_text-default__P3otY Typography_weight-normal__pqUbH Typography_text-default__P3otY Typography_weight-normal__pqUbH\"><b class=\"bold\">Comercios<\/b>\u00a0e\u00a0<b class=\"bold\">industrias<\/b>\u00a0han tenido que parar actividades principalmente en\u00a0<b class=\"bold\">Culiac\u00e1n<\/b>, capital del estado, a causa de los enfrentamientos entre los principales\u00a0<b class=\"bold\">grupos delictivos<\/b>.<\/p>\n<p class=\"Typography_text-default__P3otY Typography_weight-normal__pqUbH Typography_text-default__P3otY Typography_weight-normal__pqUbH\">En\u00a0<b class=\"bold\">Mazatl\u00e1n<\/b>, principal destino de la entidad, la entrada de\u00a0<b class=\"bold\">turistas<\/b>\u00a0por v\u00eda a\u00e9rea muestra un incremento de\u00a0<b class=\"bold\">16.5 por ciento<\/b>\u00a0a tasa anual entre enero y noviembre.<br \/>\nSin embargo, los visitantes que arribaron al destino v\u00eda\u00a0<b class=\"bold\">crucero<\/b>\u00a0disminuyeron\u00a0<b class=\"bold\">5.3 por ciento<\/b>\u00a0en el periodo de referencia, seg\u00fan datos del portal\u00a0<b class=\"bold\">Datatur<\/b>.<br \/>\nAsimismo, el sitio web administrado por la\u00a0<b class=\"bold\">Secretar\u00eda de Turismo (Sectur)<\/b>\u00a0dej\u00f3 de contabilizar los\u00a0<b class=\"bold\">cuartos ocupados<\/b>\u00a0en destinos del estado como la capital,\u00a0<b class=\"bold\">Los Mochis<\/b>\u00a0y el pueblo m\u00e1gico de\u00a0<b class=\"bold\">El Fuerte<\/b>.<\/p>\n<blockquote class=\"PullQuote_blockquote__kZUwX\"><p><q class=\"Typography_text-default__P3otY Typography_weight-normal__pqUbH Typography_text-xl__yFuoP Typography_weight-normal__pqUbH\">En Mazatl\u00e1n, la entrada de turistas por v\u00eda crucero disminuy\u00f3 5.3 por ciento, mientras por v\u00eda a\u00e9rea increment\u00f3 16.5 por ciento al cierre de noviembre<\/q><\/p><\/blockquote>\n<p class=\"Typography_text-default__P3otY Typography_weight-normal__pqUbH Typography_text-default__P3otY Typography_weight-normal__pqUbH\">El tema de la\u00a0<b class=\"bold\">violencia<\/b>\u00a0que se vive en algunas de las regiones del pa\u00eds ha tenido afectaciones para diversos sectores de la\u00a0<b class=\"bold\">econom\u00eda<\/b>, entre ellos el\u00a0<b class=\"bold\">turismo<\/b>, seg\u00fan han subrayado diversos especialistas.<br \/>\n<b class=\"bold\">Virginia Messina<\/b>, vicepresidenta senior del\u00a0<b class=\"bold\">Consejo Mundial de Viajes y Turismo (WTTC)<\/b>, apunt\u00f3 hace unos d\u00edas que este fen\u00f3meno, que calific\u00f3 como \u201cdesafortunado\u201d para el pa\u00eds, sol\u00eda estar muy focalizado, pero que hoy en d\u00eda ya est\u00e1 teniendo impacto en destinos\u00a0<b class=\"bold\">tur\u00edsticos<\/b>.<\/p>\n<p class=\"Typography_text-default__P3otY Typography_weight-normal__pqUbH Typography_text-default__P3otY Typography_weight-normal__pqUbH\">\u201cSabemos que son casos, algunos aislados, pero, por ejemplo,\u00a0<b class=\"bold\">Sinaloa<\/b>\u00a0hoy est\u00e1 en las noticias, se ve a nivel global y es una situaci\u00f3n muy desafortunada que no ayuda al pa\u00eds, ya que incluso hay limitaciones en\u00a0<b class=\"bold\">seguros de viaje<\/b>\u201d, dijo la directiva en una conferencia virtual.<\/p>\n<p class=\"Typography_text-default__P3otY Typography_weight-normal__pqUbH Typography_text-default__P3otY Typography_weight-normal__pqUbH\"><b class=\"bold\">Francisco Madrid<\/b>, director del\u00a0<b class=\"bold\">Centro de Investigaci\u00f3n y Competitividad Tur\u00edstica An\u00e1huac (Cicotur)<\/b>, dijo anteriormente a este diario que la\u00a0<b class=\"bold\">violencia<\/b>\u00a0es uno de los principales factores que han tenido impacto en la disminuci\u00f3n del\u00a0<b class=\"bold\">turismo<\/b>\u00a0en M\u00e9xico, derivado de la imagen que da de los destinos.<\/p>\n<p class=\"Typography_text-default__P3otY Typography_weight-normal__pqUbH Typography_text-default__P3otY Typography_weight-normal__pqUbH\">La semana pasada, el consejero de la\u00a0<b class=\"bold\">Asociaci\u00f3n de Hoteles y Empresas Tur\u00edsticas de Mazatl\u00e1n<\/b>,\u00a0<b class=\"bold\">Jos\u00e9 G\u00e1mez Valle<\/b>, adelant\u00f3 que la\u00a0<b class=\"bold\">ocupaci\u00f3n hotelera<\/b>\u00a0en\u00a0<b class=\"bold\">Mazatl\u00e1n<\/b>\u00a0cay\u00f3 en diciembre\u00a0<b class=\"bold\">20 por ciento<\/b>\u00a0respecto al mismo mes de\u00a0<b class=\"bold\">2023<\/b>, y en el nivel m\u00e1s bajo del \u00faltimo lustro.<\/p>\n<p class=\"Typography_text-default__P3otY Typography_weight-normal__pqUbH Typography_text-default__P3otY Typography_weight-normal__pqUbH\">La secretaria de\u00a0<b class=\"bold\">Turismo<\/b>\u00a0de\u00a0<b class=\"bold\">Sinaloa<\/b>,\u00a0<b class=\"bold\">Mireya Sosa Osuna<\/b>, dijo en conferencia de prensa la semana pasada que el impulso a la\u00a0<b class=\"bold\">promoci\u00f3n tur\u00edstica<\/b>\u00a0de todos los municipios de la entidad es una prioridad de la administraci\u00f3n estatal para\u00a0<b class=\"bold\">2025<\/b>.<br \/>\nEl impulso al\u00a0<b class=\"bold\">sector<\/b>, dijo, se dar\u00e1 de la mano con el\u00a0<b class=\"bold\">sector empresarial<\/b>: \u201cEstamos realizando acciones diferentes con el\u00a0<b class=\"bold\">sector tur\u00edstico<\/b>\u00a0en todo el estado, en\u00a0<b class=\"bold\">Los Mochis<\/b>,\u00a0<b class=\"bold\">Culiac\u00e1n<\/b>, en\u00a0<b class=\"bold\">Altata<\/b>, hay mucha uni\u00f3n de parte de todo el\u00a0<b class=\"bold\">sector<\/b>, tanto de la\u00a0<b class=\"bold\">iniciativa privada<\/b>\u00a0como del\u00a0<b class=\"bold\">gobierno estatal<\/b>\u00a0y los municipios\u201d.<\/p>\n<\/div>\n<p>Con informaci\u00f3n de El Sol de M\u00e9xico<\/p>\n","protected":false},"excerpt":{"rendered":"<p>Entre enero y noviembre, la llegada de turistas por v\u00eda a\u00e9rea a la capital de Sinaloa cay\u00f3 15.4 por ciento, seg\u00fan datos del Grupo Aeroportuario Centro Norte (OMA). Juan Luis Ramos La ciudad de\u00a0Culiac\u00e1n\u00a0cerrar\u00e1 el a\u00f1o con una baja en la llegada de\u00a0turistas\u00a0debido principalmente a los hechos de\u00a0violencia\u00a0en los \u00faltimos meses, para tener su peor resultado desde\u00a02021, a\u00f1o que padeci\u00f3 a\u00fan el impacto por la\u00a0pandemia. Entre enero y noviembre, la llegada de\u00a0turistas\u00a0por v\u00eda a\u00e9rea a la capital de\u00a0Sinaloa\u00a0cay\u00f3\u00a015.4 por ciento, seg\u00fan datos del\u00a0Grupo Aeroportuario Centro Norte (OMA), para tener su peor resultado en dicho periodo en tres a\u00f1os de recuperaci\u00f3n [&hellip;]<\/p>\n","protected":false},"author":3,"featured_media":112048,"comment_status":"open","ping_status":"open","sticky":false,"template":"","format":"standard","meta":{"_jetpack_newsletter_access":"","_jetpack_dont_email_post_to_subs":false,"_jetpack_newsletter_tier_id":0,"_jetpack_memberships_contains_paywalled_content":false,"_jetpack_feature_clip_id":0,"_jetpack_memberships_contains_paid_content":false,"footnotes":"","jetpack_publicize_message":"","jetpack_publicize_feature_enabled":true,"jetpack_social_post_already_shared":true,"jetpack_social_options":{"image_generator_settings":{"template":"highway","default_image_id":0,"font":"","enabled":false},"version":2},"jetpack_post_was_ever_published":false},"categories":[90,72],"tags":[],"class_list":["post-112044","post","type-post","status-publish","format-standard","has-post-thumbnail","hentry","category-estatal","category-portada","post--single"],"jetpack_publicize_connections":[],"jetpack_featured_media_url":"https:\/\/ovelanalista.com\/wp-content\/uploads\/2025\/01\/vuelos_cancelados_culiaca\u0301n_cuartoscuro.webp","jetpack_sharing_enabled":true,"_links":{"self":[{"href":"https:\/\/ovelanalista.com\/index.php?rest_route=\/wp\/v2\/posts\/112044","targetHints":{"allow":["GET"]}}],"collection":[{"href":"https:\/\/ovelanalista.com\/index.php?rest_route=\/wp\/v2\/posts"}],"about":[{"href":"https:\/\/ovelanalista.com\/index.php?rest_route=\/wp\/v2\/types\/post"}],"author":[{"embeddable":true,"href":"https:\/\/ovelanalista.com\/index.php?rest_route=\/wp\/v2\/users\/3"}],"replies":[{"embeddable":true,"href":"https:\/\/ovelanalista.com\/index.php?rest_route=%2Fwp%2Fv2%2Fcomments&post=112044"}],"version-history":[{"count":1,"href":"https:\/\/ovelanalista.com\/index.php?rest_route=\/wp\/v2\/posts\/112044\/revisions"}],"predecessor-version":[{"id":112049,"href":"https:\/\/ovelanalista.com\/index.php?rest_route=\/wp\/v2\/posts\/112044\/revisions\/112049"}],"wp:featuredmedia":[{"embeddable":true,"href":"https:\/\/ovelanalista.com\/index.php?rest_route=\/wp\/v2\/media\/112048"}],"wp:attachment":[{"href":"https:\/\/ovelanalista.com\/index.php?rest_route=%2Fwp%2Fv2%2Fmedia&parent=112044"}],"wp:term":[{"taxonomy":"category","embeddable":true,"href":"https:\/\/ovelanalista.com\/index.php?rest_route=%2Fwp%2Fv2%2Fcategories&post=112044"},{"taxonomy":"post_tag","embeddable":true,"href":"https:\/\/ovelanalista.com\/index.php?rest_route=%2Fwp%2Fv2%2Ftags&post=112044"}],"curies":[{"name":"wp","href":"https:\/\/api.w.org\/{rel}","templated":true}]}}