{"id":112062,"date":"2025-01-13T18:18:05","date_gmt":"2025-01-14T01:18:05","guid":{"rendered":"https:\/\/ovelanalista.com\/?p=112062"},"modified":"2025-01-13T18:18:05","modified_gmt":"2025-01-14T01:18:05","slug":"suman-mas-de-mil-180-familias-desplazadas-en-sinaloa","status":"publish","type":"post","link":"https:\/\/ovelanalista.com\/?p=112062","title":{"rendered":"Suman m\u00e1s de mil 180 familias desplazadas en Sinaloa"},"content":{"rendered":"<div class=\"Summary_summary__gpJTn\">\n<p class=\"Typography_text-xl__yFuoP Typography_weight-normal__pqUbH\">El choque entre grupos criminales ha provocado la huida de familias en Costa Rica, Imala, Eldorado y Tepuche, seg\u00fan el activista \u00d3scar Loza Ochoa.<\/p>\n<p class=\"Typography_text-l__QLRR8 Typography_weight-bold__uT6mq\"><strong>Mario N\u00fa\u00f1ez<\/strong><\/p>\n<p class=\"Typography_text-default__P3otY Typography_weight-normal__pqUbH Typography_text-default__P3otY Typography_weight-normal__pqUbH\"><b class=\"bold\">Culiac\u00e1n, Sin.<\/b>&#8211; El presidente de la\u00a0<b class=\"bold\">Comisi\u00f3n de Defensa de Derechos Humanos en Sinaloa<\/b>,\u00a0<b class=\"bold\">Oscar Loza Ochoa<\/b>, inform\u00f3 que s\u00ed hay casos de\u00a0<b class=\"bold\">familias desplazadas<\/b>\u00a0por la ola de violencia, sin embargo, las cifras totales no son las que se han registrado en este organismo, ya que solo han contabilizado alrededor de\u00a0<b class=\"bold\">200<\/b>\u00a0en los \u00faltimos cuatro meses, periodo en el que iniciaron los hechos violentos.<\/p>\n<p class=\"Typography_text-default__P3otY Typography_weight-normal__pqUbH Typography_text-default__P3otY Typography_weight-normal__pqUbH\">El activista asegur\u00f3 que las\u00a0<b class=\"bold\">familias<\/b>\u00a0que han tenido que abandonar sus hogares son principalmente cercanos a la ciudad de\u00a0<b class=\"bold\">Culiac\u00e1n<\/b>\u00a0y provienen de\u00a0<b class=\"bold\">Eldorado, Imala, Tepuche<\/b>\u00a0y\u00a0<b class=\"bold\">Costa Rica<\/b>.<\/p>\n<p class=\"Typography_text-default__P3otY Typography_weight-normal__pqUbH Typography_text-default__P3otY Typography_weight-normal__pqUbH\">Otras cifras que se hab\u00edan registrado en la\u00a0<b class=\"bold\">Secretar\u00eda de Bienestar y Desarrollo Sustentable<\/b>\u00a0eran alrededor de\u00a0<b class=\"bold\">mil 180 familias<\/b>\u00a0las desplazadas por la violencia en el estado.<\/p>\n<div class=\"Summary_summary__gpJTn\">\n<p class=\"Typography_text-xl__yFuoP Typography_weight-normal__pqUbH\"><strong>Casos<\/strong><\/p>\n<\/div>\n<p class=\"Typography_text-default__P3otY Typography_weight-normal__pqUbH Typography_text-default__P3otY Typography_weight-normal__pqUbH\">El presidente de la\u00a0<b class=\"bold\">Comisi\u00f3n de Defensa de Derechos Humanos en Sinaloa<\/b>, manifest\u00f3 que recientemente tuvieron que auxiliar a una\u00a0<b class=\"bold\">familia<\/b>\u00a0proveniente de\u00a0<b class=\"bold\">Eldorado<\/b>, que sali\u00f3 amenazada y ten\u00edan\u00a0<b class=\"bold\">12 horas<\/b>\u00a0para abandonar el estado, y al presentar gravedad de salud una\u00a0<b class=\"bold\">adulta mayor<\/b>, tuvieron que internarla en el seguro y posteriormente conseguir boletos de traslados de\u00a0<b class=\"bold\">cuatro miembros<\/b>\u00a0de la\u00a0<b class=\"bold\">familia<\/b>\u00a0para que salieran del estado de\u00a0<b class=\"bold\">Sinaloa<\/b>.<\/p>\n<p class=\"Typography_text-default__P3otY Typography_weight-normal__pqUbH Typography_text-default__P3otY Typography_weight-normal__pqUbH\">Agreg\u00f3 que son algunas\u00a0<b class=\"bold\">12 familias<\/b>\u00a0m\u00e1s en esas circunstancias las que se han sumado a esta lista y son provenientes de las sindicaturas de alrededor de\u00a0<b class=\"bold\">Culiac\u00e1n<\/b>.<br \/>\n\u201c<i class=\"italic\">El obvio que el n\u00famero de personas y\u00a0<b class=\"bold\">familias<\/b>\u00a0que han salido, por razones de violencia es mucho, pero mucho m\u00e1s alto, al principio de la ola de esta violencia se dec\u00eda de\u00a0<b class=\"bold\">200 familias<\/b>, pero ahorita se han perdido, las\u00a0<b class=\"bold\">familias<\/b>\u00a0han buscado ocultarse y ponerse a salvo antes que todo\u201d<\/i>, se\u00f1al\u00f3.<br \/>\nConsider\u00f3 que la\u00a0<b class=\"bold\">Secretar\u00eda de Bienestar y Desarrollo Sustentable<\/b>\u00a0del estado de\u00a0<b class=\"bold\">Sinaloa (Sebides)<\/b>\u00a0tiene que hacer un esfuerzo extraordinario para localizar y documentar los casos, atendiendo lo que establece los principios rectores de atenci\u00f3n a\u00a0<b class=\"bold\">desplazados<\/b>\u00a0que la\u00a0<b class=\"bold\">Organizaci\u00f3n de las Naciones Unidas (ONU)<\/b>\u00a0ha emitido.<\/p>\n<figure class=\"Picture_picture__jeuFM\">\n<p><div style=\"width: 1910px\" class=\"wp-caption alignnone\"><img loading=\"lazy\" decoding=\"async\" class=\"Image_image__tzQM0\" src=\"https:\/\/oem.com.mx\/elsoldesinaloa\/img\/21064617\/1736685284\/BASE_LANDSCAPE\/1900\/oscar%20loza.webp\" alt=\"oscar-loza\" width=\"1900\" height=\"3378\" data-nimg=\"1\" \/><p class=\"wp-caption-text\">\u00d3scar Loza se\u00f1ala las comunidades que han abandonado.\u00a0\/\u00a0Foto: Cortes\u00eda \/ \u00d3scar Loza<\/p><\/div><figcaption><\/figcaption><\/figure>\n<div class=\"Summary_summary__gpJTn\">\n<p class=\"Typography_text-xl__yFuoP Typography_weight-normal__pqUbH\"><strong>Acciones<\/strong><\/p>\n<\/div>\n<p class=\"Typography_text-default__P3otY Typography_weight-normal__pqUbH Typography_text-default__P3otY Typography_weight-normal__pqUbH\"><b class=\"bold\">Oscar Loza Ochoa<\/b>\u00a0manifest\u00f3 que hace mucha sensibilidad por parte de la\u00a0<b class=\"bold\">Sebides<\/b>\u00a0para atender a las\u00a0<b class=\"bold\">familias<\/b>\u00a0que se encuentran en una situaci\u00f3n de\u00a0<b class=\"bold\">vulnerabilidad<\/b>\u00a0al ser desalojadas de sus hogares y tener que huir de la\u00a0<b class=\"bold\">violencia<\/b>.<\/p>\n<p class=\"Typography_text-default__P3otY Typography_weight-normal__pqUbH Typography_text-default__P3otY Typography_weight-normal__pqUbH\">\u201c<i class=\"italic\">No s\u00e9 t\u00e9cnicamente que tengan que hacer, pero el\u00a0<b class=\"bold\">gobierno del estado<\/b>\u00a0est\u00e1 presente en todas las comunidades del estado y las autoridades locales deber\u00edan de hacer el esfuerzo por ubicar a estas personas y con toda la discreci\u00f3n que se debe correr en este caso, deben dar conocimiento a\u00a0<b class=\"bold\">Sebides<\/b>\u00a0para que tomen las medidas\u201d,<\/i>\u00a0indic\u00f3.<br \/>\nEn ese sentido, declar\u00f3 que actualmente es una situaci\u00f3n m\u00e1s dif\u00edcil a la que se present\u00f3 de\u00a0<b class=\"bold\">Julio a Agosto del 2023<\/b>\u00a0a como la que se est\u00e1 viviendo actualmente desde el pasado\u00a0<b class=\"bold\">04 de septiembre 2024<\/b>\u00a0al presente\u00a0<b class=\"bold\">enero del 2025<\/b>, ya que no tiene la ubicaci\u00f3n de estas\u00a0<b class=\"bold\">familias<\/b>\u00a0y no se conoce el sufrimiento que est\u00e1n pasando, pues se est\u00e1 haciendo en una\u00a0<b class=\"bold\">orfandad social<\/b>\u00a0al darse la atenci\u00f3n debida por parte de la\u00a0<b class=\"bold\">autoridad<\/b>.<\/p>\n<p class=\"Typography_text-default__P3otY Typography_weight-normal__pqUbH Typography_text-default__P3otY Typography_weight-normal__pqUbH\">\u201c<i class=\"italic\">En primer lugar hace falta\u00a0<b class=\"bold\">sensibilidad<\/b>\u00a0y estar dispuestos a llevar la ayuda hasta donde est\u00e9n las personas y donde lo est\u00e9n necesitando, y en ello no solo ver la atenci\u00f3n de\u00a0<b class=\"bold\">alimentaci\u00f3n<\/b>, sino de\u00a0<b class=\"bold\">salud<\/b>\u201d,<\/i>\u00a0manifest\u00f3.<\/p>\n<div class=\"Summary_summary__gpJTn\">\n<p class=\"Typography_text-xl__yFuoP Typography_weight-normal__pqUbH\"><strong>Comunidades afectadas y municipios<\/strong><\/p>\n<\/div>\n<p class=\"Typography_text-default__P3otY Typography_weight-normal__pqUbH Typography_text-default__P3otY Typography_weight-normal__pqUbH\">Con esta ola de\u00a0<b class=\"bold\">violencia<\/b>\u00a0las personas m\u00e1s afectadas est\u00e1n en los municipios de\u00a0<b class=\"bold\">Concordia<\/b>\u00a0y\u00a0<b class=\"bold\">Culiac\u00e1n<\/b>, donde lamentablemente la\u00a0<b class=\"bold\">violencia<\/b>\u00a0ha presentado una tendencia al alza, y estas son\u00a0<b class=\"bold\">Palmito<\/b>\u00a0y\u00a0<b class=\"bold\">La Petaca<\/b>\u00a0en\u00a0<b class=\"bold\">Concordia<\/b>;\u00a0<b class=\"bold\">Tepuche, Costa Rica, Imala, Culiac\u00e1n<\/b>;\u00a0<b class=\"bold\">Potrerillos<\/b>\u00a0y\u00a0<b class=\"bold\">La Rastra<\/b>\u00a0en\u00a0<b class=\"bold\">El Rosario<\/b>.<\/p>\n<p class=\"Typography_text-default__P3otY Typography_weight-normal__pqUbH Typography_text-default__P3otY Typography_weight-normal__pqUbH\">Seg\u00fan autoridades, han informado que los apoyos del\u00a0<b class=\"bold\">gobierno de Sinaloa<\/b>\u00a0consisten en\u00a0<b class=\"bold\">despensas, colchonetas, catres, abanicos<\/b>\u00a0en tiempo de calor y en temporada de invierno consisten en\u00a0<b class=\"bold\">chamarras<\/b>\u00a0y\u00a0<b class=\"bold\">cobijas<\/b>, adem\u00e1s de brigadas de\u00a0<b class=\"bold\">salud<\/b>.<\/p>\n<\/div>\n<p>Con informaci\u00f3n del Sol de Sinaloa<\/p>\n","protected":false},"excerpt":{"rendered":"<p>El choque entre grupos criminales ha provocado la huida de familias en Costa Rica, Imala, Eldorado y Tepuche, seg\u00fan el activista \u00d3scar Loza Ochoa. Mario N\u00fa\u00f1ez Culiac\u00e1n, Sin.&#8211; El presidente de la\u00a0Comisi\u00f3n de Defensa de Derechos Humanos en Sinaloa,\u00a0Oscar Loza Ochoa, inform\u00f3 que s\u00ed hay casos de\u00a0familias desplazadas\u00a0por la ola de violencia, sin embargo, las cifras totales no son las que se han registrado en este organismo, ya que solo han contabilizado alrededor de\u00a0200\u00a0en los \u00faltimos cuatro meses, periodo en el que iniciaron los hechos violentos. El activista asegur\u00f3 que las\u00a0familias\u00a0que han tenido que abandonar sus hogares son principalmente cercanos [&hellip;]<\/p>\n","protected":false},"author":3,"featured_media":112065,"comment_status":"open","ping_status":"open","sticky":false,"template":"","format":"standard","meta":{"_jetpack_newsletter_access":"","_jetpack_dont_email_post_to_subs":false,"_jetpack_newsletter_tier_id":0,"_jetpack_memberships_contains_paywalled_content":false,"_jetpack_feature_clip_id":0,"_jetpack_memberships_contains_paid_content":false,"footnotes":"","jetpack_publicize_message":"","jetpack_publicize_feature_enabled":true,"jetpack_social_post_already_shared":true,"jetpack_social_options":{"image_generator_settings":{"template":"highway","default_image_id":0,"font":"","enabled":false},"version":2},"jetpack_post_was_ever_published":false},"categories":[90,72],"tags":[],"class_list":["post-112062","post","type-post","status-publish","format-standard","has-post-thumbnail","hentry","category-estatal","category-portada","post--single"],"jetpack_publicize_connections":[],"jetpack_featured_media_url":"https:\/\/ovelanalista.com\/wp-content\/uploads\/2025\/01\/Costa-Rica-Sinaloa.webp","jetpack_sharing_enabled":true,"_links":{"self":[{"href":"https:\/\/ovelanalista.com\/index.php?rest_route=\/wp\/v2\/posts\/112062","targetHints":{"allow":["GET"]}}],"collection":[{"href":"https:\/\/ovelanalista.com\/index.php?rest_route=\/wp\/v2\/posts"}],"about":[{"href":"https:\/\/ovelanalista.com\/index.php?rest_route=\/wp\/v2\/types\/post"}],"author":[{"embeddable":true,"href":"https:\/\/ovelanalista.com\/index.php?rest_route=\/wp\/v2\/users\/3"}],"replies":[{"embeddable":true,"href":"https:\/\/ovelanalista.com\/index.php?rest_route=%2Fwp%2Fv2%2Fcomments&post=112062"}],"version-history":[{"count":1,"href":"https:\/\/ovelanalista.com\/index.php?rest_route=\/wp\/v2\/posts\/112062\/revisions"}],"predecessor-version":[{"id":112067,"href":"https:\/\/ovelanalista.com\/index.php?rest_route=\/wp\/v2\/posts\/112062\/revisions\/112067"}],"wp:featuredmedia":[{"embeddable":true,"href":"https:\/\/ovelanalista.com\/index.php?rest_route=\/wp\/v2\/media\/112065"}],"wp:attachment":[{"href":"https:\/\/ovelanalista.com\/index.php?rest_route=%2Fwp%2Fv2%2Fmedia&parent=112062"}],"wp:term":[{"taxonomy":"category","embeddable":true,"href":"https:\/\/ovelanalista.com\/index.php?rest_route=%2Fwp%2Fv2%2Fcategories&post=112062"},{"taxonomy":"post_tag","embeddable":true,"href":"https:\/\/ovelanalista.com\/index.php?rest_route=%2Fwp%2Fv2%2Ftags&post=112062"}],"curies":[{"name":"wp","href":"https:\/\/api.w.org\/{rel}","templated":true}]}}