{"id":112066,"date":"2025-01-13T18:21:21","date_gmt":"2025-01-14T01:21:21","guid":{"rendered":"https:\/\/ovelanalista.com\/?p=112066"},"modified":"2025-01-13T18:21:21","modified_gmt":"2025-01-14T01:21:21","slug":"analizan-contaminacion-del-estero-de-urias-en-sinaloa","status":"publish","type":"post","link":"https:\/\/ovelanalista.com\/?p=112066","title":{"rendered":"Analizan contaminaci\u00f3n del Estero de Ur\u00edas, en Sinaloa"},"content":{"rendered":"<p class=\"post-subtitle\"><strong>Los universitarios estudiaron los micropl\u00e1sticos del lugar; el pol\u00edmero m\u00e1s abundante es el PET: Ana Carolina Ruiz Fern\u00e1ndez.<\/strong><\/p>\n<p><strong>Laura Luc\u00eda Romero Mireles<\/strong><\/p>\n<p>Por primera vez en M\u00e9xico, cient\u00edficos del Instituto de Ciencias del Mar y Limnolog\u00eda de la UNAM reconstruyeron la historia de la contaminaci\u00f3n por micropl\u00e1sticos, en la laguna costera Estero de Ur\u00edas, ubicada en Mazatl\u00e1n, Sinaloa. Este trabajo es uno de los pocos estudios hechos en el \u00e1mbito mundial que ofrece una visi\u00f3n a largo plazo de este importante problema ambiental.<\/p>\n<p>Ana Carolina Ruiz Fern\u00e1ndez, responsable del Laboratorio de Geoqu\u00edmica Isot\u00f3pica y Geocronolog\u00eda del ICMyL, y l\u00edder de la investigaci\u00f3n; as\u00ed como Joan Albert S\u00e1nchez Cabeza, responsable de los Observatorios Costeros del Cambio Global y del Laboratorio Cambio Global y Clim\u00e1tico del ICMyL, y coautor del estudio, explicaron que \u00e9ste se realiz\u00f3 para reconstruir c\u00f3mo ha variado la contaminaci\u00f3n por micropl\u00e1sticos de ese cuerpo de agua desde el siglo pasado, y hace \u00e9nfasis en el periodo a partir de 1950, a\u00f1o en que comenz\u00f3 la producci\u00f3n industrial masiva de pl\u00e1sticos.<\/p>\n<p>Con base en el an\u00e1lisis del registro de micropl\u00e1sticos en sedimentos fechados con plomo-210 fue posible evaluar c\u00f3mo ha cambiado con el tiempo el flujo de estos contaminantes en el sitio, y su relaci\u00f3n con el crecimiento de la poblaci\u00f3n en Mazatl\u00e1n, as\u00ed como con la disponibilidad de los pl\u00e1sticos en el mundo, coment\u00f3 Ruiz Fern\u00e1ndez.<\/p>\n<p>A\u00f1adi\u00f3 que, aunque desde mediados del siglo pasado hasta finales de los a\u00f1os 80 la producci\u00f3n de pl\u00e1sticos mostr\u00f3 una tendencia creciente, a partir de los a\u00f1os 90 se aceler\u00f3 significativamente, superando notablemente el ritmo de crecimiento de los 30 a\u00f1os previos.<\/p>\n<p>Cuatro plantas tratadoras de aguas residuales (que no retienen los micropl\u00e1sticos) y varias granjas de camaronicultura descargan sus efluentes al interior de la laguna, lo cual probablemente ha contribuido a agravar la situaci\u00f3n, al grado que los niveles de micropl\u00e1sticos en el Estero de Ur\u00edas se encuentran entre los m\u00e1s altos en el \u00e1mbito global, en comparaci\u00f3n con otros estudios realizados en sedimentos fechados con Plomo-210 (<sup>210<\/sup>Pb).<\/p>\n<p>Es preocupante porque en esa laguna se efect\u00faa pesca de subsistencia, y la contaminaci\u00f3n ir\u00e1 a parar tambi\u00e9n a la biota de la que se alimentan los pobladores de la regi\u00f3n, alert\u00f3 la experta.<\/p>\n<p>S\u00e1nchez Cabeza precis\u00f3 que los sedimentos son como \u201cun libro\u201d, un registro del ambiente capa tras capa, cuyas \u201cp\u00e1ginas\u201d se pasan hacia atr\u00e1s para reconstruir la historia.<\/p>\n<p>En el estudio se determin\u00f3 que el pol\u00edmero m\u00e1s abundante es el tereftalato de polietileno (PET, el de las botellas de refresco y agua), lo cual se explica por su alto consumo y mal manejo, ya que hist\u00f3ricamente el porcentaje que se recicla de pl\u00e1sticos es bajo, asever\u00f3 Ana Carolina Ruiz.<\/p>\n<p>La t\u00e9cnica m\u00e1s importante empleada fue el\u00a0<sup>210<\/sup>Pb, un radiois\u00f3topo natural que sirve como indicador de periodos de deposici\u00f3n de los \u00faltimos cien a\u00f1os. \u201cDe esta manera fechamos a los sedimentos y con ello se hace la reconstrucci\u00f3n de la historia de los cambios ambientales. Nos da informaci\u00f3n de largo plazo en un solo muestreo\u201d, agreg\u00f3.<\/p>\n<h2 class=\"subtitulo\">Amplia distribuci\u00f3n<\/h2>\n<p>El equipo cient\u00edfico forma parte de la Red de Investigaci\u00f3n de Estresores Marinos\u2013 Costeros en Latinoam\u00e9rica y el Caribe, en el contexto del proyecto de cooperaci\u00f3n RLA7028 del Organismo Internacional de Energ\u00eda At\u00f3mica que, junto con la Universidad Nacional, financi\u00f3 la investigaci\u00f3n.<\/p>\n<p>Ana Carolina Ruiz apunt\u00f3 que, a pesar de que son emergentes, es decir, relativamente nuevos, estos contaminantes tienen una distribuci\u00f3n amplia, pues se han encontrado \u201cdesde el Himalaya hasta la Fosa de las Marianas\u201d. La enorme liberaci\u00f3n de part\u00edculas pl\u00e1sticas a la atm\u00f3sfera y a los sistemas acu\u00e1ticos se debe a un consumo excesivo de ese material y a la mala gesti\u00f3n de residuos, destac\u00f3.<\/p>\n<p>\u201cEl grave problema que tenemos con eso es que no \u00fanicamente se acumulan en los ecosistemas, en este caso marinos, sino que los ingiere la biota; la fauna no s\u00f3lo deja de comer porque se sacia ingiriendo part\u00edculas pl\u00e1sticas, sino que hay problemas de reproducci\u00f3n porque se liberan qu\u00edmicos, usados como aditivos en la fabricaci\u00f3n de los pl\u00e1sticos, que se sabe son disruptores endocrinos\u201d, puntualiz\u00f3.<\/p>\n<p>En el caso de los seres humanos, advirti\u00f3, los respiramos y entran en nuestros pulmones; tambi\u00e9n los ingerimos en el agua embotellada y hasta en productos vegetales, porque los cultivos los van absorbiendo durante el proceso de producci\u00f3n agr\u00edcola.<\/p>\n<p>Joan Albert S\u00e1nchez Cabeza indic\u00f3 que se denomina micropl\u00e1sticos a las part\u00edculas pl\u00e1sticas menores a cinco mil\u00edmetros, \u201caunque su nombre correcto deber\u00eda ser milipl\u00e1sticos, porque su tama\u00f1o es de mil\u00edmetros, no de micras\u201d.<\/p>\n<p>Se han encontrado en tejidos de personas fallecidas, en \u00f3rganos como pulmones e intestinos, inclusive en individuos vivos se han detectado en el l\u00edquido amni\u00f3tico y en la sangre, finaliz\u00f3 la cient\u00edfica.<\/p>\n<p>&nbsp;<\/p>\n<p>Con informaci\u00f3n de Gaceta UNAM<\/p>\n","protected":false},"excerpt":{"rendered":"<p>Los universitarios estudiaron los micropl\u00e1sticos del lugar; el pol\u00edmero m\u00e1s abundante es el PET: Ana Carolina Ruiz Fern\u00e1ndez. Laura Luc\u00eda Romero Mireles Por primera vez en M\u00e9xico, cient\u00edficos del Instituto de Ciencias del Mar y Limnolog\u00eda de la UNAM reconstruyeron la historia de la contaminaci\u00f3n por micropl\u00e1sticos, en la laguna costera Estero de Ur\u00edas, ubicada en Mazatl\u00e1n, Sinaloa. Este trabajo es uno de los pocos estudios hechos en el \u00e1mbito mundial que ofrece una visi\u00f3n a largo plazo de este importante problema ambiental. Ana Carolina Ruiz Fern\u00e1ndez, responsable del Laboratorio de Geoqu\u00edmica Isot\u00f3pica y Geocronolog\u00eda del ICMyL, y l\u00edder de [&hellip;]<\/p>\n","protected":false},"author":3,"featured_media":112068,"comment_status":"open","ping_status":"open","sticky":false,"template":"","format":"standard","meta":{"_jetpack_newsletter_access":"","_jetpack_dont_email_post_to_subs":false,"_jetpack_newsletter_tier_id":0,"_jetpack_memberships_contains_paywalled_content":false,"_jetpack_feature_clip_id":0,"_jetpack_memberships_contains_paid_content":false,"footnotes":"","jetpack_publicize_message":"","jetpack_publicize_feature_enabled":true,"jetpack_social_post_already_shared":true,"jetpack_social_options":{"image_generator_settings":{"template":"highway","default_image_id":0,"font":"","enabled":false},"version":2},"jetpack_post_was_ever_published":false},"categories":[90,72],"tags":[],"class_list":["post-112066","post","type-post","status-publish","format-standard","has-post-thumbnail","hentry","category-estatal","category-portada","post--single"],"jetpack_publicize_connections":[],"jetpack_featured_media_url":"https:\/\/ovelanalista.com\/wp-content\/uploads\/2025\/01\/250113-aca4-des-f1-analizan-contaminacion-del-Estero-de-Urias-Sinaloa.jpg","jetpack_sharing_enabled":true,"_links":{"self":[{"href":"https:\/\/ovelanalista.com\/index.php?rest_route=\/wp\/v2\/posts\/112066","targetHints":{"allow":["GET"]}}],"collection":[{"href":"https:\/\/ovelanalista.com\/index.php?rest_route=\/wp\/v2\/posts"}],"about":[{"href":"https:\/\/ovelanalista.com\/index.php?rest_route=\/wp\/v2\/types\/post"}],"author":[{"embeddable":true,"href":"https:\/\/ovelanalista.com\/index.php?rest_route=\/wp\/v2\/users\/3"}],"replies":[{"embeddable":true,"href":"https:\/\/ovelanalista.com\/index.php?rest_route=%2Fwp%2Fv2%2Fcomments&post=112066"}],"version-history":[{"count":1,"href":"https:\/\/ovelanalista.com\/index.php?rest_route=\/wp\/v2\/posts\/112066\/revisions"}],"predecessor-version":[{"id":112069,"href":"https:\/\/ovelanalista.com\/index.php?rest_route=\/wp\/v2\/posts\/112066\/revisions\/112069"}],"wp:featuredmedia":[{"embeddable":true,"href":"https:\/\/ovelanalista.com\/index.php?rest_route=\/wp\/v2\/media\/112068"}],"wp:attachment":[{"href":"https:\/\/ovelanalista.com\/index.php?rest_route=%2Fwp%2Fv2%2Fmedia&parent=112066"}],"wp:term":[{"taxonomy":"category","embeddable":true,"href":"https:\/\/ovelanalista.com\/index.php?rest_route=%2Fwp%2Fv2%2Fcategories&post=112066"},{"taxonomy":"post_tag","embeddable":true,"href":"https:\/\/ovelanalista.com\/index.php?rest_route=%2Fwp%2Fv2%2Ftags&post=112066"}],"curies":[{"name":"wp","href":"https:\/\/api.w.org\/{rel}","templated":true}]}}