{"id":112070,"date":"2025-01-13T18:26:44","date_gmt":"2025-01-14T01:26:44","guid":{"rendered":"https:\/\/ovelanalista.com\/?p=112070"},"modified":"2025-01-13T18:26:44","modified_gmt":"2025-01-14T01:26:44","slug":"sigue-la-escalada-de-violencia-en-sinaloa","status":"publish","type":"post","link":"https:\/\/ovelanalista.com\/?p=112070","title":{"rendered":"Sigue la escalada de violencia en Sinaloa"},"content":{"rendered":"<h2 class=\"entry-sub-title\">Conflictos entre La Mayiza y Los Chapitos desatan masacres y escenas de terror en Culiac\u00e1n.<\/h2>\n<p>Sinaloa enfrenta una escalada de violencia desde la detenci\u00f3n de Ismael \u201cEl Mayo\u201d Zambada por las autoridades de Estados Unidos, lo que ha provocado un enfrentamiento interno en el C\u00e1rtel de Sinaloa entre los grupos de La Mayiza y Los Chapitos.<\/p>\n<p>La aparente traici\u00f3n de Los Chapitos desat\u00f3 una guerra que ha derivado en una serie de masacres y cr\u00edmenes brutales que las autoridades a\u00fan no logran contener. Escenarios dantescos con m\u00faltiples asesinatos y mensajes macabros, como sombreros que aluden a miembros de La Mayiza o cajas de pizza asociadas con La Chapiza, han inundado las calles de Culiac\u00e1n.<\/p>\n<p>Entre los episodios m\u00e1s violentos destacan:<\/p>\n<ul>\n<li><strong>13 de noviembre<\/strong>: Restos de al menos 10 personas fueron encontrados esparcidos en varios puntos de Culiac\u00e1n.<\/li>\n<li><strong>28 de noviembre<\/strong>: 13 homicidios registrados en la capital, incluyendo ataques en centros de apuestas conocidos como \u201cJugadas\u201d.<\/li>\n<li><strong>30 de noviembre<\/strong>: Se localizaron seis cuerpos apilados en una camioneta abandonada en la maxipista Culiac\u00e1n-Mazatl\u00e1n, adem\u00e1s de otros cuatro cad\u00e1veres en diferentes puntos de la ciudad.<\/li>\n<\/ul>\n<div><\/div>\n<p>A pesar de los esfuerzos gubernamentales, la violencia sigue intensific\u00e1ndose, dejando a la poblaci\u00f3n en un clima de incertidumbre y miedo. Las autoridades han sido criticadas por no contener el conflicto, mientras que expertos advierten que este enfrentamiento podr\u00eda extenderse a otras regiones del pa\u00eds.<\/p>\n<div class=\"g g-4\"><\/div>\n<div>Con informaci\u00f3n de Revista punto de vista<\/div>\n","protected":false},"excerpt":{"rendered":"<p>Conflictos entre La Mayiza y Los Chapitos desatan masacres y escenas de terror en Culiac\u00e1n. Sinaloa enfrenta una escalada de violencia desde la detenci\u00f3n de Ismael \u201cEl Mayo\u201d Zambada por las autoridades de Estados Unidos, lo que ha provocado un enfrentamiento interno en el C\u00e1rtel de Sinaloa entre los grupos de La Mayiza y Los Chapitos. La aparente traici\u00f3n de Los Chapitos desat\u00f3 una guerra que ha derivado en una serie de masacres y cr\u00edmenes brutales que las autoridades a\u00fan no logran contener. Escenarios dantescos con m\u00faltiples asesinatos y mensajes macabros, como sombreros que aluden a miembros de La Mayiza [&hellip;]<\/p>\n","protected":false},"author":3,"featured_media":112071,"comment_status":"open","ping_status":"open","sticky":false,"template":"","format":"standard","meta":{"_jetpack_newsletter_access":"","_jetpack_dont_email_post_to_subs":false,"_jetpack_newsletter_tier_id":0,"_jetpack_memberships_contains_paywalled_content":false,"_jetpack_feature_clip_id":0,"_jetpack_memberships_contains_paid_content":false,"footnotes":"","jetpack_publicize_message":"","jetpack_publicize_feature_enabled":true,"jetpack_social_post_already_shared":true,"jetpack_social_options":{"image_generator_settings":{"template":"highway","default_image_id":0,"font":"","enabled":false},"version":2},"jetpack_post_was_ever_published":false},"categories":[90,72],"tags":[],"class_list":["post-112070","post","type-post","status-publish","format-standard","has-post-thumbnail","hentry","category-estatal","category-portada","post--single"],"jetpack_publicize_connections":[],"jetpack_featured_media_url":"https:\/\/ovelanalista.com\/wp-content\/uploads\/2025\/01\/Enfrentamientos-en-sinaloa.jpg","jetpack_sharing_enabled":true,"_links":{"self":[{"href":"https:\/\/ovelanalista.com\/index.php?rest_route=\/wp\/v2\/posts\/112070","targetHints":{"allow":["GET"]}}],"collection":[{"href":"https:\/\/ovelanalista.com\/index.php?rest_route=\/wp\/v2\/posts"}],"about":[{"href":"https:\/\/ovelanalista.com\/index.php?rest_route=\/wp\/v2\/types\/post"}],"author":[{"embeddable":true,"href":"https:\/\/ovelanalista.com\/index.php?rest_route=\/wp\/v2\/users\/3"}],"replies":[{"embeddable":true,"href":"https:\/\/ovelanalista.com\/index.php?rest_route=%2Fwp%2Fv2%2Fcomments&post=112070"}],"version-history":[{"count":1,"href":"https:\/\/ovelanalista.com\/index.php?rest_route=\/wp\/v2\/posts\/112070\/revisions"}],"predecessor-version":[{"id":112073,"href":"https:\/\/ovelanalista.com\/index.php?rest_route=\/wp\/v2\/posts\/112070\/revisions\/112073"}],"wp:featuredmedia":[{"embeddable":true,"href":"https:\/\/ovelanalista.com\/index.php?rest_route=\/wp\/v2\/media\/112071"}],"wp:attachment":[{"href":"https:\/\/ovelanalista.com\/index.php?rest_route=%2Fwp%2Fv2%2Fmedia&parent=112070"}],"wp:term":[{"taxonomy":"category","embeddable":true,"href":"https:\/\/ovelanalista.com\/index.php?rest_route=%2Fwp%2Fv2%2Fcategories&post=112070"},{"taxonomy":"post_tag","embeddable":true,"href":"https:\/\/ovelanalista.com\/index.php?rest_route=%2Fwp%2Fv2%2Ftags&post=112070"}],"curies":[{"name":"wp","href":"https:\/\/api.w.org\/{rel}","templated":true}]}}