{"id":112072,"date":"2025-01-13T18:31:29","date_gmt":"2025-01-14T01:31:29","guid":{"rendered":"https:\/\/ovelanalista.com\/?p=112072"},"modified":"2025-01-13T18:31:29","modified_gmt":"2025-01-14T01:31:29","slug":"violencia-en-sinaloa-agravara-la-desaceleracion-economica-que-ya-enfrenta-mexico-alerta-el-lacen","status":"publish","type":"post","link":"https:\/\/ovelanalista.com\/?p=112072","title":{"rendered":"Violencia en Sinaloa agravar\u00e1 la desaceleraci\u00f3n econ\u00f3mica que ya enfrenta M\u00e9xico, alerta el Lacen"},"content":{"rendered":"<p><span class=\"f4_article-info__excerpt entry-summary\">La inseguridad, inflaci\u00f3n y desempleo, detall\u00f3 el Lacen, inciden en la reducci\u00f3n del ingreso laboral y\u00a0 disminuci\u00f3n del gasto monetario de los hogares afectando el poder adquisitivo.<\/span><\/p>\n<div id=\"powerbeans-widget\" class=\"light\" data-mounted=\"true\">\n<div class=\"App beans-bg-primary beans-relative beans-flex beans-justify-around beans-flex-row beans-py-2 beans-items-center beans-rounded-xl beans-py-1 beans-px-3 beans-drop-shadow-md\">\n<div id=\"powerbeans-player-container\" class=\"!beans-flex beans-items-center beans-justify-center !beans-w-full\">\n<div class=\"beans-flex beans-flex-col !beans-w-full\">\n<div class=\"beans-flex beans-flex-col beans-gap-2\">\n<div class=\"beans-flex beans-gap-3.5 beans-py-1\">\n<div class=\"beans-flex beans-flex-col beans-justify-end beans-grow\">\n<div class=\"beans-transition-all beans-linear beans-duration-300 beans-mb-[3px]\">\n<div class=\"beans-flex beans-gap-1 beans-w-full\">La violencia y los enfrentamientos registrados desde hace 4 meses entre Los Chapitos y la Mayiza, integrantes del C\u00e1rtel de Sinaloa, agravar\u00e1 la desaceleraci\u00f3n econ\u00f3mica que ya enfrenta M\u00e9xico, alert\u00f3 el Laboratorio de An\u00e1lisis en Comercio, Econom\u00eda y Negocios<strong><a href=\"https:\/\/lacen.com.mx\/\">(LACEN)<\/a><\/strong>, un think tank de la UNAM.<\/div>\n<\/div>\n<\/div>\n<\/div>\n<\/div>\n<\/div>\n<\/div>\n<\/div>\n<\/div>\n<div><\/div>\n<div>El ejemplo donde la percepci\u00f3n social sobre inseguridad p\u00fablica ha incrementado en Sinaloa, donde la inseguridad en Culiac\u00e1n pas\u00f3 de 44.7 a 55.7 por ciento; en Mazatl\u00e1n de 34.3 a 40 por\u00a0 ciento y en Los Mochis se elev\u00f3 de 18.7 a 23.5 por ciento, se\u00f1al\u00f3 Jos\u00e9 Ignacio Mart\u00ednez Cort\u00e9s,\u00a0coordinador del Lacen.<\/div>\n<div><\/div>\n<div>Sinaloa, detall\u00f3, es una de las principales entidades\u00a0tur\u00edsticas del pa\u00eds donde el turismo aporta el 7.0 por ciento del PIB estatal y genera el 17.8 por ciento del total del empleo generado en la entidad, as\u00ed como contribuye con el 3.9 por ciento de la riqueza del pa\u00eds.<\/div>\n<div><\/div>\n<div>\n<p>\u201cEsta situaci\u00f3n (de violencia en Sinaloa) amenaza con\u00a0agravar la desaceleraci\u00f3n econ\u00f3mica que ya enfrenta M\u00e9xico\u201d, dijo el investigador en el reporte 100 d\u00edas del gobierno de Claudia Sheinbaum Pardo, entre la inseguridad y desaceleraci\u00f3n econ\u00f3mica.<\/p>\n<p>La inseguridad, inflaci\u00f3n y desempleo, detall\u00f3 el Lacen, inciden en la reducci\u00f3n del ingreso laboral y\u00a0 disminuci\u00f3n del gasto monetario de los hogares afectando el poder adquisitivo de 38 millones 453 mil\u00a0 personas que representan el 66.53 por ciento de la poblaci\u00f3n econ\u00f3micamente ocupada que perciben entre uno y\u00a0 dos salarios m\u00ednimos y no alcanzan a cubrir el m\u00ednimo de la canasta b\u00e1sica.<\/p>\n<p>\u201cEn los 100 d\u00edas del gobierno de la presidenta Claudia Sheinbaum Pardo (CSP) la ciudadan\u00eda no\u00a0percibe una mejora en seguridad y si en marzo no disminuye la inseguridad, el gobierno de Sheinbaum\u00a0Pardo y podr\u00eda perder el bono democr\u00e1tico de 36 millones de votantes con el cual lleg\u00f3 al poder\u201d, asegur\u00f3.<\/p>\n<\/div>\n<p>En los tres primeros tres meses de 2025, de acuerdo con el especialista, el gobierno de Sheinbaum Pardo deber\u00e1 mostrar resultados significativos en materia de seguridad, por lo que, si para\u00a0enero la ciudadan\u00eda no percibe una mejora seguridad, la credibilidad del nuevo gobierno se ver\u00e1\u00a0seriamente afectada y la presidenta podr\u00eda perder el bono democr\u00e1tico de 36 millones de votantes\u00a0con el cual lleg\u00f3 al poder.<\/p>\n<p class=\"fi-aic_90\">El Lacen a\u00f1adi\u00f3 que la p\u00e9rdida del bono democr\u00e1tico no solo deteriorar\u00eda la confianza de la\u00a0ciudadan\u00eda en su capacidad para enfrentar la crisis de seguridad, sino que tambi\u00e9n podr\u00eda abrir la puerta\u00a0a mayores cr\u00edticas desde la oposici\u00f3n.<\/p>\n<p>\u201cLa seguridad ha sido uno de los temas m\u00e1s sensibles para el\u00a0electorado mexicano y el manejo de este rubro puede definir gran parte del \u00e9xito o fracaso del nuevo\u00a0gobierno; el reto de Claudia Sheinbaum en materia de seguridad est\u00e1 profundamente condicionado por la\u00a0eficacia de la quinteta de funcionarios clave y la capacidad de mostrar resultados inmediatos, por primera\u00a0 vez, el gobierno contar\u00e1 con un gabinete con mucha experiencia en seguridad p\u00fablica\u201d, se\u00f1al\u00f3.<\/p>\n<p class=\"fi-aic_90\">\u201cRicardo Trevilla Trejo, secretario de la Defensa Nacional, tiene\u00a0con una vasta experiencia en\u00a0 seguridad p\u00fablica,\u00a0 Raymundo Morales \u00c1ngeles, secretario de Marina especialista en seguridad nacional, Rosa Icela Rodr\u00edguez, secretaria de Gobernaci\u00f3n, juega un papel estrat\u00e9gico al haber liderado la Secretar\u00eda de Seguridad y\u00a0 Hern\u00e1n Cort\u00e9s Hern\u00e1ndez, nuevo comandante de la Guardia Nacional, es especialista en seguridad y defensa nacional\u201d, destac\u00f3.<\/p>\n<p>Para el Lacen, el conocimiento de los temas de seguridad y su capacidad de articulaci\u00f3n\u00a0 entre las diferentes instituciones ser\u00e1n esenciales para asegurar una pol\u00edtica coherente y bien ejecutada.<\/p>\n<p>El Lacen dijo que el gobierno debe blindar el mercado interno haciendo frente a la inseguridad en M\u00e9xico y Sinaloa para que\u00a0 el consumo fluya.<\/p>\n<div id=\"FIOnDemandWrapper_fiInstance_115429_5_1916084036714816\" class=\"FIOnDemandWrapper\"><\/div>\n<div>\n<div class=\"pinno_wraps\" data-post-id=\"11288398\">\n<div class=\"link-braces entry-content fi-auto\" data-post-id=\"11288398\">\n<p class=\"fi-aic_90\">\u201cTambi\u00e9n se debe brindar confianza al inversionista, certidumbre al empresario en M\u00e9xico y Sinaloa, as\u00ed como seguridad al\u00a0consumidor para amortiguar la reducci\u00f3n del PIB para 2025 cuya perspectiva est\u00e1 en 1.3 por ciento\u201d, dijo.<\/p>\n<p>El primer trimestre de 2025, la macroeconom\u00eda inicia con un ambiente de desaceleraci\u00f3n en tanto\u00a0 el comportamiento de la microeconom\u00eda tiene signos de estancamiento, aunado al clima de inseguridad\u00a0 que afecta el gasto de los hogares y la inversi\u00f3n empresarial, concluy\u00f3.<\/p>\n<\/div>\n<\/div>\n<div id=\"adUnObserve\"><\/div>\n<div data-google-query-id=\"CNeyju-H9IoDFbCEpgQd1IwRNA\">Con informaci\u00f3n de Forbes<\/div>\n<\/div>\n","protected":false},"excerpt":{"rendered":"<p>La inseguridad, inflaci\u00f3n y desempleo, detall\u00f3 el Lacen, inciden en la reducci\u00f3n del ingreso laboral y\u00a0 disminuci\u00f3n del gasto monetario de los hogares afectando el poder adquisitivo. La violencia y los enfrentamientos registrados desde hace 4 meses entre Los Chapitos y la Mayiza, integrantes del C\u00e1rtel de Sinaloa, agravar\u00e1 la desaceleraci\u00f3n econ\u00f3mica que ya enfrenta M\u00e9xico, alert\u00f3 el Laboratorio de An\u00e1lisis en Comercio, Econom\u00eda y Negocios(LACEN), un think tank de la UNAM. El ejemplo donde la percepci\u00f3n social sobre inseguridad p\u00fablica ha incrementado en Sinaloa, donde la inseguridad en Culiac\u00e1n pas\u00f3 de 44.7 a 55.7 por ciento; en Mazatl\u00e1n de [&hellip;]<\/p>\n","protected":false},"author":3,"featured_media":112075,"comment_status":"open","ping_status":"open","sticky":false,"template":"","format":"standard","meta":{"_jetpack_newsletter_access":"","_jetpack_dont_email_post_to_subs":false,"_jetpack_newsletter_tier_id":0,"_jetpack_memberships_contains_paywalled_content":false,"_jetpack_feature_clip_id":0,"_jetpack_memberships_contains_paid_content":false,"footnotes":"","jetpack_publicize_message":"","jetpack_publicize_feature_enabled":true,"jetpack_social_post_already_shared":true,"jetpack_social_options":{"image_generator_settings":{"template":"highway","default_image_id":0,"font":"","enabled":false},"version":2},"jetpack_post_was_ever_published":false},"categories":[90,72],"tags":[],"class_list":["post-112072","post","type-post","status-publish","format-standard","has-post-thumbnail","hentry","category-estatal","category-portada","post--single"],"jetpack_publicize_connections":[],"jetpack_featured_media_url":"https:\/\/ovelanalista.com\/wp-content\/uploads\/2025\/01\/2023-01-05T201402Z_1661146884_RC2EKY9ZNJI3_RTRMADP_3_MEXICO-VIOLENCE-1280x720-1.webp","jetpack_sharing_enabled":true,"_links":{"self":[{"href":"https:\/\/ovelanalista.com\/index.php?rest_route=\/wp\/v2\/posts\/112072","targetHints":{"allow":["GET"]}}],"collection":[{"href":"https:\/\/ovelanalista.com\/index.php?rest_route=\/wp\/v2\/posts"}],"about":[{"href":"https:\/\/ovelanalista.com\/index.php?rest_route=\/wp\/v2\/types\/post"}],"author":[{"embeddable":true,"href":"https:\/\/ovelanalista.com\/index.php?rest_route=\/wp\/v2\/users\/3"}],"replies":[{"embeddable":true,"href":"https:\/\/ovelanalista.com\/index.php?rest_route=%2Fwp%2Fv2%2Fcomments&post=112072"}],"version-history":[{"count":1,"href":"https:\/\/ovelanalista.com\/index.php?rest_route=\/wp\/v2\/posts\/112072\/revisions"}],"predecessor-version":[{"id":112076,"href":"https:\/\/ovelanalista.com\/index.php?rest_route=\/wp\/v2\/posts\/112072\/revisions\/112076"}],"wp:featuredmedia":[{"embeddable":true,"href":"https:\/\/ovelanalista.com\/index.php?rest_route=\/wp\/v2\/media\/112075"}],"wp:attachment":[{"href":"https:\/\/ovelanalista.com\/index.php?rest_route=%2Fwp%2Fv2%2Fmedia&parent=112072"}],"wp:term":[{"taxonomy":"category","embeddable":true,"href":"https:\/\/ovelanalista.com\/index.php?rest_route=%2Fwp%2Fv2%2Fcategories&post=112072"},{"taxonomy":"post_tag","embeddable":true,"href":"https:\/\/ovelanalista.com\/index.php?rest_route=%2Fwp%2Fv2%2Ftags&post=112072"}],"curies":[{"name":"wp","href":"https:\/\/api.w.org\/{rel}","templated":true}]}}