{"id":112077,"date":"2025-01-13T18:54:42","date_gmt":"2025-01-14T01:54:42","guid":{"rendered":"https:\/\/ovelanalista.com\/?p=112077"},"modified":"2025-01-13T18:54:42","modified_gmt":"2025-01-14T01:54:42","slug":"esta-es-su-casa-y-nunca-va-a-dejar-de-serlo-asegura-canciller-de-la-fuente-a-mexicanos-en-ee-uu","status":"publish","type":"post","link":"https:\/\/ovelanalista.com\/?p=112077","title":{"rendered":"\u201cEsta es su casa y nunca va a dejar de serlo\u201d, asegura canciller De la Fuente a mexicanos en EE.UU."},"content":{"rendered":"<p>De la Fuente Ram\u00edrez resalt\u00f3 que M\u00e9xico cuenta con una red consular en Estados Unidos que estar\u00e1 a la altura de las circunstancias.<\/p>\n<p>El\u00a0<strong>Gobierno de M\u00e9xico<\/strong>\u00a0har\u00e1 todo lo que est\u00e9 a su alcance para defender y hacer valer los derechos de los connacionales en el extranjero, particularmente en Estados Unidos, asegur\u00f3 este lunes el canciller\u00a0<strong>Juan Ram\u00f3n de la Fuente<\/strong>.<\/p>\n<p><iframe loading=\"lazy\" title=\"#EnVivo | Foro de consulta p\u00fablica para el Plan Nacional de Desarrollo 2025-2030.\" width=\"1200\" height=\"900\" src=\"https:\/\/www.youtube.com\/embed\/9aeNlxxPrY0?feature=oembed\" frameborder=\"0\" allow=\"accelerometer; autoplay; clipboard-write; encrypted-media; gyroscope; picture-in-picture; web-share\" referrerpolicy=\"strict-origin-when-cross-origin\" allowfullscreen><\/iframe><\/p>\n<p>Al encabezar en\u00a0<strong>Hermosillo<\/strong>,\u00a0<strong>Sonora<\/strong>, el\u00a0<strong>Foro Consultivo para la elaboraci\u00f3n del Plan Nacional de Desarrollo<\/strong>\u00a0(PND) 2025-2030, el titular de la\u00a0<strong>Secretar\u00eda de Relaciones Exteriores<\/strong>\u00a0(<strong>SRE<\/strong>) resalt\u00f3 que en la defensa de los mexicanos, independientemente de su estatus migratorio o del lugar donde se encuentren, se debe trabajar en unidad para enfrentar los retos que se tengan por delante sin importar su complejidad.<\/p>\n<p>El funcionario resalt\u00f3 que los mexicanos que decidan regresar o que se vean precisados a volver al pa\u00eds, ser\u00e1n recibidos con los brazos abiertos, incorporados a la fuerza laboral y contar\u00e1n con apoyos sociales. \u201cEsta es su\u00a0<strong>casa<\/strong>\u00a0y nunca va a\u00a0<strong>dejar de serlo<\/strong>, nunca\u201d.<\/p>\n<figure id=\"attachment_1682154\" class=\"wp-caption aligncenter\" aria-labelledby=\"figcaption_attachment_1682154\"><img loading=\"lazy\" decoding=\"async\" class=\"size-large wp-image-1682154 img-responsive perfmatters-lazy entered pmloaded\" title=\"\" src=\"https:\/\/i0.wp.com\/lopezdoriga.com\/wp-content\/uploads\/2025\/01\/juan-ramon-de-la-fuente-13012025-3.jpg?resize=800%2C539&amp;ssl=1\" sizes=\"auto, (max-width: 800px) 100vw, 800px\" srcset=\"https:\/\/i0.wp.com\/lopezdoriga.com\/wp-content\/uploads\/2025\/01\/juan-ramon-de-la-fuente-13012025-3-scaled.jpg?resize=1024%2C690&amp;ssl=1 1024w, https:\/\/i0.wp.com\/lopezdoriga.com\/wp-content\/uploads\/2025\/01\/juan-ramon-de-la-fuente-13012025-3-scaled.jpg?resize=300%2C202&amp;ssl=1 300w, https:\/\/i0.wp.com\/lopezdoriga.com\/wp-content\/uploads\/2025\/01\/juan-ramon-de-la-fuente-13012025-3-scaled.jpg?resize=768%2C518&amp;ssl=1 768w, https:\/\/i0.wp.com\/lopezdoriga.com\/wp-content\/uploads\/2025\/01\/juan-ramon-de-la-fuente-13012025-3-scaled.jpg?resize=1536%2C1036&amp;ssl=1 1536w, https:\/\/i0.wp.com\/lopezdoriga.com\/wp-content\/uploads\/2025\/01\/juan-ramon-de-la-fuente-13012025-3-scaled.jpg?resize=2048%2C1381&amp;ssl=1 2048w, https:\/\/i0.wp.com\/lopezdoriga.com\/wp-content\/uploads\/2025\/01\/juan-ramon-de-la-fuente-13012025-3-scaled.jpg?w=1600&amp;ssl=1 1600w, https:\/\/i0.wp.com\/lopezdoriga.com\/wp-content\/uploads\/2025\/01\/juan-ramon-de-la-fuente-13012025-3-scaled.jpg?w=2400&amp;ssl=1 2400w\" alt=\"&quot;Esta es su casa y nunca va a dejar de serlo&quot;, asegura canciller De la Fuente a mexicanos en EE.UU. - juan-ramon-de-la-fuente-13012025-3-1024x690\" width=\"800\" height=\"539\" data-recalc-dims=\"1\" data-src=\"https:\/\/i0.wp.com\/lopezdoriga.com\/wp-content\/uploads\/2025\/01\/juan-ramon-de-la-fuente-13012025-3.jpg?resize=800%2C539&amp;ssl=1\" data-srcset=\"https:\/\/i0.wp.com\/lopezdoriga.com\/wp-content\/uploads\/2025\/01\/juan-ramon-de-la-fuente-13012025-3-scaled.jpg?resize=1024%2C690&amp;ssl=1 1024w, https:\/\/i0.wp.com\/lopezdoriga.com\/wp-content\/uploads\/2025\/01\/juan-ramon-de-la-fuente-13012025-3-scaled.jpg?resize=300%2C202&amp;ssl=1 300w, https:\/\/i0.wp.com\/lopezdoriga.com\/wp-content\/uploads\/2025\/01\/juan-ramon-de-la-fuente-13012025-3-scaled.jpg?resize=768%2C518&amp;ssl=1 768w, https:\/\/i0.wp.com\/lopezdoriga.com\/wp-content\/uploads\/2025\/01\/juan-ramon-de-la-fuente-13012025-3-scaled.jpg?resize=1536%2C1036&amp;ssl=1 1536w, https:\/\/i0.wp.com\/lopezdoriga.com\/wp-content\/uploads\/2025\/01\/juan-ramon-de-la-fuente-13012025-3-scaled.jpg?resize=2048%2C1381&amp;ssl=1 2048w, https:\/\/i0.wp.com\/lopezdoriga.com\/wp-content\/uploads\/2025\/01\/juan-ramon-de-la-fuente-13012025-3-scaled.jpg?w=1600&amp;ssl=1 1600w, https:\/\/i0.wp.com\/lopezdoriga.com\/wp-content\/uploads\/2025\/01\/juan-ramon-de-la-fuente-13012025-3-scaled.jpg?w=2400&amp;ssl=1 2400w\" data-sizes=\"(max-width: 800px) 100vw, 800px\" data-ll-status=\"loaded\" \/><figcaption id=\"figcaption_attachment_1682154\" class=\"wp-caption-text\">Foto de SRE<\/figcaption><\/figure>\n<p><strong>De la Fuente Ram\u00edrez<\/strong>\u00a0resalt\u00f3 que\u00a0<strong>M\u00e9xico<\/strong>\u00a0cuenta con una red consular en\u00a0<strong>Estados Unidos<\/strong>\u00a0que estar\u00e1 a la altura de las circunstancias, de cara al regreso de\u00a0<strong>Donald Trump<\/strong>\u00a0a la\u00a0<strong>Casa Blanca<\/strong>.<\/p>\n<p>El canciller mexicano reiter\u00f3\u00a0<strong>que<\/strong>\u00a0la unidad es fundamental para mandar tambi\u00e9n se\u00f1ales precisas no solamente a\u00a0<strong>Estados Unidos<\/strong>, sino a todo el mundo, y un ejemplo de ello es el contingente de ayuda humanitaria que, por instrucciones de la presidenta del pa\u00eds, apoya al gobierno de\u00a0<strong>California<\/strong>\u00a0a enfrentar los incendios en aquella regi\u00f3n.<\/p>\n<blockquote><p>Ah\u00ed est\u00e1 otra vez M\u00e9xico solidario, generoso, con la cara en alto, diciendo, por supuesto, para eso somos vecinos, para eso somos amigos, para eso somos socios, y vamos a seguir si\u00e9ndolo independientemente de quien piense lo contrario\u201d, manifest\u00f3.<\/p><\/blockquote>\n<p>El secretario de Relaciones Exteriores resalt\u00f3 que la dependencia a su cargo incorpor\u00f3 la importancia del desarrollo econ\u00f3mico como parte de las tareas diplom\u00e1ticas.<\/p>\n<p>En este sentido, el canciller dijo que los Estados Unidos son nuestro principal socio comercial, con quien tenemos una interacci\u00f3n muy compleja e importante en t\u00e9rminos de inversiones y de intercambios comerciales. \u201cEsto no es m\u00e1s que una posibilidad adicional para que en su momento, con la revisi\u00f3n adecuada del tratado comercial, podamos seguir teniendo los tres pa\u00edses beneficios econ\u00f3micos y consolidar a los tres como parte del mercado m\u00e1s importante y din\u00e1mico del planeta\u201d, precis\u00f3.<\/p>\n<p>Con informaci\u00f3n de L\u00f3pez-D\u00f3riga Digital<\/p>\n","protected":false},"excerpt":{"rendered":"<p>De la Fuente Ram\u00edrez resalt\u00f3 que M\u00e9xico cuenta con una red consular en Estados Unidos que estar\u00e1 a la altura de las circunstancias. El\u00a0Gobierno de M\u00e9xico\u00a0har\u00e1 todo lo que est\u00e9 a su alcance para defender y hacer valer los derechos de los connacionales en el extranjero, particularmente en Estados Unidos, asegur\u00f3 este lunes el canciller\u00a0Juan Ram\u00f3n de la Fuente. Al encabezar en\u00a0Hermosillo,\u00a0Sonora, el\u00a0Foro Consultivo para la elaboraci\u00f3n del Plan Nacional de Desarrollo\u00a0(PND) 2025-2030, el titular de la\u00a0Secretar\u00eda de Relaciones Exteriores\u00a0(SRE) resalt\u00f3 que en la defensa de los mexicanos, independientemente de su estatus migratorio o del lugar donde se encuentren, se [&hellip;]<\/p>\n","protected":false},"author":3,"featured_media":112078,"comment_status":"open","ping_status":"open","sticky":false,"template":"","format":"standard","meta":{"_jetpack_newsletter_access":"","_jetpack_dont_email_post_to_subs":false,"_jetpack_newsletter_tier_id":0,"_jetpack_memberships_contains_paywalled_content":false,"_jetpack_feature_clip_id":0,"_jetpack_memberships_contains_paid_content":false,"footnotes":"","jetpack_publicize_message":"","jetpack_publicize_feature_enabled":true,"jetpack_social_post_already_shared":true,"jetpack_social_options":{"image_generator_settings":{"template":"highway","default_image_id":0,"font":"","enabled":false},"version":2},"jetpack_post_was_ever_published":false},"categories":[75,72],"tags":[],"class_list":["post-112077","post","type-post","status-publish","format-standard","has-post-thumbnail","hentry","category-nacional","category-portada","post--single"],"jetpack_publicize_connections":[],"jetpack_featured_media_url":"https:\/\/ovelanalista.com\/wp-content\/uploads\/2025\/01\/juan-ramon-de-la-fuente-13012025-scaled-1.webp","jetpack_sharing_enabled":true,"_links":{"self":[{"href":"https:\/\/ovelanalista.com\/index.php?rest_route=\/wp\/v2\/posts\/112077","targetHints":{"allow":["GET"]}}],"collection":[{"href":"https:\/\/ovelanalista.com\/index.php?rest_route=\/wp\/v2\/posts"}],"about":[{"href":"https:\/\/ovelanalista.com\/index.php?rest_route=\/wp\/v2\/types\/post"}],"author":[{"embeddable":true,"href":"https:\/\/ovelanalista.com\/index.php?rest_route=\/wp\/v2\/users\/3"}],"replies":[{"embeddable":true,"href":"https:\/\/ovelanalista.com\/index.php?rest_route=%2Fwp%2Fv2%2Fcomments&post=112077"}],"version-history":[{"count":1,"href":"https:\/\/ovelanalista.com\/index.php?rest_route=\/wp\/v2\/posts\/112077\/revisions"}],"predecessor-version":[{"id":112079,"href":"https:\/\/ovelanalista.com\/index.php?rest_route=\/wp\/v2\/posts\/112077\/revisions\/112079"}],"wp:featuredmedia":[{"embeddable":true,"href":"https:\/\/ovelanalista.com\/index.php?rest_route=\/wp\/v2\/media\/112078"}],"wp:attachment":[{"href":"https:\/\/ovelanalista.com\/index.php?rest_route=%2Fwp%2Fv2%2Fmedia&parent=112077"}],"wp:term":[{"taxonomy":"category","embeddable":true,"href":"https:\/\/ovelanalista.com\/index.php?rest_route=%2Fwp%2Fv2%2Fcategories&post=112077"},{"taxonomy":"post_tag","embeddable":true,"href":"https:\/\/ovelanalista.com\/index.php?rest_route=%2Fwp%2Fv2%2Ftags&post=112077"}],"curies":[{"name":"wp","href":"https:\/\/api.w.org\/{rel}","templated":true}]}}