{"id":112082,"date":"2025-01-13T19:15:32","date_gmt":"2025-01-14T02:15:32","guid":{"rendered":"https:\/\/ovelanalista.com\/?p=112082"},"modified":"2025-01-13T18:58:44","modified_gmt":"2025-01-14T01:58:44","slug":"empresarios-celebran-plan-mexico-como-impulso-para-la-certidumbre-e-integracion-economica","status":"publish","type":"post","link":"https:\/\/ovelanalista.com\/?p=112082","title":{"rendered":"Empresarios celebran Plan M\u00e9xico como impulso para la certidumbre e integraci\u00f3n econ\u00f3mica"},"content":{"rendered":"<p>\u201cPlan M\u00e9xico es clave para consolidar la posici\u00f3n del pa\u00eds y enfrentar retos internacionales\u201d, seg\u00fan empresarios.<\/p>\n<p>Empresarios y representantes de diversos sectores productivos destacaron la certidumbre y oportunidades que brindar\u00e1 el reciente<strong>\u00a0\u2018Plan M\u00e9xico\u2019,<\/strong>\u00a0presentado este lunes por la presidenta Claudia Sheinbaum, como un eslab\u00f3n para fortalecer la econom\u00eda nacional, fomentar la integraci\u00f3n econ\u00f3mica regional y<strong>\u00a0posicionar a M\u00e9xico entre las diez potencias econ\u00f3micas mundiales.<\/strong><\/p>\n<p>El ambicioso proyecto, que contempla<strong>\u00a0inversiones p\u00fablicas, privadas y mixtas,<\/strong>\u00a0busca acelerar la industrializaci\u00f3n, sustituir importaciones y promover el desarrollo de infraestructura.<\/p>\n<p><strong>El presidente del Consejo Coordinador Empresarial (CCE), Francisco Cervantes,<\/strong>\u00a0subray\u00f3 que el plan est\u00e1 dise\u00f1ado para abordar las principales preocupaciones del sector empresarial y enfatiz\u00f3 que el proyecto abre la puerta a una mayor participaci\u00f3n de la iniciativa privada, eliminando incertidumbres y alineando esfuerzos entre los tres niveles de gobierno.<\/p>\n<p>En una l\u00ednea similar,\u00a0<strong>Rolando Vega, presidente del Consejo Mexicano de Negocios,<\/strong>\u00a0destac\u00f3 que este anuncio es un \u201cplan bien presentado\u201d y asegur\u00f3 que llega en un momento clave previo a la revisi\u00f3n del Tratado entre M\u00e9xico, Estados Unidos y Canad\u00e1\u00a0<strong>(T-MEC).<\/strong><\/p>\n<p>Adem\u00e1s, destac\u00f3 la intenci\u00f3n de impulsar con mayor vigor la sustituci\u00f3n de importaciones y fortalecer las\u00a0<strong>cadenas productivas nacionales,<\/strong>\u00a0al tiempo que destac\u00f3 el esfuerzo que se tiene para lograr posicionar a M\u00e9xico entre las 10 principales potencias econ\u00f3micas globales desde el puesto 12.<\/p>\n<p>Por su parte, el enfoque en la unidad y la colaboraci\u00f3n entre sectores tambi\u00e9n fue resaltado por\u00a0<strong>Claudio X Gonz\u00e1lez, presidente de Kimberly-Clark de M\u00e9xic<\/strong>o, quien se\u00f1al\u00f3 que la clave para el \u00e9xito del plan es la cooperaci\u00f3n entre Gobierno, empresas y sociedad civil.<\/p>\n<p>Destac\u00f3 que el denominado \u2018Plan M\u00e9xico\u2019 es un eslab\u00f3n para consolidar la posici\u00f3n de M\u00e9xico en el mundo, as\u00ed como para hacer frente a los retos internacionales, incluyendo la<strong>\u00a0renegociaci\u00f3n del T-MEC<\/strong>\u00a0y el regreso a la Casa Blanca de Donald Trump, que tomar\u00e1 posesi\u00f3n a su cargo el pr\u00f3ximo lunes.<\/p>\n<blockquote><p>\u201cYo creo que el Plan M\u00e9xico es muy importante como eslab\u00f3n, pero hay otras cosas que son muy necesarias tambi\u00e9n, sobre todo, lograr la unidad entre todos los sectores, jalar todos parejos para adelante, con m\u00ednimo de ret\u00f3rica y de crear divisiones\u201d, afirm\u00f3 el empresario mexicano.<\/p><\/blockquote>\n<p>Asimismo,\u00a0<strong>M\u00e1ximo Vedoya, presidente de la C\u00e1mara de la Industria de Transformaci\u00f3n de Nuevo Le\u00f3n (Caintra),<\/strong>\u00a0calific\u00f3 al proyecto como \u201cextraordinario\u201d y destac\u00f3 su visi\u00f3n clara para la industrializaci\u00f3n de M\u00e9xico.<\/p>\n<blockquote><p>Adem\u00e1s, sostuvo que el plan llega como \u201cuna oportunidad \u00fanica para realmente aumentar el valor agregado de lo que se produce en M\u00e9xico, en dar mejores empleos, en dar mucha mayor movilidad social\u201d, al tiempo que asegur\u00f3 que \u201clas oportunidades son infinitas\u201d con este anuncio.<\/p><\/blockquote>\n<p>En el sector financiero,<strong>\u00a0Julio Carranza, presidente de la Asociaci\u00f3n de Bancos de M\u00e9xico (ABM)<\/strong>, asegur\u00f3 que la banca est\u00e1 preparada para apoyar la implementaci\u00f3n del Plan M\u00e9xico con financiamiento con m\u00e1s de 1.3 billones de pesos listos para otorgar cr\u00e9ditos.<\/p>\n<p><strong>Daniel Becker, vicepresidente de la ABM y presidente del Consejo de Administraci\u00f3n del banco Mifel,<\/strong>\u00a0subray\u00f3 que el plan ofrece una hoja de ruta clara y estrat\u00e9gica para potenciar la colaboraci\u00f3n entre gobierno y sector privado.<\/p>\n<p><strong>Octavio de la Torre, presidente de la Confederaci\u00f3n de C\u00e1maras Nacionales de Comercio, Servicios y turismo (Concanaco Servytur),<\/strong>\u00a0tambi\u00e9n resalt\u00f3 la importancia de participar activamente como sector terciario en la implementaci\u00f3n del Plan M\u00e9xico.<\/p>\n<blockquote><p>El sector de comercio, servicio y turismo es el motor de la econom\u00eda de este pa\u00eds y forma parte esencial de este plan,\u201d declar\u00f3.<\/p><\/blockquote>\n<p>Adem\u00e1s, enfatiz\u00f3 la necesidad de crecimiento sostenido tanto en el comercio interior como en el exterior, para lo cual dijo, se \u201crequieren pol\u00edticas p\u00fablicas responsables, coherentes y enfocadas en que los negocios mexicanos crezcan\u201d.<\/p>\n<p>A pesar del optimismo general, los l\u00edderes empresariales coincidieron en que la implementaci\u00f3n del plan requerir\u00e1 esfuerzo conjunto y atenci\u00f3n a detalles operativos, mientras que aplaudieron las intenciones del Gobierno mexicano de impulsar la digitalizaci\u00f3n en tr\u00e1mites, una de las principales quejas de la iniciativa privada.<\/p>\n<p>Con informaci\u00f3n de EFE.<\/p>\n","protected":false},"excerpt":{"rendered":"<p>\u201cPlan M\u00e9xico es clave para consolidar la posici\u00f3n del pa\u00eds y enfrentar retos internacionales\u201d, seg\u00fan empresarios. Empresarios y representantes de diversos sectores productivos destacaron la certidumbre y oportunidades que brindar\u00e1 el reciente\u00a0\u2018Plan M\u00e9xico\u2019,\u00a0presentado este lunes por la presidenta Claudia Sheinbaum, como un eslab\u00f3n para fortalecer la econom\u00eda nacional, fomentar la integraci\u00f3n econ\u00f3mica regional y\u00a0posicionar a M\u00e9xico entre las diez potencias econ\u00f3micas mundiales. El ambicioso proyecto, que contempla\u00a0inversiones p\u00fablicas, privadas y mixtas,\u00a0busca acelerar la industrializaci\u00f3n, sustituir importaciones y promover el desarrollo de infraestructura. El presidente del Consejo Coordinador Empresarial (CCE), Francisco Cervantes,\u00a0subray\u00f3 que el plan est\u00e1 dise\u00f1ado para abordar las principales [&hellip;]<\/p>\n","protected":false},"author":3,"featured_media":112083,"comment_status":"open","ping_status":"open","sticky":false,"template":"","format":"standard","meta":{"_jetpack_newsletter_access":"","_jetpack_dont_email_post_to_subs":false,"_jetpack_newsletter_tier_id":0,"_jetpack_memberships_contains_paywalled_content":false,"_jetpack_feature_clip_id":0,"_jetpack_memberships_contains_paid_content":false,"footnotes":"","jetpack_publicize_message":"","jetpack_publicize_feature_enabled":true,"jetpack_social_post_already_shared":true,"jetpack_social_options":{"image_generator_settings":{"template":"highway","default_image_id":0,"font":"","enabled":false},"version":2},"jetpack_post_was_ever_published":false},"categories":[75,72],"tags":[],"class_list":["post-112082","post","type-post","status-publish","format-standard","has-post-thumbnail","hentry","category-nacional","category-portada","post--single"],"jetpack_publicize_connections":[],"jetpack_featured_media_url":"https:\/\/ovelanalista.com\/wp-content\/uploads\/2025\/01\/782e67c04581c7e034f647d9f24121c885e078d1w.webp","jetpack_sharing_enabled":true,"_links":{"self":[{"href":"https:\/\/ovelanalista.com\/index.php?rest_route=\/wp\/v2\/posts\/112082","targetHints":{"allow":["GET"]}}],"collection":[{"href":"https:\/\/ovelanalista.com\/index.php?rest_route=\/wp\/v2\/posts"}],"about":[{"href":"https:\/\/ovelanalista.com\/index.php?rest_route=\/wp\/v2\/types\/post"}],"author":[{"embeddable":true,"href":"https:\/\/ovelanalista.com\/index.php?rest_route=\/wp\/v2\/users\/3"}],"replies":[{"embeddable":true,"href":"https:\/\/ovelanalista.com\/index.php?rest_route=%2Fwp%2Fv2%2Fcomments&post=112082"}],"version-history":[{"count":1,"href":"https:\/\/ovelanalista.com\/index.php?rest_route=\/wp\/v2\/posts\/112082\/revisions"}],"predecessor-version":[{"id":112084,"href":"https:\/\/ovelanalista.com\/index.php?rest_route=\/wp\/v2\/posts\/112082\/revisions\/112084"}],"wp:featuredmedia":[{"embeddable":true,"href":"https:\/\/ovelanalista.com\/index.php?rest_route=\/wp\/v2\/media\/112083"}],"wp:attachment":[{"href":"https:\/\/ovelanalista.com\/index.php?rest_route=%2Fwp%2Fv2%2Fmedia&parent=112082"}],"wp:term":[{"taxonomy":"category","embeddable":true,"href":"https:\/\/ovelanalista.com\/index.php?rest_route=%2Fwp%2Fv2%2Fcategories&post=112082"},{"taxonomy":"post_tag","embeddable":true,"href":"https:\/\/ovelanalista.com\/index.php?rest_route=%2Fwp%2Fv2%2Ftags&post=112082"}],"curies":[{"name":"wp","href":"https:\/\/api.w.org\/{rel}","templated":true}]}}