{"id":112085,"date":"2025-01-13T19:30:49","date_gmt":"2025-01-14T02:30:49","guid":{"rendered":"https:\/\/ovelanalista.com\/?p=112085"},"modified":"2025-01-13T19:01:11","modified_gmt":"2025-01-14T02:01:11","slug":"denuncian-ante-el-ine-a-las-ministras-ortiz-esquivel-y-batres-por-actos-anticipados-de-campana","status":"publish","type":"post","link":"https:\/\/ovelanalista.com\/?p=112085","title":{"rendered":"Denuncian ante el INE a las ministras Ortiz, Esquivel y Batres por actos anticipados de campa\u00f1a"},"content":{"rendered":"<p>La asociaci\u00f3n Defensorxs acus\u00f3 a las tres ministras de violar, de manera sistem\u00e1tica, la ley electoral rumbo a los comicios judiciales.<\/p>\n<p>Las ministras\u00a0<strong>Loretta<\/strong>\u00a0<strong>Ortiz<\/strong>,\u00a0<strong>Yasm\u00edn Esquivel<\/strong>\u00a0y\u00a0<strong>Lenia Batres<\/strong>\u00a0fueron\u00a0<strong>denunciadas<\/strong>\u00a0ante el\u00a0<strong>Instituto Nacional Electoral<\/strong>\u00a0(INE) por presuntos actos anticipados de campa\u00f1a rumbo a las elecciones judiciales.<\/p>\n<blockquote class=\"twitter-tweet\" data-width=\"550\" data-dnt=\"true\">\n<p lang=\"es\" dir=\"ltr\">\ud83d\uddf3\ufe0f La organizaci\u00f3n Defensorxs denuncia a las ministras Lenia Batres, Yasm\u00edn Esquivel y Loretta Ortiz por violar la ley electoral<\/p>\n<p>\u201cHan hecho un llamado expl\u00edcito al voto\u201d:<a href=\"https:\/\/twitter.com\/MiguelMezaC?ref_src=twsrc%5Etfw\">@MiguelMezaC<\/a> <a href=\"https:\/\/t.co\/bAEt3cPwkp\">pic.twitter.com\/bAEt3cPwkp<\/a><\/p>\n<p>&mdash; Andrea Meraz (@merazr) <a href=\"https:\/\/twitter.com\/merazr\/status\/1878879203120357392?ref_src=twsrc%5Etfw\">January 13, 2025<\/a><\/p><\/blockquote>\n<p><script async src=\"https:\/\/platform.twitter.com\/widgets.js\" charset=\"utf-8\"><\/script><\/p>\n<p>La asociaci\u00f3n Defensorxs acus\u00f3, ante la Oficial\u00eda de Partes, a las tres ministras de violar de manera sistem\u00e1tica la ley electoral.<\/p>\n<blockquote><p>Han realizado cientos de publicaciones donde promueven su perfil, sus propuestas de campa\u00f1a y utilizan incluso los colores de Morena para promover su imagen\u201d, dijo Miguel Alfonso Meza, presidente de la asociaci\u00f3n.<\/p><\/blockquote>\n<p>En el caso de las ministras\u00a0<strong>Loretta Ortiz<\/strong>\u00a0y\u00a0<strong>Yasm\u00edn Esquivel<\/strong>\u00a0se detectaron\u00a0<strong>llamados expresos al voto<\/strong>\u00a0mediante redes sociales, entrevistas y en foros masivos, algunos de los cuales se han hecho junto a gobernadores de Morena y su Instituto de Formaci\u00f3n Pol\u00edtica.<\/p>\n<blockquote><p>Existe el alto riesgo que est\u00e9n violando el principio de imparcialidad en el ejercicio de los recursos que est\u00e1n a su cargo, porque han utilizado a su personal para promover sus publicaciones. Han viajado en todo el pa\u00eds, podr\u00edan haber utilizado vi\u00e1ticos de sus oficinas para esto, tambi\u00e9n han utilizado recintos p\u00fablicos para dar sus conferencias y han dado entrevistas para promocionar sus candidaturas en horario laboral\u201d, acus\u00f3 Defensorxs.<\/p><\/blockquote>\n<p>La asociaci\u00f3n pidi\u00f3 al INE que dicte<strong>\u00a0medidas cautelares<\/strong>\u00a0contra las ministras, a fin de que eliminen publicaciones en redes sociales y detengan sus actos de campa\u00f1a.<\/p>\n<p>El objetivo, se\u00f1al\u00f3, es que las\u00a0<strong>ministras compitan<\/strong>\u00a0en\u00a0<strong>igualdad de condiciones<\/strong>\u00a0con el resto de candidatos.<\/p>\n<p>En caso de mantener los actos anticipados, se exige el\u00a0<strong>retiro de la candidatura<\/strong>.<\/p>\n<blockquote><p>Buscamos que la ilegalidad no se convierta en la ley, es lo que las ministras han estado intentando normalizar, y son las principales personas del pa\u00eds que deber\u00edan velar por el cumplimiento de nuestra constituci\u00f3n y las leyes, y no lo est\u00e1n haciendo, si ellas no lo cumplen es dif\u00edcil que otras autoridades cumplan\u201d, concluy\u00f3 Miguel Alfonso Meza.<\/p><\/blockquote>\n<p>Con informaci\u00f3n de El Financiero<\/p>\n","protected":false},"excerpt":{"rendered":"<p>La asociaci\u00f3n Defensorxs acus\u00f3 a las tres ministras de violar, de manera sistem\u00e1tica, la ley electoral rumbo a los comicios judiciales. Las ministras\u00a0Loretta\u00a0Ortiz,\u00a0Yasm\u00edn Esquivel\u00a0y\u00a0Lenia Batres\u00a0fueron\u00a0denunciadas\u00a0ante el\u00a0Instituto Nacional Electoral\u00a0(INE) por presuntos actos anticipados de campa\u00f1a rumbo a las elecciones judiciales. \ud83d\uddf3\ufe0f La organizaci\u00f3n Defensorxs denuncia a las ministras Lenia Batres, Yasm\u00edn Esquivel y Loretta Ortiz por violar la ley electoral \u201cHan hecho un llamado expl\u00edcito al voto\u201d:@MiguelMezaC pic.twitter.com\/bAEt3cPwkp &mdash; Andrea Meraz (@merazr) January 13, 2025 La asociaci\u00f3n Defensorxs acus\u00f3, ante la Oficial\u00eda de Partes, a las tres ministras de violar de manera sistem\u00e1tica la ley electoral. Han realizado cientos de publicaciones [&hellip;]<\/p>\n","protected":false},"author":3,"featured_media":112086,"comment_status":"open","ping_status":"open","sticky":false,"template":"","format":"standard","meta":{"_jetpack_newsletter_access":"","_jetpack_dont_email_post_to_subs":false,"_jetpack_newsletter_tier_id":0,"_jetpack_memberships_contains_paywalled_content":false,"_jetpack_feature_clip_id":0,"_jetpack_memberships_contains_paid_content":false,"footnotes":"","jetpack_publicize_message":"","jetpack_publicize_feature_enabled":true,"jetpack_social_post_already_shared":true,"jetpack_social_options":{"image_generator_settings":{"template":"highway","default_image_id":0,"font":"","enabled":false},"version":2},"jetpack_post_was_ever_published":false},"categories":[75,72],"tags":[],"class_list":["post-112085","post","type-post","status-publish","format-standard","has-post-thumbnail","hentry","category-nacional","category-portada","post--single"],"jetpack_publicize_connections":[],"jetpack_featured_media_url":"https:\/\/ovelanalista.com\/wp-content\/uploads\/2025\/01\/loretta-ortiz-yasmin-esquivel-y-lenia-batres.webp","jetpack_sharing_enabled":true,"_links":{"self":[{"href":"https:\/\/ovelanalista.com\/index.php?rest_route=\/wp\/v2\/posts\/112085","targetHints":{"allow":["GET"]}}],"collection":[{"href":"https:\/\/ovelanalista.com\/index.php?rest_route=\/wp\/v2\/posts"}],"about":[{"href":"https:\/\/ovelanalista.com\/index.php?rest_route=\/wp\/v2\/types\/post"}],"author":[{"embeddable":true,"href":"https:\/\/ovelanalista.com\/index.php?rest_route=\/wp\/v2\/users\/3"}],"replies":[{"embeddable":true,"href":"https:\/\/ovelanalista.com\/index.php?rest_route=%2Fwp%2Fv2%2Fcomments&post=112085"}],"version-history":[{"count":1,"href":"https:\/\/ovelanalista.com\/index.php?rest_route=\/wp\/v2\/posts\/112085\/revisions"}],"predecessor-version":[{"id":112088,"href":"https:\/\/ovelanalista.com\/index.php?rest_route=\/wp\/v2\/posts\/112085\/revisions\/112088"}],"wp:featuredmedia":[{"embeddable":true,"href":"https:\/\/ovelanalista.com\/index.php?rest_route=\/wp\/v2\/media\/112086"}],"wp:attachment":[{"href":"https:\/\/ovelanalista.com\/index.php?rest_route=%2Fwp%2Fv2%2Fmedia&parent=112085"}],"wp:term":[{"taxonomy":"category","embeddable":true,"href":"https:\/\/ovelanalista.com\/index.php?rest_route=%2Fwp%2Fv2%2Fcategories&post=112085"},{"taxonomy":"post_tag","embeddable":true,"href":"https:\/\/ovelanalista.com\/index.php?rest_route=%2Fwp%2Fv2%2Ftags&post=112085"}],"curies":[{"name":"wp","href":"https:\/\/api.w.org\/{rel}","templated":true}]}}